{"id":8032,"date":"2025-04-18T14:24:41","date_gmt":"2025-04-18T17:24:41","guid":{"rendered":"https:\/\/grandepremio.com\/es\/2025\/04\/18\/bortoleto-sufre-fuga-combustible-fuera-fp2-arabia-saudita\/"},"modified":"2025-04-18T14:24:44","modified_gmt":"2025-04-18T17:24:44","slug":"bortoleto-sufre-fuga-combustible-fuera-fp2-arabia-saudita","status":"publish","type":"post","link":"https:\/\/grandepremio.com\/es\/f1\/bortoleto-sufre-fuga-combustible-fuera-fp2-arabia-saudita\/","title":{"rendered":"Bortoleto sufre una fuga de combustible y se queda fuera de la FP2 en Arabia Saudita"},"content":{"rendered":"\n<p class=\"wp-block-paragraph\">El equipo <strong>Sauber <\/strong>inform\u00f3 minutos antes del comienzo de la FP2 del <strong>GP de Arabia Saudita<\/strong> que no pudieron solucionar una fuga de combustible en el auto de<strong> Gabriel Bortoleto<\/strong>, por lo que el piloto brasile\u00f1o se pierde la tanda por completo y no podr\u00e1 girar hasta ma\u00f1ana, en la FP3.\u00a0<\/p>\n\n\n\n<p class=\"wp-block-paragraph\">\ud83d\udfe5 <strong><em>\u00a1Todas las novedades te esperan en el canal de <\/em><\/strong><a href=\"https:\/\/www.youtube.com\/@GrandePremioES\"><em>YouTube<\/em><\/a><strong><em> de Grande Pr\u00eamio en Espa\u00f1ol!<\/em><\/strong> \ud83d\udfe8<\/p>\n\n\n\n<p class=\"wp-block-paragraph\">De acuerdo con la informaci\u00f3n del equipo con base en <strong>Hinwil<\/strong>, la fuga fue descubierta despu\u00e9s de la primera sesi\u00f3n de la FP1 y el equipo no pudo solucionar el problema antes del inicio de la segunda sesi\u00f3n de entrenamientos. En la tanda matinal, Gabriel fue 20\u00ba y \u00faltimo, con un mejor tiempo de 1min31s038, 1s799 m\u00e1s lento que el l\u00edder, <strong>Pierre Gasly<\/strong>. Bortoleto ha dado 22 vueltas en total.<\/p>\n\n\n\n<p class=\"wp-block-paragraph\">Gabriel espera ahora el trabajo de Sauber para volver a la acci\u00f3n en la FP3, que tendr\u00e1 lugar el s\u00e1bado por la ma\u00f1ana. Ser\u00e1 la \u00faltima sesi\u00f3n antes de la clasificaci\u00f3n, que est\u00e1 programada para el mismo d\u00eda a partir de las 14.00 horas, hora de Brasilia y Buenos Aires.&nbsp;<\/p>\n\n\n\n<figure class=\"wp-block-embed is-type-video is-provider-youtube wp-block-embed-youtube wp-embed-aspect-16-9 wp-has-aspect-ratio\"><div class=\"wp-block-embed__wrapper\">\n<iframe loading=\"lazy\" title=\"GP DE ARABIA SAUDITA 2025 - LA PREVIA\" width=\"500\" height=\"281\" src=\"https:\/\/www.youtube.com\/embed\/OOpPxyzcdsk?feature=oembed\" frameborder=\"0\" allow=\"accelerometer; autoplay; clipboard-write; encrypted-media; gyroscope; picture-in-picture; web-share\" referrerpolicy=\"strict-origin-when-cross-origin\" allowfullscreen><\/iframe>\n<\/div><\/figure>\n\n\n\n<p class=\"wp-block-paragraph\">Hasta el momento, el actual campe\u00f3n de la <strong>F\u00f3rmula 2<\/strong> no ha sumado ning\u00fan punto en la F1 2025 y su mejor resultado fue el 14\u00b0 puesto que obtuvo en el <strong>GP de China<\/strong>. En el evento de la F2 del a\u00f1o pasado, el brasile\u00f1o no sum\u00f3 ning\u00fan punto.\u00a0<\/p>\n\n\n\n<p class=\"wp-block-paragraph\">\u23e9 <strong><em>\u00a1Seguinos en redes por <\/em><\/strong><a href=\"https:\/\/twitter.com\/grandepremioES\"><em>Twitter <\/em><\/a><strong><em>e <\/em><\/strong><a href=\"https:\/\/www.instagram.com\/grandepremioes\/\"><em>Instagram!<\/em><em><br><\/em><\/a>\u23e9 <strong><em>Adem\u00e1s, tenemos nuestro <\/em><\/strong><a href=\"https:\/\/whatsapp.com\/channel\/0029VaDZ5zb0gcfDxuwxBM05\"><em>canal de Whatsapp<\/em><\/a><strong><em> con toda la informaci\u00f3n al instante<\/em><\/strong> \ud83c\udfc1<\/p>\n\n\n\n<p class=\"wp-block-paragraph\">La F\u00f3rmula 1 completar\u00e1 la FP2 este viernes y retomar\u00e1 sus actividades ma\u00f1ana en la FP3, desde las 10:30 de la ma\u00f1ana, hora de Brasilia y Buenos Aires, mientras que la clasificaci\u00f3n ser\u00e1 a las 14:00. Cobertura de GRANDE PREMIO en Espa\u00f1ol.<\/p>\n","protected":false},"excerpt":{"rendered":"<p>Sauber no pudo corregir una fuga de combustible y Gabriel Bortoleto se qued\u00f3 fuera de la segunda sesi\u00f3n de entrenamientos libres de la F\u00f3rmula 1 en el circuito de Jeddah, ya que les tomar\u00e1 bastante tiempo solucionar el problema en el auto. <\/p>\n","protected":false},"author":0,"featured_media":1010324165,"comment_status":"closed","ping_status":"closed","sticky":false,"template":"","format":"standard","meta":{"42wp_featured_image_caption":"","42wp_featured_image_credits":"","42wp_featured_video":"","42wp_featured_image_hidden":false,"42wp_authors_list":[],"footnotes":""},"categories":[5],"tags":[211,4071,1505,1728,5483,427,497],"42wp_author":[14237],"class_list":["post-8032","post","type-post","status-publish","format-standard","has-post-thumbnail","hentry","category-f1","tag-formula-2","tag-gabriel-bortoleto","tag-gp-de-arabia-saudita","tag-gp-de-china","tag-hinwil","tag-pierre-gasly","tag-sauber","42wp_author-gabriel-garcia"],"_links":{"self":[{"href":"https:\/\/grandepremio.com\/es\/wp-json\/wp\/v2\/posts\/8032","targetHints":{"allow":["GET"]}}],"collection":[{"href":"https:\/\/grandepremio.com\/es\/wp-json\/wp\/v2\/posts"}],"about":[{"href":"https:\/\/grandepremio.com\/es\/wp-json\/wp\/v2\/types\/post"}],"replies":[{"embeddable":true,"href":"https:\/\/grandepremio.com\/es\/wp-json\/wp\/v2\/comments?post=8032"}],"version-history":[{"count":0,"href":"https:\/\/grandepremio.com\/es\/wp-json\/wp\/v2\/posts\/8032\/revisions"}],"wp:featuredmedia":[{"embeddable":true,"href":"https:\/\/grandepremio.com\/es\/wp-json\/wp\/v2\/media\/1010324165"}],"wp:attachment":[{"href":"https:\/\/grandepremio.com\/es\/wp-json\/wp\/v2\/media?parent=8032"}],"wp:term":[{"taxonomy":"category","embeddable":true,"href":"https:\/\/grandepremio.com\/es\/wp-json\/wp\/v2\/categories?post=8032"},{"taxonomy":"post_tag","embeddable":true,"href":"https:\/\/grandepremio.com\/es\/wp-json\/wp\/v2\/tags?post=8032"},{"taxonomy":"42wp_author","embeddable":true,"href":"https:\/\/grandepremio.com\/es\/wp-json\/wp\/v2\/42wp_author?post=8032"}],"curies":[{"name":"wp","href":"https:\/\/api.w.org\/{rel}","templated":true}]}}