{"id":8036,"date":"2025-04-18T12:57:36","date_gmt":"2025-04-18T15:57:36","guid":{"rendered":"https:\/\/grandepremio.com\/es\/2025\/04\/18\/honda-regreso-aleix-espargaro-invitado-gp-espana-motogp-2025\/"},"modified":"2025-04-18T12:58:29","modified_gmt":"2025-04-18T15:58:29","slug":"honda-regreso-aleix-espargaro-invitado-gp-espana-motogp-2025","status":"publish","type":"post","link":"https:\/\/grandepremio.com\/es\/motogp\/honda-regreso-aleix-espargaro-invitado-gp-espana-motogp-2025\/","title":{"rendered":"Honda anuncia regreso de Aleix Espargar\u00f3 como invitado en el GP de Espa\u00f1a"},"content":{"rendered":"\n<p class=\"wp-block-paragraph\"><strong>Aleix Espargar\u00f3<\/strong> ya tiene fecha para su regreso a la parrilla de <strong>MotoGP. Honda <\/strong>anunci\u00f3 el viernes que el #41 correr\u00e1 en el <strong>GP de Espa\u00f1a<\/strong> del pr\u00f3ximo fin de semana como piloto wild-card.<\/p>\n\n\n\n<p class=\"wp-block-paragraph\">\ud83d\udfe5&nbsp;<strong><em>\u00a1Todas las novedades te esperan en el canal de&nbsp;<\/em><\/strong><a href=\"https:\/\/www.youtube.com\/@GrandePremioES\"><em>YouTube<\/em><\/a><strong><em>&nbsp;de Grande Pr\u00eamio en Espa\u00f1ol!<\/em><\/strong>&nbsp;\ud83d\udfe8<\/p>\n\n\n\n<p class=\"wp-block-paragraph\">El ex piloto de <strong>Aprilia <\/strong>se retir\u00f3 de <strong>MotoGP <\/strong>a finales del a\u00f1o pasado, pero firm\u00f3 con <strong>HRC <\/strong>para ser piloto probador y ayudar a desarrollar la <strong>RC213V<\/strong>. Tras una serie de pruebas en <strong>Valencia<\/strong>, el fabricante japon\u00e9s confirm\u00f3 la participaci\u00f3n del hermano de <strong>Pol <\/strong>en <strong>Jerez de la Frontera<\/strong> entre el 25 y el 27 de abril.<\/p>\n\n\n\n<p class=\"wp-block-paragraph\">\u00abExtra\u00f1o la sensaci\u00f3n de correr, as\u00ed que vamos\u00bb, escribi\u00f3 Aleix en su antigua cuenta de Twitter. \u00abNos vemos en <strong>Jerez<\/strong>\u00bb, a\u00f1adi\u00f3.<\/p>\n\n\n\n<p class=\"wp-block-paragraph\">Durante toda la semana, <strong>Honda <\/strong>estuvo en el <strong>Circuito Ricardo Tormo<\/strong> en compa\u00f1\u00eda de <strong>Yamaha <\/strong>para realizar una serie de pruebas privadas, en las que s\u00f3lo estuvieron los pilotos probadores de ambas marcas.<\/p>\n\n\n\n<p class=\"wp-block-paragraph\">\u23e9\u00a0<strong><em>\u00a1Seguinos en redes por\u00a0<\/em><\/strong><a href=\"https:\/\/twitter.com\/grandepremioES\"><em>Twitter\u00a0<\/em><\/a><strong><em>e\u00a0<\/em><\/strong><a href=\"https:\/\/www.instagram.com\/grandepremioes\/\"><em>Instagram!<\/em><\/a><br>\u23e9\u00a0<strong><em>Adem\u00e1s, tenemos nuestro\u00a0<\/em><\/strong><a href=\"https:\/\/whatsapp.com\/channel\/0029VaDZ5zb0gcfDxuwxBM05\"><em>canal de Whatsapp<\/em><\/a><strong><em>\u00a0con toda la informaci\u00f3n al instante<\/em><\/strong>\u00a0\ud83c\udfc1<\/p>\n\n\n\n<figure class=\"wp-block-image size-full\"><img decoding=\"async\" src=\"https:\/\/grandepremio.com\/es\/wp-content\/uploads\/..\/gp_br_uploads\/2024\/11\/AR_SolidarityGP_Friday_5-scaled.jpg\" alt=\"\" class=\"wp-image-300543\"\/><figcaption class=\"wp-element-caption\">Aleix Espargar\u00f3 se retir\u00f3 de MotoGP en 2024, aunque fich\u00f3 como piloto de pruebas de Honda (Foto: Aprilia)<\/figcaption><\/figure>\n\n\n\n<p class=\"wp-block-paragraph\"><strong>Aleix<\/strong> y <strong>Stefan Bradl <\/strong>estuvieron en pista para la marca japonesa. Adem\u00e1s, el tambi\u00e9n tester del fabricante de los tres diapasones, <strong>Cal Crutchlow<\/strong>, particip\u00f3 en la prueba, volviendo a la acci\u00f3n tras una baja por lesi\u00f3n. Tambi\u00e9n estuvo presente <strong>Augusto Fern\u00e1ndez<\/strong>, que reemplaza al tambi\u00e9n lesionado <strong>Miguel Oliveira.<\/strong><\/p>\n\n\n\n<p class=\"wp-block-paragraph\"><strong><a href=\"https:\/\/www.grandepremio.com\/br\/motogp\/\" target=\"_blank\" rel=\"noreferrer noopener\">MotoGP<\/a>&nbsp;volver\u00e1 a la acci\u00f3n entre el 25 y el 27 de abril, con el GP de Espa\u00f1a en Jerez, quinta prueba de la temporada 2025. GRANDE PR\u00caMIO en Espa\u00f1ol cubrir\u00e1 de manera completa del evento.<\/strong><\/p>\n\n\n\n<figure class=\"wp-block-embed is-type-video is-provider-youtube wp-block-embed-youtube wp-embed-aspect-16-9 wp-has-aspect-ratio\"><div class=\"wp-block-embed__wrapper\">\n<iframe loading=\"lazy\" title=\"GP DE ARABIA SAUDITA 2025 - LA PREVIA\" width=\"500\" height=\"281\" src=\"https:\/\/www.youtube.com\/embed\/OOpPxyzcdsk?feature=oembed\" frameborder=\"0\" allow=\"accelerometer; autoplay; clipboard-write; encrypted-media; gyroscope; picture-in-picture; web-share\" referrerpolicy=\"strict-origin-when-cross-origin\" allowfullscreen><\/iframe>\n<\/div><\/figure>\n","protected":false},"excerpt":{"rendered":"<p>El piloto de pruebas de Honda, Aleix Espargar\u00f3, correr\u00e1 en el GP de Espa\u00f1a del pr\u00f3ximo fin de semana como wild-card. El catal\u00e1n debutar\u00e1 en pista con la RC213V<\/p>\n","protected":false},"author":0,"featured_media":1010324144,"comment_status":"closed","ping_status":"closed","sticky":false,"template":"","format":"standard","meta":{"42wp_featured_image_caption":"","42wp_featured_image_credits":"","42wp_featured_video":"","42wp_featured_image_hidden":false,"42wp_authors_list":[],"footnotes":""},"categories":[8],"tags":[1377,1488,221,1293,9621,9622],"42wp_author":[14239],"class_list":["post-8036","post","type-post","status-publish","format-standard","has-post-thumbnail","hentry","category-motogp","tag-aleix-espargaro","tag-grande-premio","tag-honda","tag-motogp","tag-motogp-2025","tag-temporada-2025-motogp","42wp_author-jp-otrosky"],"_links":{"self":[{"href":"https:\/\/grandepremio.com\/es\/wp-json\/wp\/v2\/posts\/8036","targetHints":{"allow":["GET"]}}],"collection":[{"href":"https:\/\/grandepremio.com\/es\/wp-json\/wp\/v2\/posts"}],"about":[{"href":"https:\/\/grandepremio.com\/es\/wp-json\/wp\/v2\/types\/post"}],"replies":[{"embeddable":true,"href":"https:\/\/grandepremio.com\/es\/wp-json\/wp\/v2\/comments?post=8036"}],"version-history":[{"count":0,"href":"https:\/\/grandepremio.com\/es\/wp-json\/wp\/v2\/posts\/8036\/revisions"}],"wp:featuredmedia":[{"embeddable":true,"href":"https:\/\/grandepremio.com\/es\/wp-json\/wp\/v2\/media\/1010324144"}],"wp:attachment":[{"href":"https:\/\/grandepremio.com\/es\/wp-json\/wp\/v2\/media?parent=8036"}],"wp:term":[{"taxonomy":"category","embeddable":true,"href":"https:\/\/grandepremio.com\/es\/wp-json\/wp\/v2\/categories?post=8036"},{"taxonomy":"post_tag","embeddable":true,"href":"https:\/\/grandepremio.com\/es\/wp-json\/wp\/v2\/tags?post=8036"},{"taxonomy":"42wp_author","embeddable":true,"href":"https:\/\/grandepremio.com\/es\/wp-json\/wp\/v2\/42wp_author?post=8036"}],"curies":[{"name":"wp","href":"https:\/\/api.w.org\/{rel}","templated":true}]}}