{"id":8098,"date":"2025-04-15T10:07:59","date_gmt":"2025-04-15T13:07:59","guid":{"rendered":"https:\/\/grandepremio.com\/es\/2025\/04\/15\/ferrari-responde-dice-caida-f1-no-se-debe-cambio-concepto-sf25\/"},"modified":"2025-04-15T10:08:05","modified_gmt":"2025-04-15T13:08:05","slug":"ferrari-responde-dice-caida-f1-no-se-debe-cambio-concepto-sf25","status":"publish","type":"post","link":"https:\/\/grandepremio.com\/es\/f1\/ferrari-responde-dice-caida-f1-no-se-debe-cambio-concepto-sf25\/","title":{"rendered":"Ferrari responde y dice que la ca\u00edda en F1 \u00abno se debe al cambio de concepto\u00bb de la SF-25"},"content":{"rendered":"\n<p class=\"wp-block-paragraph\">Despu\u00e9s de luchar por el <strong>Campeonato Mundial de Constructores<\/strong> hasta la \u00faltima carrera de <strong>2024<\/strong>, <strong>Ferrari<\/strong> lleg\u00f3 a <strong>2025<\/strong> rodeado de expectativas. El inicio de temporada, sin embargo, ha estado lleno de decepciones y el equipo ni siquiera amenaza a <strong>McLaren<\/strong> y <strong>Mercedes<\/strong>. El jefe, <strong>Fr\u00e9d\u00e9ric Vasseur<\/strong>, reconoci\u00f3 que el coche tiene algunos problemas, pero descart\u00f3 la posibilidad de que sean resultado del cambio en el concepto del coche.<\/p>\n\n\n\n<p class=\"wp-block-paragraph\">Ferrari tuvo una campa\u00f1a s\u00f3lida en F1 2024. En total, hubo cinco victorias, tres con <strong>Charles Leclerc<\/strong> y dos con <strong>Carlos Sainz<\/strong>. Adem\u00e1s, aunque enfrent\u00f3 algunos problemas en medio de la disputa, el equipo dirigido por Vasseur recuper\u00f3 su impulso y rendimiento y se posicion\u00f3 como el m\u00e1ximo rival de McLaren en la lucha por el Campeonato Mundial de Constructores. Sin embargo, perdi\u00f3 la disputa por 14 puntos.<\/p>\n\n\n\n<p class=\"wp-block-paragraph\">Para 2025, adem\u00e1s de contar con la experiencia de <strong>Lewis Hamilton<\/strong>, Vasseur inform\u00f3 que el concepto de la <strong>SF-25<\/strong> ser\u00eda considerablemente diferente al de su predecesor, la <strong>SF-24<\/strong>. Por eso hab\u00eda grandes expectativas para los italianos. Sin embargo, las primeras cuatro carreras fueron una decepci\u00f3n, siendo lo m\u00e1s destacado la victoria del #44 en la sprint en <strong>China<\/strong>.<\/p>\n\n\n\n<p class=\"wp-block-paragraph\">\ud83d\udfe5&nbsp;<strong><em>\u00a1Todas las novedades te esperan en el canal de&nbsp;<\/em><\/strong><a href=\"https:\/\/www.youtube.com\/@GrandePremioES\"><em>YouTube<\/em><\/a><strong><em>&nbsp;de Grande Pr\u00eamio en Espa\u00f1ol!<\/em><\/strong>&nbsp;\ud83d\udfe8<\/p>\n\n\n\n<figure class=\"wp-block-image size-large\"><img decoding=\"async\" src=\"https:\/\/grandepremio.com\/es\/wp-content\/uploads\/2025\/04\/GoQ0mSBXMAAaNtQ-edited-1024x683.jpeg\" alt=\"\" class=\"wp-image-322822\"\/><figcaption class=\"wp-element-caption\">Fr\u00e9d\u00e9ric Vasseur neg\u00f3 que la baja del rendimiento en Ferrari sea por cambio de concepto de la SF-25. (Foto: Ferrari)<\/figcaption><\/figure>\n\n\n\n<p class=\"wp-block-paragraph\">\u23e9\u00a0<strong><em>\u00a1Seguinos en redes por\u00a0<\/em><\/strong><a href=\"https:\/\/twitter.com\/grandepremioES\"><em>Twitter\u00a0<\/em><\/a><strong><em>e\u00a0<\/em><\/strong><a href=\"https:\/\/www.instagram.com\/grandepremioes\/\"><em>Instagram!<\/em><\/a><br>\u23e9\u00a0<strong><em>Adem\u00e1s, tenemos nuestro\u00a0<\/em><\/strong><a href=\"https:\/\/whatsapp.com\/channel\/0029VaDZ5zb0gcfDxuwxBM05\"><em>canal de Whatsapp<\/em><\/a><strong><em>\u00a0con toda la informaci\u00f3n al instante<\/em><\/strong>\u00a0\ud83c\udfc1<\/p>\n\n\n\n<p class=\"wp-block-paragraph\">Vasseur, sin embargo, neg\u00f3 que la ca\u00edda en el rendimiento de Ferrari se deba al cambio de filosof\u00eda de la SF-25 y destac\u00f3 que, por momentos, el nuevo coche muestra potencial para pelear entre los l\u00edderes.<\/p>\n\n\n\n<p class=\"wp-block-paragraph\">\u00abNo tiene nada que ver con el cambio de concepto, ni es solo una diferencia en la carga aerodin\u00e1mica. Es evidente que el coche se comporta de forma diferente en cada sesi\u00f3n. A veces luchamos con McLaren, como en la sprint de China y en el segundo stint del <strong>GP de Bahr\u00e9in<\/strong>. Pero en general, estamos perdiendo entre 0s2 y 0s4\u00bb, se\u00f1al\u00f3.<\/p>\n\n\n\n<p class=\"wp-block-paragraph\">\u00abEso significa que tenemos que seguir trabajando, y la carga aerodin\u00e1mica es un componente de ello. Pero si analizamos la situaci\u00f3n, tambi\u00e9n son mucho mejores cuando las condiciones son un poco m\u00e1s extremas, cuando lo importante es la gesti\u00f3n de los neum\u00e1ticos\u00bb, concluy\u00f3.<\/p>\n\n\n\n<p class=\"wp-block-paragraph\">La&nbsp;<strong><a href=\"https:\/\/es.grandepremio.com\/f1\/\" target=\"_blank\" rel=\"noreferrer noopener\"><\/a><a href=\"https:\/\/es.grandepremio.com\/f1\/\" target=\"_blank\" rel=\"noreferrer noopener\"><\/a><a href=\"https:\/\/es.grandepremio.com\/f1\/\" target=\"_blank\" rel=\"noreferrer noopener\">F\u00f3rmula 1<\/a><\/strong>&nbsp;regresa del 18 al 20 de abril en&nbsp;<strong>Jeddah<\/strong>, sede del&nbsp;<strong>Gran Premio de Arabia Saudita<\/strong>, quinta prueba de la&nbsp;<strong>temporada 2025<\/strong>.<\/p>\n\n\n\n<figure class=\"wp-block-embed is-type-video is-provider-youtube wp-block-embed-youtube wp-embed-aspect-16-9 wp-has-aspect-ratio\"><div class=\"wp-block-embed__wrapper\">\n<iframe loading=\"lazy\" title=\"PIASTRI DOMINA EN BAHR\u00c9IN, \u00bfY REESCRIBE LAS &amp;apos;PAPAYA RULES&amp;apos;? | Briefing\" width=\"500\" height=\"281\" src=\"https:\/\/www.youtube.com\/embed\/CLdUjpCUFmw?feature=oembed\" frameborder=\"0\" allow=\"accelerometer; autoplay; clipboard-write; encrypted-media; gyroscope; picture-in-picture; web-share\" referrerpolicy=\"strict-origin-when-cross-origin\" allowfullscreen><\/iframe>\n<\/div><\/figure>\n","protected":false},"excerpt":{"rendered":"<p>El jefe de Ferrari, Fr\u00e9d\u00e9ric Vasseur, ha reconocido que el equipo se est\u00e1 quedando corto en 2025, pero ha negado que la falta de rendimiento se deba al cambio de concepto de la SF-25.<\/p>\n","protected":false},"author":0,"featured_media":1010323754,"comment_status":"closed","ping_status":"closed","sticky":false,"template":"","format":"standard","meta":{"42wp_featured_image_caption":"","42wp_featured_image_credits":"","42wp_featured_video":"","42wp_featured_image_hidden":false,"42wp_authors_list":[],"footnotes":""},"categories":[5],"tags":[247,1710,185,179,1892,1096,199,1095,11776],"42wp_author":[14240],"class_list":["post-8098","post","type-post","status-publish","format-standard","has-post-thumbnail","hentry","category-f1","tag-charles-leclerc","tag-f1-2025","tag-ferrari","tag-formula-1","tag-frederic-vasseur-3","tag-gp-de-bahrein","tag-lewis-hamilton","tag-sakhir","tag-sf-25","42wp_author-ignacio-bogado"],"_links":{"self":[{"href":"https:\/\/grandepremio.com\/es\/wp-json\/wp\/v2\/posts\/8098","targetHints":{"allow":["GET"]}}],"collection":[{"href":"https:\/\/grandepremio.com\/es\/wp-json\/wp\/v2\/posts"}],"about":[{"href":"https:\/\/grandepremio.com\/es\/wp-json\/wp\/v2\/types\/post"}],"replies":[{"embeddable":true,"href":"https:\/\/grandepremio.com\/es\/wp-json\/wp\/v2\/comments?post=8098"}],"version-history":[{"count":0,"href":"https:\/\/grandepremio.com\/es\/wp-json\/wp\/v2\/posts\/8098\/revisions"}],"wp:featuredmedia":[{"embeddable":true,"href":"https:\/\/grandepremio.com\/es\/wp-json\/wp\/v2\/media\/1010323754"}],"wp:attachment":[{"href":"https:\/\/grandepremio.com\/es\/wp-json\/wp\/v2\/media?parent=8098"}],"wp:term":[{"taxonomy":"category","embeddable":true,"href":"https:\/\/grandepremio.com\/es\/wp-json\/wp\/v2\/categories?post=8098"},{"taxonomy":"post_tag","embeddable":true,"href":"https:\/\/grandepremio.com\/es\/wp-json\/wp\/v2\/tags?post=8098"},{"taxonomy":"42wp_author","embeddable":true,"href":"https:\/\/grandepremio.com\/es\/wp-json\/wp\/v2\/42wp_author?post=8098"}],"curies":[{"name":"wp","href":"https:\/\/api.w.org\/{rel}","templated":true}]}}