{"id":8126,"date":"2025-04-13T17:59:25","date_gmt":"2025-04-13T20:59:25","guid":{"rendered":"https:\/\/grandepremio.com\/es\/2025\/04\/13\/ferrari-lamenta-safety-car-en-peor-momento-bahrein\/"},"modified":"2025-04-13T20:05:11","modified_gmt":"2025-04-13T23:05:11","slug":"ferrari-lamenta-safety-car-en-peor-momento-bahrein","status":"publish","type":"post","link":"https:\/\/grandepremio.com\/es\/f1\/ferrari-lamenta-safety-car-en-peor-momento-bahrein\/","title":{"rendered":"Ferrari lamenta safety car en \u00abpeor momento\u00bb en Bahr\u00e9in: \u00abHac\u00edamos el mejor stint\u00bb"},"content":{"rendered":"\n<p class=\"wp-block-paragraph\"><strong>Ferrari<\/strong> abandon\u00f3 este domingo el <strong>GP de Bahr\u00e9in<\/strong> con un sabor amargo en la boca. Incluso con ambos autos terminando entre los cinco primeros \u2014<strong>Charles Leclerc<\/strong> cuarto y <strong>Lewis Hamilton<\/strong> quinto\u2014 y sumando puntos importantes, <strong>Fr\u00e9d\u00e9ric Vasseur<\/strong> reconoci\u00f3 que la estrategia del equipo se vio directamente obstaculizada por la entrada del coche de seguridad, que ocurri\u00f3 precisamente en el mejor momento del segundo stint, cuando los autos usaban el segundo juego de neum\u00e1ticos medios.<\/p>\n\n\n\n<p class=\"wp-block-paragraph\">El equipo italiano apostaba por una ventana m\u00e1s larga para Leclerc y Hamilton, pero tuvo que adelantar las paradas debido a la interrupci\u00f3n provocada por escombros en la pista en la vuelta 32. La suciedad proven\u00eda de una colisi\u00f3n entre <strong>Yuki Tsunoda<\/strong> y <strong>Carlos Sainz<\/strong>. El franc\u00e9s lament\u00f3 la situaci\u00f3n, aunque destac\u00f3 que su equipo sum\u00f3 m\u00e1s puntos que <strong>Red Bull<\/strong> y <strong>Mercedes<\/strong>.<\/p>\n\n\n\n<p class=\"wp-block-paragraph\">\u00abSentimientos encontrados. Lo positivo es que sumamos m\u00e1s puntos que nuestros competidores directos y, al final, es un buen resultado. Pero tambi\u00e9n es ambiguo porque creo que el coche de seguridad lleg\u00f3 en el peor momento para nosotros\u00bb, declar\u00f3. \u00abLlev\u00e1bamos neum\u00e1ticos medios, probablemente haciendo el mejor stint. Tuvimos que parar, pero as\u00ed son las cosas. Empezaremos desde cero la semana que viene e intentaremos hacerlo mejor\u00bb, explic\u00f3.<\/p>\n\n\n\n<p class=\"wp-block-paragraph\">\ud83d\udfe5&nbsp;<strong><em>\u00a1Todas las novedades te esperan en el canal de&nbsp;<\/em><\/strong><a href=\"https:\/\/www.youtube.com\/@GrandePremioES\"><em>YouTube<\/em><\/a><strong><em>&nbsp;de Grande Pr\u00eamio en Espa\u00f1ol!<\/em><\/strong>&nbsp;\ud83d\udfe8<\/p>\n\n\n\n<figure class=\"wp-block-image size-large\"><img decoding=\"async\" src=\"https:\/\/grandepremio.com\/es\/wp-content\/uploads\/2025\/04\/GobUeNWWIAIX-Zt-1024x768.jpeg\" alt=\"\" class=\"wp-image-323387\"\/><figcaption class=\"wp-element-caption\">Fr\u00e9d\u00e9ric Vasseur lament\u00f3 el auto de seguridad que oblig\u00f3 a parar a sus pilotos en el peor momento. (Foto: Ferrari)<\/figcaption><\/figure>\n\n\n\n<p class=\"wp-block-paragraph\">\u23e9&nbsp;<strong><em>\u00a1Seguinos en redes por&nbsp;<\/em><\/strong><a href=\"https:\/\/twitter.com\/grandepremioES\"><em>Twitter&nbsp;<\/em><\/a><strong><em>e&nbsp;<\/em><\/strong><a href=\"https:\/\/www.instagram.com\/grandepremioes\/\"><em>Instagram!<\/em><\/a><br>\u23e9&nbsp;<strong><em>Adem\u00e1s, tenemos nuestro&nbsp;<\/em><\/strong><a href=\"https:\/\/whatsapp.com\/channel\/0029VaDZ5zb0gcfDxuwxBM05\"><em>canal de Whatsapp<\/em><\/a><strong><em>&nbsp;con toda la informaci\u00f3n al instante<\/em><\/strong>&nbsp;\ud83c\udfc1<\/p>\n\n\n\n<p class=\"wp-block-paragraph\">Vasseur tambi\u00e9n se mostr\u00f3 sorprendido por el rendimiento de <strong>Mercedes<\/strong> en la \u00faltima etapa, especialmente dada la durabilidad de los neum\u00e1ticos blandos del coche de <strong>George Russell<\/strong>, que termin\u00f3 segundo.<\/p>\n\n\n\n<p class=\"wp-block-paragraph\">\u00abA todos nos sorprendi\u00f3 Mercedes, que al final consigui\u00f3 dar 24 vueltas con neum\u00e1ticos blandos\u00bb, destac\u00f3. \u00ab\u00c9ramos m\u00e1s conservadores\u00bb, concluy\u00f3.<\/p>\n\n\n\n<p class=\"wp-block-paragraph\">Con los resultados de <strong>Sakhir<\/strong>, Ferrari redujo la diferencia con Red Bull en el <strong>Campeonato Mundial de Constructores<\/strong>. El equipo de <strong>Maranello<\/strong> se sit\u00faa en la cuarta posici\u00f3n, con 57 puntos, contra 71 de los del equipo austr\u00edaco. Las <strong>Flechas Plateadas<\/strong> permanecen en el segundo puesto, con 93.<\/p>\n\n\n\n<p class=\"wp-block-paragraph\">La&nbsp;<strong><a href=\"https:\/\/es.grandepremio.com\/f1\/\" target=\"_blank\" rel=\"noreferrer noopener\"><\/a><a href=\"https:\/\/es.grandepremio.com\/f1\/\" target=\"_blank\" rel=\"noreferrer noopener\">F\u00f3rmula 1<\/a><\/strong>&nbsp;regresa del 18 al 20 de abril en&nbsp;<strong>Jeddah<\/strong>, sede del&nbsp;<strong>Gran Premio de Arabia Saudita<\/strong>, quinta prueba de la&nbsp;<strong>temporada 2025<\/strong>.<\/p>\n\n\n\n<figure class=\"wp-block-embed is-type-video is-provider-youtube wp-block-embed-youtube wp-embed-aspect-16-9 wp-has-aspect-ratio\"><div class=\"wp-block-embed__wrapper\">\n<iframe loading=\"lazy\" title=\"PIASTRI DOMINA EN BAHR\u00c9IN, \u00bfY REESCRIBE LAS &amp;apos;PAPAYA RULES&amp;apos;? | Briefing\" width=\"500\" height=\"281\" src=\"https:\/\/www.youtube.com\/embed\/CLdUjpCUFmw?feature=oembed\" frameborder=\"0\" allow=\"accelerometer; autoplay; clipboard-write; encrypted-media; gyroscope; picture-in-picture; web-share\" referrerpolicy=\"strict-origin-when-cross-origin\" allowfullscreen><\/iframe>\n<\/div><\/figure>\n","protected":false},"excerpt":{"rendered":"<p>Fr\u00e9d\u00e9ric Vasseur celebr\u00f3 salir de Bahr\u00e9in con m\u00e1s puntos que Red Bull y Mercedes, pero lament\u00f3 la entrada del coche de seguridad en un momento en el que Charles Leclerc y Lewis Hamilton mostraban un buen ritmo en pista.<\/p>\n","protected":false},"author":0,"featured_media":1010323375,"comment_status":"closed","ping_status":"closed","sticky":false,"template":"","format":"standard","meta":{"42wp_featured_image_caption":"","42wp_featured_image_credits":"","42wp_featured_video":"","42wp_featured_image_hidden":false,"42wp_authors_list":[],"footnotes":""},"categories":[5],"tags":[247,1710,185,179,1892,1096,199,269,197,1095,11776],"42wp_author":[14240],"class_list":["post-8126","post","type-post","status-publish","format-standard","has-post-thumbnail","hentry","category-f1","tag-charles-leclerc","tag-f1-2025","tag-ferrari","tag-formula-1","tag-frederic-vasseur-3","tag-gp-de-bahrein","tag-lewis-hamilton","tag-mclaren","tag-mercedes","tag-sakhir","tag-sf-25","42wp_author-ignacio-bogado"],"_links":{"self":[{"href":"https:\/\/grandepremio.com\/es\/wp-json\/wp\/v2\/posts\/8126","targetHints":{"allow":["GET"]}}],"collection":[{"href":"https:\/\/grandepremio.com\/es\/wp-json\/wp\/v2\/posts"}],"about":[{"href":"https:\/\/grandepremio.com\/es\/wp-json\/wp\/v2\/types\/post"}],"replies":[{"embeddable":true,"href":"https:\/\/grandepremio.com\/es\/wp-json\/wp\/v2\/comments?post=8126"}],"version-history":[{"count":0,"href":"https:\/\/grandepremio.com\/es\/wp-json\/wp\/v2\/posts\/8126\/revisions"}],"wp:featuredmedia":[{"embeddable":true,"href":"https:\/\/grandepremio.com\/es\/wp-json\/wp\/v2\/media\/1010323375"}],"wp:attachment":[{"href":"https:\/\/grandepremio.com\/es\/wp-json\/wp\/v2\/media?parent=8126"}],"wp:term":[{"taxonomy":"category","embeddable":true,"href":"https:\/\/grandepremio.com\/es\/wp-json\/wp\/v2\/categories?post=8126"},{"taxonomy":"post_tag","embeddable":true,"href":"https:\/\/grandepremio.com\/es\/wp-json\/wp\/v2\/tags?post=8126"},{"taxonomy":"42wp_author","embeddable":true,"href":"https:\/\/grandepremio.com\/es\/wp-json\/wp\/v2\/42wp_author?post=8126"}],"curies":[{"name":"wp","href":"https:\/\/api.w.org\/{rel}","templated":true}]}}