{"id":8158,"date":"2025-04-12T15:35:07","date_gmt":"2025-04-12T18:35:07","guid":{"rendered":"https:\/\/grandepremio.com\/es\/2025\/04\/12\/russell-ve-mercedes-ganancia-2-puesto-grilla\/"},"modified":"2025-04-12T15:35:12","modified_gmt":"2025-04-12T18:35:12","slug":"russell-ve-mercedes-ganancia-2-puesto-grilla","status":"publish","type":"post","link":"https:\/\/grandepremio.com\/es\/f1\/russell-ve-mercedes-ganancia-2-puesto-grilla\/","title":{"rendered":"Russell ve a Mercedes en \u00abganancia\u00bb con 2\u00b0 puesto en la grilla: \u00abLa temperatura ayud\u00f3\u00bb"},"content":{"rendered":"\n<p class=\"wp-block-paragraph\"><strong>George Russell<\/strong> consigui\u00f3 el segundo puesto en la parrilla del <strong>GP de Bahr\u00e9in<\/strong>, en la clasificaci\u00f3n de este s\u00e1bado. El piloto de <strong>Mercedes<\/strong> se situ\u00f3 a tan solo 0s168 de la pole position de <strong>Oscar Piastri<\/strong>. El brit\u00e1nico se mostr\u00f3 contento con el resultado, pero admiti\u00f3 que no esperaba estar tan cerca de <strong>McLaren<\/strong>.<\/p>\n\n\n\n<p class=\"wp-block-paragraph\">El equipo brit\u00e1nico lider\u00f3 c\u00f3modamente todas las sesiones de entrenamientos libres en <strong>Sakhir<\/strong>, sorprendiendo a sus rivales con su superioridad. La expectativa, entonces, era de un doblete f\u00e1cil en la clasificaci\u00f3n, pero no fue as\u00ed. Piastri incluso logr\u00f3 confirmar el favoritismo del equipo de papaya, aunque con rivales m\u00e1s cercanos de lo que les hubiera gustado. <strong>Lando Norris<\/strong>, por su parte, s\u00f3lo consigui\u00f3 el sexto mejor tiempo.<\/p>\n\n\n\n<p class=\"wp-block-paragraph\">Russell se mostr\u00f3 sorprendido por su segunda posici\u00f3n, seg\u00fan inform\u00f3 en una entrevista tras finalizar la ronda de clasificaci\u00f3n. \u00abSi alguien me hubiera dicho que estar\u00edamos a medio segundo de McLaren, probablemente ser\u00edamos terceros en la parrilla, as\u00ed que ser segundos es una ganancia\u00bb, remarc\u00f3.<\/p>\n\n\n\n<p class=\"wp-block-paragraph\">\ud83d\udfe5&nbsp;<strong><em>\u00a1Todas las novedades te esperan en el canal de&nbsp;<\/em><\/strong><a href=\"https:\/\/www.youtube.com\/@GrandePremioES\"><em>YouTube<\/em><\/a><strong><em>&nbsp;de Grande Pr\u00eamio en Espa\u00f1ol!<\/em><\/strong>&nbsp;\ud83d\udfe8<\/p>\n\n\n\n<figure class=\"wp-block-image size-large\"><img decoding=\"async\" src=\"https:\/\/grandepremio.com\/es\/wp-content\/uploads\/2025\/04\/GoWMArZXkAEsKtS-1024x768.jpeg\" alt=\"\" class=\"wp-image-323126\"\/><figcaption class=\"wp-element-caption\">George Russell celebr\u00f3 el 2\u00b0 lugar en la grilla para el GP de Bahr\u00e9in. (Foto: Mercedes)<\/figcaption><\/figure>\n\n\n\n<p class=\"wp-block-paragraph\">\u23e9\u00a0<strong><em>\u00a1Seguinos en redes por\u00a0<\/em><\/strong><a href=\"https:\/\/twitter.com\/grandepremioES\"><em>Twitter\u00a0<\/em><\/a><strong><em>e\u00a0<\/em><\/strong><a href=\"https:\/\/www.instagram.com\/grandepremioes\/\"><em>Instagram!<\/em><\/a><br>\u23e9\u00a0<strong><em>Adem\u00e1s, tenemos nuestro\u00a0<\/em><\/strong><a href=\"https:\/\/whatsapp.com\/channel\/0029VaDZ5zb0gcfDxuwxBM05\"><em>canal de Whatsapp<\/em><\/a><strong><em>\u00a0con toda la informaci\u00f3n al instante<\/em><\/strong>\u00a0\ud83c\udfc1<\/p>\n\n\n\n<p class=\"wp-block-paragraph\">\u00abLa baja temperatura nos ayud\u00f3 en la clasificaci\u00f3n, ya que favorece el rendimiento de nuestro coche. Antes, cuando hac\u00eda mucho calor, el McLaren iba bien. Felicidades a Oscar por una gran vuelta. Estoy emocionado por ma\u00f1ana\u00bb, continu\u00f3.<\/p>\n\n\n\n<p class=\"wp-block-paragraph\">Finalmente, el brit\u00e1nico admiti\u00f3 que luchar por la victoria ser\u00e1 una tarea dif\u00edcil. \u00abA medida que avanzaba la sesi\u00f3n, parec\u00edamos ir ganando velocidad. As\u00ed que salir segundo es una gran oportunidad para la carrera, pero creo que, siendo realistas, ser\u00e1 un reto luchar con Piastri\u00bb, concluy\u00f3.<\/p>\n\n\n\n<p class=\"wp-block-paragraph\">Russell es cuarto en el <strong>Campeonato Mundial de Pilotos<\/strong> con 45 puntos, 17 menos que el l\u00edder Norris.<\/p>\n\n\n\n<p class=\"wp-block-paragraph\">La&nbsp;<strong><a href=\"https:\/\/es.grandepremio.com\/f1\/\" target=\"_blank\" rel=\"noreferrer noopener\">F\u00f3rmula 1<\/a><\/strong>&nbsp;regresa del 11 al 13 de abril para el&nbsp;<strong>GP de Bahr\u00e9in<\/strong>&nbsp;en&nbsp;<strong>Sakhir<\/strong>, cuarta ronda de la&nbsp;<strong>temporada 2025<\/strong>.<\/p>\n\n\n\n<figure class=\"wp-block-embed is-type-video is-provider-youtube wp-block-embed-youtube wp-embed-aspect-16-9 wp-has-aspect-ratio\"><div class=\"wp-block-embed__wrapper\">\n<iframe loading=\"lazy\" title=\"GP DE BAHR\u00c9IN - LA PREVIA\" width=\"500\" height=\"281\" src=\"https:\/\/www.youtube.com\/embed\/I2F6JrJ_6Ts?feature=oembed\" frameborder=\"0\" allow=\"accelerometer; autoplay; clipboard-write; encrypted-media; gyroscope; picture-in-picture; web-share\" referrerpolicy=\"strict-origin-when-cross-origin\" allowfullscreen><\/iframe>\n<\/div><\/figure>\n","protected":false},"excerpt":{"rendered":"<p>El piloto de Mercedes, George Russell, se mostr\u00f3 sorprendido por su segundo puesto en la clasificaci\u00f3n del GP de Bahr\u00e9in, disputado este s\u00e1bado, pero confes\u00f3 que luchar por la victoria con Oscar Piastri ser\u00e1 un \u00abdesaf\u00edo\u00bb.<\/p>\n","protected":false},"author":0,"featured_media":1010323172,"comment_status":"closed","ping_status":"closed","sticky":false,"template":"","format":"standard","meta":{"42wp_featured_image_caption":"","42wp_featured_image_credits":"","42wp_featured_video":"","42wp_featured_image_hidden":false,"42wp_authors_list":[],"footnotes":""},"categories":[5],"tags":[1710,179,253,1096,268,269,197,278,1095],"42wp_author":[14240],"class_list":["post-8158","post","type-post","status-publish","format-standard","has-post-thumbnail","hentry","category-f1","tag-f1-2025","tag-formula-1","tag-george-russell","tag-gp-de-bahrein","tag-lando-norris","tag-mclaren","tag-mercedes","tag-oscar-piastri","tag-sakhir","42wp_author-ignacio-bogado"],"_links":{"self":[{"href":"https:\/\/grandepremio.com\/es\/wp-json\/wp\/v2\/posts\/8158","targetHints":{"allow":["GET"]}}],"collection":[{"href":"https:\/\/grandepremio.com\/es\/wp-json\/wp\/v2\/posts"}],"about":[{"href":"https:\/\/grandepremio.com\/es\/wp-json\/wp\/v2\/types\/post"}],"replies":[{"embeddable":true,"href":"https:\/\/grandepremio.com\/es\/wp-json\/wp\/v2\/comments?post=8158"}],"version-history":[{"count":0,"href":"https:\/\/grandepremio.com\/es\/wp-json\/wp\/v2\/posts\/8158\/revisions"}],"wp:featuredmedia":[{"embeddable":true,"href":"https:\/\/grandepremio.com\/es\/wp-json\/wp\/v2\/media\/1010323172"}],"wp:attachment":[{"href":"https:\/\/grandepremio.com\/es\/wp-json\/wp\/v2\/media?parent=8158"}],"wp:term":[{"taxonomy":"category","embeddable":true,"href":"https:\/\/grandepremio.com\/es\/wp-json\/wp\/v2\/categories?post=8158"},{"taxonomy":"post_tag","embeddable":true,"href":"https:\/\/grandepremio.com\/es\/wp-json\/wp\/v2\/tags?post=8158"},{"taxonomy":"42wp_author","embeddable":true,"href":"https:\/\/grandepremio.com\/es\/wp-json\/wp\/v2\/42wp_author?post=8158"}],"curies":[{"name":"wp","href":"https:\/\/api.w.org\/{rel}","templated":true}]}}