{"id":8166,"date":"2025-04-12T12:36:18","date_gmt":"2025-04-12T15:36:18","guid":{"rendered":"https:\/\/grandepremio.com\/es\/2025\/04\/12\/pepe-marti-joshua-duerksen-formula-2-bahrein\/"},"modified":"2025-04-12T12:40:26","modified_gmt":"2025-04-12T15:40:26","slug":"pepe-marti-joshua-duerksen-formula-2-bahrein","status":"publish","type":"post","link":"https:\/\/grandepremio.com\/es\/f2\/pepe-marti-joshua-duerksen-formula-2-bahrein\/","title":{"rendered":"Mart\u00ed conquista la carrera sprint de F\u00f3rmula 2 en Bahr\u00e9in; Duerksen es 3\u00b0"},"content":{"rendered":"\n<p class=\"wp-block-paragraph\">Luego de que <strong>Joshua Duerksen<\/strong> liderara casi toda la competencia,<strong> Jos\u00e9 Mar\u00eda &#8216;Pepe&#8217; Mart\u00ed <\/strong>logr\u00f3 superar en el giro final al paraguayo para vencer la carrera sprint de la <strong>F\u00f3rmula 2<\/strong> en Bahr\u00e9in. El espa\u00f1ol de <strong>Campos Racing <\/strong>se impuso por una diferencia de 0s922 sobre el <strong>MP<\/strong> de <strong>Richard Verschoor<\/strong>, mientras que Duerksen finalmente fue tercero a 1s537 con un <strong>AIX Racing. <\/strong><\/p>\n\n\n\n<p class=\"wp-block-paragraph\">M\u00e1s atr\u00e1s en el clasificador, <strong>Dino Beganovic (Hitech), Oliver Goethe (MP), Arvin Lindblad (Campos Racing), Rafael Villag\u00f3mez (VAR), Gabriele Mini (Prema), Leonardo Fornaroli (Invicta) y Ritomo Miyata (ART) <\/strong>completaron los diez primeros lugares.<\/p>\n\n\n\n<p class=\"wp-block-paragraph\">La acci\u00f3n en la F\u00f3rmula 2 continuar\u00e1 el domingo, con la celebraci\u00f3n de la carrera principal. Fornaroli largar\u00e1 desde la pole.<\/p>\n\n\n\n<p class=\"wp-block-paragraph\"><strong><em>\u00a1Todas las novedades te esperan en el canal de\u00a0<a href=\"https:\/\/www.youtube.com\/@GrandePremioES\" target=\"_blank\" rel=\"noreferrer noopener\">YouTube<\/a>\u00a0de Grande Pr\u00eamio en Espa\u00f1ol!<\/em><\/strong><\/p>\n\n\n\n<figure class=\"wp-block-image size-large\"><img decoding=\"async\" src=\"https:\/\/grandepremio.com\/cdn-cgi\/image\/width=893,height=558,fit=contain,gravity=0.5x0.5,quality=75,format=webp\/es\/wp-content\/uploads\/2025\/04\/image-12-1024x576.png\" alt=\"\" class=\"wp-image-323005\"\/><figcaption class=\"wp-element-caption\">Pepe Mart\u00ed logr\u00f3 una inesperada victoria en la F2. (Foto: F2)<\/figcaption><\/figure>\n\n\n\n<p class=\"wp-block-paragraph\"><strong><em>\u00a1Seguinos en redes por\u00a0<a href=\"https:\/\/twitter.com\/grandepremioES\" target=\"_blank\" rel=\"noreferrer noopener\">Twitter\u00a0<\/a>e\u00a0<a href=\"https:\/\/www.instagram.com\/grandepremioes\/\" target=\"_blank\" rel=\"noreferrer noopener\">Instagram!<\/a><\/em><\/strong><br><strong><em>Adem\u00e1s, tenemos nuestro\u00a0<a href=\"https:\/\/whatsapp.com\/channel\/0029VaDZ5zb0gcfDxuwxBM05\" target=\"_blank\" rel=\"noreferrer noopener\">canal de Whatsapp<\/a>\u00a0con toda la informaci\u00f3n al instante<\/em><\/strong><\/p>\n\n\n\n<p class=\"wp-block-paragraph\"><strong>\u00bfC\u00f3mo fue la carrera sprint de F2?<\/strong><\/p>\n\n\n\n<p class=\"wp-block-paragraph\">Luego de la pole position del italiano Leonardo Fornaroli, el paraguayo Joshua Duerksen larg\u00f3 desde la pole position en la carrera sprint de F\u00f3rmula 2 en Bahr\u00e9in, debido al sistema de grilla invertida. Cuando se apagaron los sem\u00e1foros, el piloto de AIX Racing pudo mantener la punta ante una tard\u00eda reacci\u00f3n de Dino Beganovic, que tambi\u00e9n part\u00eda desde la primera fila. Luego, Victor Martins tambi\u00e9n rompi\u00f3 su trompa al ser sacado de la pista por Alex Dunne, a la vez que Sebasti\u00e1n Montoya debi\u00f3 abandonar durante el primer giro a ra\u00edz de un trompo.<\/p>\n\n\n\n<p class=\"wp-block-paragraph\">Con Duerksen en la vanguardia, la carrera se neutraliz\u00f3 con auto de seguridad, momento en que tambi\u00e9n la direcci\u00f3n de carrera reemplaz\u00f3 una serie de carteles rotos por el franc\u00e9s. Una vez que la bandera verde volvi\u00f3 a agitarse en Sakhir, el top-10 qued\u00f3 conformado por el piloto guaran\u00ed en la punta, seguido por Beganovic, Villag\u00f3mez, Verschoor, Dunne, Mart\u00ed, Browning, Meguetounif, Stanek y Lindblad.<\/p>\n\n\n\n<figure class=\"wp-block-image size-large\"><img decoding=\"async\" src=\"https:\/\/grandepremio.com\/cdn-cgi\/image\/width=893,height=558,fit=contain,gravity=0.5x0.5,quality=75,format=webp\/es\/wp-content\/uploads\/2025\/04\/image-13-1024x576.png\" alt=\"\" class=\"wp-image-323008\"\/><figcaption class=\"wp-element-caption\">Sebasti\u00e1n Montoya abandon\u00f3 r\u00e1pidamente. (Foto: F2)<\/figcaption><\/figure>\n\n\n\n<p class=\"wp-block-paragraph\">A continuaci\u00f3n, la direcci\u00f3n de carrera sancion\u00f3 con 10s a Amaury Cordeel, como responsable del trompo de Sebasti\u00e1n Montoya. M\u00e1s adelante, tambi\u00e9n Dunne y Mart\u00ed tuvieron una interesante lucha donde el espa\u00f1ol super\u00f3 al escoc\u00e9s con una maniobra al l\u00edmite de la legalidad. Y cuando ese movimiento qued\u00f3 bajo investigaci\u00f3n, el irland\u00e9s recuper\u00f3 la quinta posici\u00f3n. <\/p>\n\n\n\n<p class=\"wp-block-paragraph\">En la lucha por la punta, los cambios llegaron cuando promediaba la carrera. En esta instancia, Verschoor logr\u00f3 superar a Villag\u00f3mez para ser tercero, mientras que Beganovic pas\u00f3 a Duerksen para convertirse en el nuevo l\u00edder de la competencia. En los giros siguientes, el abandono de Max Esterson provoc\u00f3 un nuevo auto de seguridad, lo que llev\u00f3 a muchos autos a boxes para calzar neum\u00e1ticos frescos. De esta manera, con dos estrategias diferentes, los primeros 13 pilotos del clasificador ten\u00edan gomas usadas, mientras que del 14\u00b0 para atr\u00e1s ten\u00edan neum\u00e1ticos nuevos.<\/p>\n\n\n\n<figure class=\"wp-block-video\"><video class=\"video-js vjs-big-play-centered\" data-gp-vjs=\"1\" controls src=\"https:\/\/grandepremio.com\/es\/wp-content\/uploads\/2025\/04\/F2-Bahrein.mp4\"><\/video><figcaption class=\"wp-element-caption\">La F\u00f3rmula 2 tuvo muchas batallas en las vueltas finales de la carrera sprint. (Video: F2)<\/figcaption><\/figure>\n\n\n\n<p class=\"wp-block-paragraph\">Con este panorama, el reinicio un cambio en la punta, con Duerksen otra vez saltando al liderazgo. Y m\u00e1s atr\u00e1s, Villag\u00f3mez salt\u00f3 al quinto lugar despu\u00e9s de que algunos se complicaran. De esta manera, a tres vueltas del cierre, el top-5 para a estar determinado por Duerksen, Beganovic, Verschoor, Mart\u00ed y Villag\u00f3mez. <\/p>\n\n\n\n<p class=\"wp-block-paragraph\">A partir de ah\u00ed, el paraguayo comenz\u00f3 a sufrir la presi\u00f3n del piloto de la academia Ferrari que buscaba llevarse la victoria. No obstante, en una maniobra que junt\u00f3 a todos, Mart\u00ed logr\u00f3 pasar de cuarto a segundo a una vuelta del final, y superar a Duerksen unos metros despu\u00e9s cuando se abri\u00f3 el \u00faltimo giro, lo que result\u00f3 en once posiciones ganadas por parte del espa\u00f1ol con respecto a su largada.<\/p>\n\n\n\n<figure class=\"wp-block-image size-large\"><img decoding=\"async\" src=\"https:\/\/grandepremio.com\/cdn-cgi\/image\/width=893,height=558,fit=contain,gravity=0.5x0.5,quality=75,format=webp\/es\/wp-content\/uploads\/2025\/04\/image-11-1024x576.png\" alt=\"\" class=\"wp-image-322993\"\/><figcaption class=\"wp-element-caption\">Pepe Mart\u00ed super\u00f3 a Duerksen en la \u00faltima vuelta y gan\u00f3 la carrera sprint de F2 en Bahr\u00e9in. (Foto: F2)<\/figcaption><\/figure>\n\n\n\n<p class=\"wp-block-paragraph\">De esta forma, con varios cambios posicionales en los \u00faltimos metros, por haber diferencias muy cortas y en el rendimiento de los neum\u00e1ticos, la competencia finaliz\u00f3 con la victoria del espa\u00f1ol, mientras que Verschoor termin\u00f3 en el segundo lugar despu\u00e9s de que tambi\u00e9n super\u00f3 a Duerksen. Y as\u00ed, con este final fren\u00e9tico, concluy\u00f3 el espect\u00e1culo sabatino de la F2 en Bahr\u00e9in. <\/p>\n\n\n\n<p class=\"wp-block-paragraph\"><strong>F\u00f3rmula 2 &#8211; Bahr\u00e9in &#8211; Carrera sprint<\/strong><\/p>\n\n\n\n<figure class=\"wp-block-table\"><table class=\"has-fixed-layout\"><tbody><tr><td>POS<\/td><td>PILOTO<\/td><td>EQUIPO<\/td><td>TIEMPO<\/td><td>DIFERENCIA<\/td><\/tr><tr><td>1<\/td><td>J M MART\u00cd<\/td><td>Campos<\/td><td>46:24.663<\/td><td><\/td><\/tr><tr><td>2<\/td><td>R VERSCHOOR<\/td><td>MP<\/td><td>46:25.585<\/td><td>+0.922<\/td><\/tr><tr><td>3<\/td><td>J DURKSEN<\/td><td>AIX<\/td><td>46:26.200<\/td><td>+1.537<\/td><\/tr><tr><td>4<\/td><td>D BEGANOVIC<\/td><td>Hitech<\/td><td>46:26.533<\/td><td>+1.870<\/td><\/tr><tr><td>5<\/td><td>O GOETHE<\/td><td>MP<\/td><td>46:26.647<\/td><td>+1.984<\/td><\/tr><tr><td>6<\/td><td>A LINDBLAD<\/td><td>Campos<\/td><td>46:27.691<\/td><td>+3.028<\/td><\/tr><tr><td>7<\/td><td>R VILLAG\u00d3MEZ<\/td><td>Van Amersfoort<\/td><td>46:27.797<\/td><td>+3.134<\/td><\/tr><tr><td>8<\/td><td>G MIN\u00cc<\/td><td>Prema<\/td><td>46:27.984<\/td><td>+3.321<\/td><\/tr><tr><td>9<\/td><td>L FORNAROLI<\/td><td>Invicta<\/td><td>46:28.635<\/td><td>+3.972<\/td><\/tr><tr><td>10<\/td><td>R MIYATA<\/td><td>ART<\/td><td>46:28.868<\/td><td>+4.205<\/td><\/tr><tr><td>11<\/td><td>L BROWNING<\/td><td>Hitech<\/td><td>46:29.161<\/td><td>+4.498<\/td><\/tr><tr><td>12<\/td><td>A CORDEEL<\/td><td>Rodin<\/td><td>46:29.320<\/td><td>+4.657<\/td><\/tr><tr><td>13<\/td><td>J CRAWFORD<\/td><td>DAMS<\/td><td>46:31.794<\/td><td>+7.131<\/td><\/tr><tr><td>14<\/td><td>S MEGUETOUNIF<\/td><td>Trident<\/td><td>46:32.619<\/td><td>+7.956<\/td><\/tr><tr><td>15<\/td><td>V MARTINS<\/td><td>ART<\/td><td>46:33.839<\/td><td>+9.176<\/td><\/tr><tr><td>16<\/td><td>R STANEK<\/td><td>Invicta<\/td><td>46:33.993<\/td><td>+9.330<\/td><\/tr><tr><td>17<\/td><td>K MAINI<\/td><td>DAMS<\/td><td>46:34.102<\/td><td>+9.439<\/td><\/tr><tr><td>18<\/td><td>J BENNETT<\/td><td>Van Amersfoort<\/td><td>46:35.296<\/td><td>+10.633<\/td><\/tr><tr><td>19<\/td><td>A DUNNE<\/td><td>Rodin<\/td><td>46:36.933<\/td><td>+12.270<\/td><\/tr><tr><td>20<\/td><td>C SHIELDS<\/td><td>AIX<\/td><td>46:37.105<\/td><td>+12.442<\/td><\/tr><tr><td>21<\/td><td>M ESTERSON<\/td><td>Trident<\/td><td>Abandon\u00f3<\/td><td>\u2013<\/td><\/tr><tr><td>22<\/td><td>S MONTOYA<\/td><td>PREMA<\/td><td>Abandon\u00f3<\/td><td>\u2013<\/td><\/tr><\/tbody><\/table><\/figure>\n\n\n\n<p class=\"wp-block-paragraph\"><\/p>\n\n\n\n<p class=\"wp-block-paragraph\">   <\/p>\n\n\n\n<p class=\"wp-block-paragraph\"><\/p>\n","protected":false},"excerpt":{"rendered":"<p>En un final electrizante, Pepe Mart\u00ed conquist\u00f3 la carrera sprint de la F\u00f3rmula 2 en Bahr\u00e9in. Joshua Duerksen, por su parte, lider\u00f3 hasta la \u00faltima vuelta, pero finalmente qued\u00f3 3\u00b0.<\/p>\n","protected":false},"author":0,"featured_media":1010322989,"comment_status":"closed","ping_status":"closed","sticky":false,"template":"","format":"standard","meta":{"42wp_featured_image_caption":"","42wp_featured_image_credits":"","42wp_featured_video":"","42wp_featured_image_hidden":false,"42wp_authors_list":[],"footnotes":""},"categories":[3],"tags":[257,211,9543,2931],"42wp_author":[14223],"class_list":["post-8166","post","type-post","status-publish","format-standard","has-post-thumbnail","hentry","category-f2","tag-f2","tag-formula-2","tag-joshua-duerksen","tag-pepe-marti","42wp_author-esteban-nieto"],"_links":{"self":[{"href":"https:\/\/grandepremio.com\/es\/wp-json\/wp\/v2\/posts\/8166","targetHints":{"allow":["GET"]}}],"collection":[{"href":"https:\/\/grandepremio.com\/es\/wp-json\/wp\/v2\/posts"}],"about":[{"href":"https:\/\/grandepremio.com\/es\/wp-json\/wp\/v2\/types\/post"}],"replies":[{"embeddable":true,"href":"https:\/\/grandepremio.com\/es\/wp-json\/wp\/v2\/comments?post=8166"}],"version-history":[{"count":0,"href":"https:\/\/grandepremio.com\/es\/wp-json\/wp\/v2\/posts\/8166\/revisions"}],"wp:featuredmedia":[{"embeddable":true,"href":"https:\/\/grandepremio.com\/es\/wp-json\/wp\/v2\/media\/1010322989"}],"wp:attachment":[{"href":"https:\/\/grandepremio.com\/es\/wp-json\/wp\/v2\/media?parent=8166"}],"wp:term":[{"taxonomy":"category","embeddable":true,"href":"https:\/\/grandepremio.com\/es\/wp-json\/wp\/v2\/categories?post=8166"},{"taxonomy":"post_tag","embeddable":true,"href":"https:\/\/grandepremio.com\/es\/wp-json\/wp\/v2\/tags?post=8166"},{"taxonomy":"42wp_author","embeddable":true,"href":"https:\/\/grandepremio.com\/es\/wp-json\/wp\/v2\/42wp_author?post=8166"}],"curies":[{"name":"wp","href":"https:\/\/api.w.org\/{rel}","templated":true}]}}