{"id":8193,"date":"2025-04-11T13:07:03","date_gmt":"2025-04-11T16:07:03","guid":{"rendered":"https:\/\/grandepremio.com\/es\/2025\/04\/11\/oscar-piastri-entrenamiento-bahrein-formula-1-2025\/"},"modified":"2025-04-11T13:39:09","modified_gmt":"2025-04-11T16:39:09","slug":"oscar-piastri-entrenamiento-bahrein-formula-1-2025","status":"publish","type":"post","link":"https:\/\/grandepremio.com\/es\/f1\/oscar-piastri-entrenamiento-bahrein-formula-1-2025\/","title":{"rendered":"Piastri comanda 1-2 de McLaren en la segunda pr\u00e1ctica del GP de Bahr\u00e9in"},"content":{"rendered":"\n<p class=\"wp-block-paragraph\"><a href=\"https:\/\/grandepremio.com\/es\/f1\/lando-norris-primer-entrenamiento-bahrein-formula-1-2025\/\">Luego de que <strong>Lando Norris<\/strong> fuera el m\u00e1s r\u00e1pido en el primer ensayo<\/a>,<strong> Oscar Piastri <\/strong>se impuso en el segundo entrenamiento del <strong>GP de Bahr\u00e9in,<\/strong> en una jornada de dominio pleno para <strong>McLaren<\/strong>. El australiano encabez\u00f3 la sesi\u00f3n con un tiempo de 1m30s505, seguido por su compa\u00f1ero de equipo a 0s154, mientras que <strong>George Russell <\/strong>qued\u00f3 tercero con<strong> Mercedes <\/strong>a 0s527.<\/p>\n\n\n\n<p class=\"wp-block-paragraph\">M\u00e1s atr\u00e1s en el clasificador, <strong>Charles Leclerc <\/strong>se ubic\u00f3 cuarto con<strong> Ferrari, <\/strong>seguido por el <strong>Mercedes<\/strong> de <strong>Kimi Antonelli.<\/strong> Luego, <strong>Isack Hadjar (Racing Bulls), Max Verstappen (Red Bull), Lewis Hamilton (Ferrari), Oliver Bearman (Haas) y Carlos Sainz (Williams)<\/strong> completaron los diez primeros lugares. Ya fuera del top-10, <strong>Fernando Alonso <\/strong>finaliz\u00f3 15\u00b0 con <strong>Aston Martin<\/strong>, y <strong>Yuki Tsunoda<\/strong>, de<strong> Red Bull<\/strong>, termin\u00f3 18\u00b0.<\/p>\n\n\n\n<p class=\"wp-block-paragraph\"><strong>La acci\u00f3n en la F\u00f3rmula 1 continuar\u00e1 el s\u00e1bado, cuando se celebre el tercer entrenamiento y la clasificaci\u00f3n del GP de Bahr\u00e9in.   <\/strong><\/p>\n\n\n\n<p class=\"wp-block-paragraph\"><strong><em>\u00a1Todas las novedades te esperan en el canal de\u00a0<a href=\"https:\/\/www.youtube.com\/@GrandePremioES\" target=\"_blank\" rel=\"noreferrer noopener\">YouTube<\/a>\u00a0de Grande Pr\u00eamio en Espa\u00f1ol!<\/em><\/strong><\/p>\n\n\n\n<figure class=\"wp-block-embed is-type-video is-provider-youtube wp-block-embed-youtube wp-embed-aspect-16-9 wp-has-aspect-ratio\"><div class=\"wp-block-embed__wrapper\">\n<iframe loading=\"lazy\" title=\"GP DE BAHR\u00c9IN - LA PREVIA\" width=\"500\" height=\"281\" src=\"https:\/\/www.youtube.com\/embed\/I2F6JrJ_6Ts?feature=oembed\" frameborder=\"0\" allow=\"accelerometer; autoplay; clipboard-write; encrypted-media; gyroscope; picture-in-picture; web-share\" referrerpolicy=\"strict-origin-when-cross-origin\" allowfullscreen><\/iframe>\n<\/div><\/figure>\n\n\n\n<p class=\"wp-block-paragraph\"><strong><em>\u00a1Seguinos en redes por&nbsp;<\/em><\/strong><strong><em><a target=\"_blank\" href=\"https:\/\/twitter.com\/grandepremioES\" rel=\"noreferrer noopener\">Twitter&nbsp;<\/a><\/em><\/strong><strong><em>e&nbsp;<\/em><\/strong><strong><em><a target=\"_blank\" href=\"https:\/\/www.instagram.com\/grandepremioes\/\" rel=\"noreferrer noopener\">Instagram!<\/a><\/em><\/strong><br><strong><em>Adem\u00e1s, tenemos nuestro&nbsp;<\/em><\/strong><strong><em><a target=\"_blank\" href=\"https:\/\/whatsapp.com\/channel\/0029VaDZ5zb0gcfDxuwxBM05\" rel=\"noreferrer noopener\">canal de Whatsapp<\/a><\/em><\/strong><strong><em>&nbsp;con toda la informaci\u00f3n al instante<\/em><\/strong><\/p>\n\n\n\n<p class=\"wp-block-paragraph\"><strong>\u00bfC\u00f3mo fue el segundo entrenamiento del GP de Bahr\u00e9in?<\/strong><\/p>\n\n\n\n<p class=\"wp-block-paragraph\">Luego de que Lando Norris liderara el primer entrenamiento, la F\u00f3rmula 1 prosigui\u00f3 con su actividad con su segunda pr\u00e1ctica preparatoria para el GP de Bahr\u00e9in. Y entre las elecciones de neum\u00e1ticos, la gran mayor\u00eda eligi\u00f3 la goma media, con unos pocos, como Max Verstappen, que calz\u00f3 la goma blanda. <\/p>\n\n\n\n<p class=\"wp-block-paragraph\">Como primera referencia, Charles Leclerc marc\u00f3 1m33s347 con Ferrari, y poco despu\u00e9s, quien pas\u00f3 adelante fue Lewis Hamilton con 1m32s157. Con el blando, mientras tanto, Verstappen se quejaba de una falta de equilibrio con su RB21, y sin poder cerrar una vuelta veloz.<\/p>\n\n\n\n<p class=\"wp-block-paragraph\">Durante sus primeras vueltas, quien tambi\u00e9n tuvo problemas era Fernando Alonso, que no ten\u00eda el volante bien ajustado. Y en una imagen poco com\u00fan, el espa\u00f1ol sac\u00f3 el volante de su auto para resetearlo y que vuelva a funcionar correctamente.<\/p>\n\n\n\n<figure class=\"wp-block-video\"><video class=\"video-js vjs-big-play-centered\" data-gp-vjs=\"1\" controls src=\"https:\/\/grandepremio.com\/es\/wp-content\/uploads\/2025\/04\/ssstwitter.com_1744384307538.mp4\"><\/video><figcaption class=\"wp-element-caption\">Fernando Alonso tuvo problemas con su volante en la FP2. (Video: F1)<\/figcaption><\/figure>\n\n\n\n<p class=\"wp-block-paragraph\">Con casi 15 minutos de actividad, Verstappen por fin pudo dar una vuelta veloz para quedar tercero a 0s219, por detr\u00e1s del l\u00edder Hamilton y del segundo lugar de Kimi Antonelli. Luego, quien pas\u00f3 a la vanguardia fue George Russell con Mercedes, y mediante un registro de 1m31s945.<\/p>\n\n\n\n<p class=\"wp-block-paragraph\">Con Norris en los boxes, que decidi\u00f3 cambiar su casco porque se sent\u00eda inc\u00f3modo con el anterior, su compa\u00f1ero Piastri se mostr\u00f3 veloz con la goma dura con buenos parciales. Sin embargo, el australiano decidi\u00f3 entrar a boxes antes de completar su vuelta. Quien s\u00ed cerr\u00f3 una vuelta r\u00e1pida en esta instancia fue Hamilton, que super\u00f3 a Russell por 0s030 para liderar con 1m31s915.<\/p>\n\n\n\n<p class=\"wp-block-paragraph\">Posteriormente, la tanda pas\u00f3 a estar liderada nuevamente por Leclerc, que marc\u00f3 1m31s729, luego por Albon y su 1m31s636, hasta que Verstappen irrumpi\u00f3 con firmeza para imponerse con el 1m31s330. Con un marcado descenso en los tiempos, Norris se convirti\u00f3 en puntero con 1m30s659, pero su compa\u00f1ero de McLaren, Piastri, baj\u00f3 su tiempo a\u00fan m\u00e1s con 1m30s505.<\/p>\n\n\n\n<figure class=\"wp-block-image size-large\"><img decoding=\"async\" src=\"https:\/\/grandepremio.com\/es\/wp-content\/uploads\/2025\/04\/GoQ5Uz0XcAEJ04d-1024x768.jpeg\" alt=\"\" class=\"wp-image-322733\"\/><figcaption class=\"wp-element-caption\">Charles Leclerc lider\u00f3 transitoriamente la FP2 de Bahr\u00e9in. (Foto: Ferrari)<\/figcaption><\/figure>\n\n\n\n<p class=\"wp-block-paragraph\">Al cabo de media hora de actividad, el top-10 en la FP2 de Bahr\u00e9in estaba compuesto por Piastri, Norris, Russell, Antonelli, Hadjar, Verstappen, Bearman, Sainz, Leclerc y Albon. Y m\u00e1s atr\u00e1s, Hamilton era 14\u00b0, Tsunoda 19\u00b0 y Alonso era 20\u00b0.<\/p>\n\n\n\n<p class=\"wp-block-paragraph\">A partir de ah\u00ed, los equipos comenzaron a trabajar el ritmo de carrera, con los tanques de combustible llenos. Y en esta instancia, Piastri se mostr\u00f3 como el m\u00e1s r\u00e1pido con tiempos cercanos al 1m36. De esta manera, sin cambios en el clasificador durante los minutos finales, el australiano termin\u00f3 como l\u00edder de la sesi\u00f3n, en una jornada dominada por McLaren.<\/p>\n\n\n\n<p class=\"wp-block-paragraph\"><strong>F\u00f3rmula 1 &#8211; GP de Bahr\u00e9in &#8211; 2\u00b0 Entrenamiento<\/strong><\/p>\n\n\n\n<figure class=\"wp-block-table\"><table class=\"has-fixed-layout\"><tbody><tr><td>POS<\/td><td>PILOTO<\/td><td>EQUIPO<\/td><td>TIEMPO<\/td><td>DIFERENCIA<\/td><\/tr><tr><td>1<\/td><td>O PIASTRI<\/td><td>McLaren<\/td><td>1:30.505<\/td><td><\/td><\/tr><tr><td>2<\/td><td>L NORRIS<\/td><td>McLaren<\/td><td>1:30.659<\/td><td>+0.154<\/td><\/tr><tr><td>3<\/td><td>G RUSSELL<\/td><td>Mercedes<\/td><td>1:31.032<\/td><td>+0.527<\/td><\/tr><tr><td>4<\/td><td>C LECLERC<\/td><td>Ferrari<\/td><td>1:31.045<\/td><td>+0.540<\/td><\/tr><tr><td>5<\/td><td>A K ANTONELLI<\/td><td>Mercedes<\/td><td>1:31.227<\/td><td>+0.722<\/td><\/tr><tr><td>6<\/td><td>I HADJAR<\/td><td>Racing Bulls<\/td><td>1:31.238<\/td><td>+0.733<\/td><\/tr><tr><td>7<\/td><td>M VERSTAPPEN<\/td><td>Red Bull<\/td><td>1:31.330<\/td><td>+0.825<\/td><\/tr><tr><td>8<\/td><td>L HAMILTON<\/td><td>Ferrari<\/td><td>1:31.576<\/td><td>+1.071<\/td><\/tr><tr><td>9<\/td><td>O BEARMAN<\/td><td>Haas<\/td><td>1:31.584<\/td><td>+1.079<\/td><\/tr><tr><td>10<\/td><td>C SAINZ JR<\/td><td>Williams<\/td><td>1:31.623<\/td><td>+1.118<\/td><\/tr><tr><td>11<\/td><td>A ALBON<\/td><td>Williams<\/td><td>1:31.696<\/td><td>+1.191<\/td><\/tr><tr><td>12<\/td><td>L LAWSON<\/td><td>Racing Bulls<\/td><td>1:31.706<\/td><td>+1.201<\/td><\/tr><tr><td>13<\/td><td>G BORTOLETO<\/td><td>Sauber<\/td><td>1:31.772<\/td><td>+1.267<\/td><\/tr><tr><td>14<\/td><td>J DOOHAN<\/td><td>Alpine<\/td><td>1:31.788<\/td><td>+1.283<\/td><\/tr><tr><td>15<\/td><td>F ALONSO<\/td><td>Aston Martin<\/td><td>1:31.825<\/td><td>+1.320<\/td><\/tr><tr><td>16<\/td><td>E OCON<\/td><td>Haas<\/td><td>1:31.870<\/td><td>+1.365<\/td><\/tr><tr><td>17<\/td><td>P GASLY<\/td><td>Alpine<\/td><td>1:31.947<\/td><td>+1.442<\/td><\/tr><tr><td>18<\/td><td>Y TSUNODA<\/td><td>Red Bull<\/td><td>1:32.024<\/td><td>+1.519<\/td><\/tr><tr><td>19<\/td><td>L STROLL<\/td><td>Aston Martin<\/td><td>1:32.382<\/td><td>+1.877<\/td><\/tr><tr><td>20<\/td><td>N H\u00dcLKENBERG<\/td><td>Sauber<\/td><td>1:32.496<\/td><td>+1.991<\/td><\/tr><\/tbody><\/table><\/figure>\n\n\n\n<p class=\"wp-block-paragraph\"><\/p>\n\n\n\n<p class=\"wp-block-paragraph\"><\/p>\n","protected":false},"excerpt":{"rendered":"<p>Oscar Piastri lider\u00f3 el segundo entrenamiento del GP de Bahr\u00e9in, en un 1-2 de McLaren. Lando Norris qued\u00f3 como escolta, mientras que George Russell, de Mercedes, fue el tercero. <\/p>\n","protected":false},"author":0,"featured_media":1010322735,"comment_status":"closed","ping_status":"closed","sticky":false,"template":"","format":"standard","meta":{"42wp_featured_image_caption":"","42wp_featured_image_credits":"","42wp_featured_video":"","42wp_featured_image_hidden":false,"42wp_authors_list":[],"footnotes":""},"categories":[5],"tags":[181,1710,179,1096,268,269,278],"42wp_author":[14223],"class_list":["post-8193","post","type-post","status-publish","format-standard","has-post-thumbnail","hentry","category-f1","tag-f1","tag-f1-2025","tag-formula-1","tag-gp-de-bahrein","tag-lando-norris","tag-mclaren","tag-oscar-piastri","42wp_author-esteban-nieto"],"_links":{"self":[{"href":"https:\/\/grandepremio.com\/es\/wp-json\/wp\/v2\/posts\/8193","targetHints":{"allow":["GET"]}}],"collection":[{"href":"https:\/\/grandepremio.com\/es\/wp-json\/wp\/v2\/posts"}],"about":[{"href":"https:\/\/grandepremio.com\/es\/wp-json\/wp\/v2\/types\/post"}],"replies":[{"embeddable":true,"href":"https:\/\/grandepremio.com\/es\/wp-json\/wp\/v2\/comments?post=8193"}],"version-history":[{"count":0,"href":"https:\/\/grandepremio.com\/es\/wp-json\/wp\/v2\/posts\/8193\/revisions"}],"wp:featuredmedia":[{"embeddable":true,"href":"https:\/\/grandepremio.com\/es\/wp-json\/wp\/v2\/media\/1010322735"}],"wp:attachment":[{"href":"https:\/\/grandepremio.com\/es\/wp-json\/wp\/v2\/media?parent=8193"}],"wp:term":[{"taxonomy":"category","embeddable":true,"href":"https:\/\/grandepremio.com\/es\/wp-json\/wp\/v2\/categories?post=8193"},{"taxonomy":"post_tag","embeddable":true,"href":"https:\/\/grandepremio.com\/es\/wp-json\/wp\/v2\/tags?post=8193"},{"taxonomy":"42wp_author","embeddable":true,"href":"https:\/\/grandepremio.com\/es\/wp-json\/wp\/v2\/42wp_author?post=8193"}],"curies":[{"name":"wp","href":"https:\/\/api.w.org\/{rel}","templated":true}]}}