{"id":8205,"date":"2025-04-10T16:23:58","date_gmt":"2025-04-10T19:23:58","guid":{"rendered":"https:\/\/grandepremio.com\/es\/2025\/04\/10\/liberty-media-cerca-aprobacion-union-europea-compra-motogp\/"},"modified":"2025-04-10T16:24:04","modified_gmt":"2025-04-10T19:24:04","slug":"liberty-media-cerca-aprobacion-union-europea-compra-motogp","status":"publish","type":"post","link":"https:\/\/grandepremio.com\/es\/motogp\/liberty-media-cerca-aprobacion-union-europea-compra-motogp\/","title":{"rendered":"Liberty Media, cerca de la aprobaci\u00f3n de la Uni\u00f3n Europea para la compra de MotoGP"},"content":{"rendered":"\n<p class=\"wp-block-paragraph\">Si bien hace un a\u00f1o que se hab\u00eda anunciado que <strong>Liberty Media<\/strong> compraba el 86% de las acciones de <strong>Dorna Sports<\/strong>, la empresa titular de los derechos de <strong>MotoGP<\/strong>, la adquisici\u00f3n se ha frenado por parte de varios organismos antimonopolio de la <strong>Uni\u00f3n Europea<\/strong>, aunque s\u00ed que fue aprobado en otras partes del mundo.\u00a0<\/p>\n\n\n\n<p class=\"wp-block-paragraph\">\ud83d\udfe5 <strong><em>\u00a1Todas las novedades te esperan en el canal de <\/em><\/strong><a href=\"https:\/\/www.youtube.com\/@GrandePremioES\"><em>YouTube<\/em><\/a><strong><em> de Grande Pr\u00eamio en Espa\u00f1ol!<\/em><\/strong> \ud83d\udfe8<\/p>\n\n\n\n<p class=\"wp-block-paragraph\">M\u00e1s all\u00e1 de las investigaciones, seg\u00fan la agencia de noticias <em>Reuters<\/em>, la UE aprobar\u00eda el 1\u00b0 de junio la compra de los due\u00f1os de la <strong>F\u00f3rmula 1<\/strong> para que las dos principales categor\u00edas del automovilismo est\u00e9n bajo el mismo paraguas. El total de la operaci\u00f3n llega hasta los 3800 millones de euros, causando una profunda preocupaci\u00f3n en los parlamentarios europeos, como el belga <strong>Pascal Arimont<\/strong>, que pidi\u00f3 m\u00e1s controles al organismo.<\/p>\n\n\n\n<p class=\"wp-block-paragraph\"><strong>Teresa Ribera<\/strong>, responsable antimonopolio de la UE, ya ha admitido p\u00fablicamente que teme las repercusiones del acuerdo en los sectores del streaming y la radiodifusi\u00f3n. En 2025, la <strong>Comisi\u00f3n Europea<\/strong>, que examina las pr\u00e1cticas contrarias a la competencia en los 27 pa\u00edses del bloque, ampli\u00f3 hasta el 1\u00b0 de julio el plazo para finalizar el proceso de an\u00e1lisis del acuerdo.<\/p>\n\n\n\n<p class=\"wp-block-paragraph\">De aprobarse la millonaria operaci\u00f3n, Liberty Media tendr\u00e1, adem\u00e1s de F1 y el <strong>Mundial de Motociclismo<\/strong>, al <strong>Mundial de Superbikes<\/strong>, MotoE, el Campeonato del Mundo Junior, las Copas de Asia, Gran Breta\u00f1a y la North Talent Cup, las MiniGP World Series, la Red Bull Rookies Cup y el Campeonato Femenino de Motociclismo. Hay que sumarles a todas estas categor\u00edas el porcentaje que tienen en la<strong> F\u00f3rmula E<\/strong>.<\/p>\n\n\n\n<figure class=\"wp-block-embed is-type-video is-provider-youtube wp-block-embed-youtube wp-embed-aspect-16-9 wp-has-aspect-ratio\"><div class=\"wp-block-embed__wrapper\">\n<iframe loading=\"lazy\" title=\"GP DE BAHR\u00c9IN - LA PREVIA\" width=\"500\" height=\"281\" src=\"https:\/\/www.youtube.com\/embed\/I2F6JrJ_6Ts?feature=oembed\" frameborder=\"0\" allow=\"accelerometer; autoplay; clipboard-write; encrypted-media; gyroscope; picture-in-picture; web-share\" referrerpolicy=\"strict-origin-when-cross-origin\" allowfullscreen><\/iframe>\n<\/div><\/figure>\n\n\n\n<p class=\"wp-block-paragraph\">Fuentes de Reuters afirman que la investigaci\u00f3n concluir\u00e1 con la luz verde tan esperada por los empresarios estadounidenses, aunque restar\u00e1 por ver si <strong>John Malone<\/strong>, el principal accionista de Liberty Media, tiene influencia en <strong>Liberty Global<\/strong>, la empresa multinacional de telecomunicaciones, lo que llevar\u00eda a la compa\u00f1\u00eda a excluir a las cadenas rivales en B\u00e9lgica, Irlanda y Holanda, donde Liberty Global tambi\u00e9n tiene presencia. <\/p>\n\n\n\n<p class=\"wp-block-paragraph\">Todas estas informaciones coinciden con el reporte de The Capitol Forum, agencia de noticias especializada en el sector de la competencia en los mercados, que fue la primera en se\u00f1alar la aprobaci\u00f3n un\u00e1nime de la operaci\u00f3n.<\/p>\n\n\n\n<p class=\"wp-block-paragraph\">Al ser contactada por <strong>GRANDE PR\u00caMIO<\/strong>, Liberty Media mantuvo la misma l\u00ednea de los \u00faltimos meses y reiter\u00f3 su confianza en que el acuerdo ser\u00eda aprobado: <strong>\u201cSeguimos trabajando constructivamente con la Comisi\u00f3n Europea como parte de su exhaustivo proceso de revisi\u00f3n. Creemos que la transacci\u00f3n deber\u00eda ser aprobada y beneficiar\u00e1 al negocio de MotoGP, a los aficionados, a los espectadores y a la industria del motociclismo en general\u201d.\u00a0<\/strong><\/p>\n\n\n\n<p class=\"wp-block-paragraph\">\u23e9 <strong><em>\u00a1Seguinos en redes por <\/em><\/strong><a href=\"https:\/\/twitter.com\/grandepremioES\"><em>Twitter <\/em><\/a><strong><em>e <\/em><\/strong><a href=\"https:\/\/www.instagram.com\/grandepremioes\/\"><em>Instagram!<\/em><em><br><\/em><\/a>\u23e9 <strong><em>Adem\u00e1s, tenemos nuestro <\/em><\/strong><a href=\"https:\/\/whatsapp.com\/channel\/0029VaDZ5zb0gcfDxuwxBM05\"><em>canal de Whatsapp<\/em><\/a><strong><em> con toda la informaci\u00f3n al instante<\/em><\/strong> \ud83c\udfc1<\/p>\n\n\n\n<p class=\"wp-block-paragraph\">MotoGP volver\u00e1 a la pista ma\u00f1ana con el Gran Premio de Qatar y la actividad se extender\u00e1 hasta el domingo con las categor\u00edas de Moto2 y de Moto3. Cobertura \u00edntegra de GRANDE PREMIO.<\/p>\n","protected":false},"excerpt":{"rendered":"<p>Seg\u00fan fuentes de la agencia de noticias Reuters, Liberty Media obtendr\u00e1 la aprobaci\u00f3n para el acuerdo de 3.800 millones de d\u00f3lares para comprar el 86% de las acciones de Dorna Sports, titular de los derechos de MotoGP.<\/p>\n","protected":false},"author":0,"featured_media":1010322636,"comment_status":"closed","ping_status":"closed","sticky":false,"template":"","format":"standard","meta":{"42wp_featured_image_caption":"","42wp_featured_image_credits":"","42wp_featured_video":"","42wp_featured_image_hidden":false,"42wp_authors_list":[],"footnotes":""},"categories":[8],"tags":[11594,7927,179,462,1488,12153,10421,624,1293,1764,8492,10954,12152,10041],"42wp_author":[14237],"class_list":["post-8205","post","type-post","status-publish","format-standard","has-post-thumbnail","hentry","category-motogp","tag-comision-europea","tag-dorna-sports","tag-formula-1","tag-formula-e","tag-grande-premio","tag-john-malone","tag-liberty-global","tag-liberty-media","tag-motogp","tag-mundial-de-motociclismo","tag-mundial-de-superbikes","tag-pascal-arimont","tag-teresa-ribera","tag-union-europea","42wp_author-gabriel-garcia"],"_links":{"self":[{"href":"https:\/\/grandepremio.com\/es\/wp-json\/wp\/v2\/posts\/8205","targetHints":{"allow":["GET"]}}],"collection":[{"href":"https:\/\/grandepremio.com\/es\/wp-json\/wp\/v2\/posts"}],"about":[{"href":"https:\/\/grandepremio.com\/es\/wp-json\/wp\/v2\/types\/post"}],"replies":[{"embeddable":true,"href":"https:\/\/grandepremio.com\/es\/wp-json\/wp\/v2\/comments?post=8205"}],"version-history":[{"count":0,"href":"https:\/\/grandepremio.com\/es\/wp-json\/wp\/v2\/posts\/8205\/revisions"}],"wp:featuredmedia":[{"embeddable":true,"href":"https:\/\/grandepremio.com\/es\/wp-json\/wp\/v2\/media\/1010322636"}],"wp:attachment":[{"href":"https:\/\/grandepremio.com\/es\/wp-json\/wp\/v2\/media?parent=8205"}],"wp:term":[{"taxonomy":"category","embeddable":true,"href":"https:\/\/grandepremio.com\/es\/wp-json\/wp\/v2\/categories?post=8205"},{"taxonomy":"post_tag","embeddable":true,"href":"https:\/\/grandepremio.com\/es\/wp-json\/wp\/v2\/tags?post=8205"},{"taxonomy":"42wp_author","embeddable":true,"href":"https:\/\/grandepremio.com\/es\/wp-json\/wp\/v2\/42wp_author?post=8205"}],"curies":[{"name":"wp","href":"https:\/\/api.w.org\/{rel}","templated":true}]}}