{"id":8232,"date":"2025-04-09T09:48:09","date_gmt":"2025-04-09T12:48:09","guid":{"rendered":"https:\/\/grandepremio.com\/es\/2025\/04\/09\/norris-predice-red-bull-mas-rapido-bahrein-f1-2025\/"},"modified":"2025-04-09T09:48:12","modified_gmt":"2025-04-09T12:48:12","slug":"norris-predice-red-bull-mas-rapido-bahrein-f1-2025","status":"publish","type":"post","link":"https:\/\/grandepremio.com\/es\/f1\/norris-predice-red-bull-mas-rapido-bahrein-f1-2025\/","title":{"rendered":"Norris predice a Red Bull m\u00e1s r\u00e1pido en Bahr\u00e9in: \u00abPerderemos algunos puntos fuertes\u00bb"},"content":{"rendered":"\n<p class=\"wp-block-paragraph\"><strong>Lando Norris<\/strong> cree que <strong>Max Verstappen<\/strong> volver\u00e1 a ser una amenaza en el <strong>Gran Premio de Bahr\u00e9in<\/strong>, ya que el circuito resalta las fortalezas del auto de <strong>Red Bull<\/strong>. El piloto de <strong>McLaren<\/strong> coment\u00f3 que el superior rendimiento del <strong>RB21<\/strong> en curvas de baja velocidad le impidi\u00f3 alcanzar al tetracampe\u00f3n en la carrera del pasado domingo.<\/p>\n\n\n\n<p class=\"wp-block-paragraph\">\u00abNuestra debilidad fue la baja velocidad en comparaci\u00f3n con ellos\u00bb, coment\u00f3 el brit\u00e1nico despu\u00e9s del <strong>GP de Jap\u00f3n<\/strong>. \u00abHay muchas menos curvas de alta velocidad [en Bahr\u00e9in], por lo que perderemos algunos de nuestros puntos fuertes\u00bb, a\u00f1adi\u00f3.<\/p>\n\n\n\n<p class=\"wp-block-paragraph\">El brit\u00e1nico cree que el equipo ha mejorado su coche desde el comienzo de la temporada, despu\u00e9s de que Verstappen superara a McLaren en la pole position en Jap\u00f3n por una mil\u00e9sima de segundo. \u00abClaro que son r\u00e1pidos. Siento que entre <strong>Oscar [Piastri]<\/strong> y yo sacamos mucho provecho del coche [en la clasificaci\u00f3n]. Probablemente necesit\u00e1bamos un poco m\u00e1s, pero no est\u00e1bamos tan lejos en nuestros tiempos de vuelta ideales\u00bb, coment\u00f3.<\/p>\n\n\n\n<p class=\"wp-block-paragraph\">\ud83d\udfe5&nbsp;<strong><em>\u00a1Todas las novedades te esperan en el canal de&nbsp;<\/em><\/strong><a href=\"https:\/\/www.youtube.com\/@GrandePremioES\"><em>YouTube<\/em><\/a><strong><em>&nbsp;de Grande Pr\u00eamio en Espa\u00f1ol!<\/em><\/strong>&nbsp;\ud83d\udfe8<\/p>\n\n\n\n<figure class=\"wp-block-image size-large\"><img decoding=\"async\" src=\"https:\/\/grandepremio.com\/es\/wp-content\/uploads\/2025\/04\/Gn1Kl3EXQAA5fwe-1024x576.jpeg\" alt=\"\" class=\"wp-image-321948\"\/><figcaption class=\"wp-element-caption\">Lando Norris cree que Red Bull ser\u00e1 m\u00e1s r\u00e1pido en Bahr\u00e9in. (Foto: Reproducci\u00f3n\/F1)<\/figcaption><\/figure>\n\n\n\n<p class=\"wp-block-paragraph\">\u23e9\u00a0<strong><em>\u00a1Seguinos en redes por\u00a0<\/em><\/strong><a href=\"https:\/\/twitter.com\/grandepremioES\"><em>Twitter\u00a0<\/em><\/a><strong><em>e\u00a0<\/em><\/strong><a href=\"https:\/\/www.instagram.com\/grandepremioes\/\"><em>Instagram!<\/em><\/a><br>\u23e9\u00a0<strong><em>Adem\u00e1s, tenemos nuestro\u00a0<\/em><\/strong><a href=\"https:\/\/whatsapp.com\/channel\/0029VaDZ5zb0gcfDxuwxBM05\"><em>canal de Whatsapp<\/em><\/a><strong><em>\u00a0con toda la informaci\u00f3n al instante<\/em><\/strong>\u00a0\ud83c\udfc1<\/p>\n\n\n\n<p class=\"wp-block-paragraph\">\u00abMax lo est\u00e1 haciendo bien y Red Bull parece haberse acercado un poco m\u00e1s. Pero tampoco han estado tan mal en toda la temporada. En <strong>Australia<\/strong>, Verstappen luchaba por la victoria. En el <strong>Gran Premio de China<\/strong>, no estaba tan lejos. Y el fin de semana pasado se alz\u00f3 con la victoria. As\u00ed que espero que amenacen en cada carrera\u00bb, anticip\u00f3 Lando.<\/p>\n\n\n\n<p class=\"wp-block-paragraph\">Finalmente, Norris admiti\u00f3 que McLaren todav\u00eda tiene \u00ab\u00e1reas en las que trabajar\u00bb con el <strong>MCL39<\/strong>. \u00abEn las curvas r\u00e1pidas fuimos muy fuertes y, sin duda, \u00e9ramos el mejor coche de la parrilla en ese aspecto. En las curvas lentas, est\u00e1bamos bastante lejos del Red Bull y ah\u00ed fue donde perdimos en la clasificaci\u00f3n. No pudimos mantener el ritmo de forma consistente en carrera. As\u00ed que hay muchas \u00e1reas en las que debemos trabajar\u00bb, concluy\u00f3.<\/p>\n\n\n\n<p class=\"wp-block-paragraph\">Norris lidera el <strong>Campeonato de Pilotos<\/strong> con 62 puntos, solo 1 por delante de Verstappen.<\/p>\n\n\n\n<p class=\"wp-block-paragraph\">La&nbsp;<strong>F\u00f3rmula 1<\/strong>&nbsp;regresa del 11 al 13 de abril para el&nbsp;<strong>GP de Bahr\u00e9in<\/strong>&nbsp;en&nbsp;<strong>Sakhir<\/strong>, cuarta ronda de la&nbsp;<strong>temporada 2025<\/strong>.<\/p>\n\n\n\n<figure class=\"wp-block-embed is-type-video is-provider-youtube wp-block-embed-youtube wp-embed-aspect-16-9 wp-has-aspect-ratio\"><div class=\"wp-block-embed__wrapper\">\n<iframe loading=\"lazy\" title=\"GP DE JAP\u00d3N 2025 - 5 CLAVES\" width=\"500\" height=\"281\" src=\"https:\/\/www.youtube.com\/embed\/sK8uyD6EF2c?feature=oembed\" frameborder=\"0\" allow=\"accelerometer; autoplay; clipboard-write; encrypted-media; gyroscope; picture-in-picture; web-share\" referrerpolicy=\"strict-origin-when-cross-origin\" allowfullscreen><\/iframe>\n<\/div><\/figure>\n","protected":false},"excerpt":{"rendered":"<p>El piloto de McLaren, Lando Norris, cree que Max Verstappen y Red Bull ser\u00e1n a\u00fan m\u00e1s fuertes en el GP de Bahr\u00e9in, una pista que no favorece las cualidades del coche del equipo brit\u00e1nico.<\/p>\n","protected":false},"author":0,"featured_media":1010320048,"comment_status":"closed","ping_status":"closed","sticky":false,"template":"","format":"standard","meta":{"42wp_featured_image_caption":"","42wp_featured_image_credits":"","42wp_featured_video":"","42wp_featured_image_hidden":false,"42wp_authors_list":[],"footnotes":""},"categories":[5],"tags":[1710,179,1096,268,249,11737,269,278,11072,206,1095],"42wp_author":[14240],"class_list":["post-8232","post","type-post","status-publish","format-standard","has-post-thumbnail","hentry","category-f1","tag-f1-2025","tag-formula-1","tag-gp-de-bahrein","tag-lando-norris","tag-max-verstappen","tag-mcl39","tag-mclaren","tag-oscar-piastri","tag-rb21","tag-red-bull","tag-sakhir","42wp_author-ignacio-bogado"],"_links":{"self":[{"href":"https:\/\/grandepremio.com\/es\/wp-json\/wp\/v2\/posts\/8232","targetHints":{"allow":["GET"]}}],"collection":[{"href":"https:\/\/grandepremio.com\/es\/wp-json\/wp\/v2\/posts"}],"about":[{"href":"https:\/\/grandepremio.com\/es\/wp-json\/wp\/v2\/types\/post"}],"replies":[{"embeddable":true,"href":"https:\/\/grandepremio.com\/es\/wp-json\/wp\/v2\/comments?post=8232"}],"version-history":[{"count":0,"href":"https:\/\/grandepremio.com\/es\/wp-json\/wp\/v2\/posts\/8232\/revisions"}],"wp:featuredmedia":[{"embeddable":true,"href":"https:\/\/grandepremio.com\/es\/wp-json\/wp\/v2\/media\/1010320048"}],"wp:attachment":[{"href":"https:\/\/grandepremio.com\/es\/wp-json\/wp\/v2\/media?parent=8232"}],"wp:term":[{"taxonomy":"category","embeddable":true,"href":"https:\/\/grandepremio.com\/es\/wp-json\/wp\/v2\/categories?post=8232"},{"taxonomy":"post_tag","embeddable":true,"href":"https:\/\/grandepremio.com\/es\/wp-json\/wp\/v2\/tags?post=8232"},{"taxonomy":"42wp_author","embeddable":true,"href":"https:\/\/grandepremio.com\/es\/wp-json\/wp\/v2\/42wp_author?post=8232"}],"curies":[{"name":"wp","href":"https:\/\/api.w.org\/{rel}","templated":true}]}}