{"id":8239,"date":"2025-04-08T14:45:48","date_gmt":"2025-04-08T17:45:48","guid":{"rendered":"https:\/\/grandepremio.com\/es\/2025\/04\/08\/cadillac-admite-charlas-7-u-8-pilotos-merito-f1-2026\/"},"modified":"2025-04-08T14:45:53","modified_gmt":"2025-04-08T17:45:53","slug":"cadillac-admite-charlas-7-u-8-pilotos-merito-f1-2026","status":"publish","type":"post","link":"https:\/\/grandepremio.com\/es\/f1\/cadillac-admite-charlas-7-u-8-pilotos-merito-f1-2026\/","title":{"rendered":"Cadillac admite charlas con &#8220;7 u 8 pilotos&#8221; para 2026 y revela que se centra en el &#8220;m\u00e9rito&#8221;"},"content":{"rendered":"\n<p class=\"wp-block-paragraph\">La llegada de <strong>Cadillac <\/strong>como und\u00e9cimo equipo a la <strong>F\u00f3rmula 1<\/strong> en la temporada 2026 es algo muy esperado, no solo por ser una importante f\u00e1brica de autom\u00f3viles, sino por la elecci\u00f3n de su dupla de pilotos. <strong>Graeme Lowdon<\/strong>, el jefe de la escuder\u00eda, dijo que, si bien se basar\u00e1n en los m\u00e9ritos deportivos de los pilotos, garantiz\u00f3 que est\u00e1n en conversaciones con hasta 8 competidores.\u00a0<\/p>\n\n\n\n<p class=\"wp-block-paragraph\">\ud83d\udfe5 <strong><em>\u00a1Todas las novedades te esperan en el canal de <\/em><\/strong><a href=\"https:\/\/www.youtube.com\/@GrandePremioES\"><em>YouTube<\/em><\/a><strong><em> de Grande Pr\u00eamio en Espa\u00f1ol!<\/em><\/strong> \ud83d\udfe8<\/p>\n\n\n\n<p class=\"wp-block-paragraph\"><strong>\u201cYa hemos hablado -o tenemos previsto hablar- probablemente con siete u ocho pilotos en total. No ser\u00e1 una sorpresa que cualquiera con experiencia reciente en F1 est\u00e9 incluido en esa lista\u201d<\/strong>, dijo Lowndon en una entrevista al programa <em>Speed City<\/em>, refiri\u00e9ndose a <strong>Sergio P\u00e9rez<\/strong> y <strong>Valtteri Bottas<\/strong>, que siempre aparecen en los rumores sobre un regreso a la categor\u00eda reina.<\/p>\n\n\n\n<p class=\"wp-block-paragraph\"><strong>\u201cPero recalco que, de momento, cualquier discusi\u00f3n es muy preliminar. S\u00f3lo est\u00e1n tratando de entender el nivel de inter\u00e9s de la gente, cu\u00e1les son las motivaciones, y ese tipo de cosas. As\u00ed que no estamos en conversaciones avanzadas con ning\u00fan piloto\u201d<\/strong>, agreg\u00f3 el jefe de la estructura originalmente concebida por <strong>Michael Andretti<\/strong>.<\/p>\n\n\n\n<p class=\"wp-block-paragraph\"><a href=\"https:\/\/grandepremio.com\/es\/f1\/mario-andretti-confirma-interes-cadillac-f1-perez\/\" target=\"_blank\" rel=\"noreferrer noopener\">M\u00e1s all\u00e1 de que <strong>Mario Andretti<\/strong> dijo que Cadillac considera a un piloto de experiencia<\/a> para sumar a su alineaci\u00f3n, Lowdon dijo que esto no era obligatorio: <strong>\u201cHay mucha gente con mucha experiencia. No solo experiencia de \u201cvenir y correr\u201d, sino gente que ha estado en equipos ganadores de campeonatos, o equipos ganadores de carreras, o lo que sea. Pero tambi\u00e9n hay gente m\u00e1s joven que tiene experiencia, as\u00ed que esa es otra perspectiva. Adem\u00e1s, hay pilotos prometedores que a\u00fan no tienen experiencia en carreras, pero que han demostrado su val\u00eda en las categor\u00edas formativas\u201d.<\/strong><\/p>\n\n\n\n<figure class=\"wp-block-embed is-type-video is-provider-youtube wp-block-embed-youtube wp-embed-aspect-16-9 wp-has-aspect-ratio\"><div class=\"wp-block-embed__wrapper\">\n<iframe loading=\"lazy\" title=\"GP DE JAP\u00d3N 2025 - 5 CLAVES\" width=\"500\" height=\"281\" src=\"https:\/\/www.youtube.com\/embed\/sK8uyD6EF2c?feature=oembed\" frameborder=\"0\" allow=\"accelerometer; autoplay; clipboard-write; encrypted-media; gyroscope; picture-in-picture; web-share\" referrerpolicy=\"strict-origin-when-cross-origin\" allowfullscreen><\/iframe>\n<\/div><\/figure>\n\n\n\n<p class=\"wp-block-paragraph\"><strong>\u201cTeniendo en cuenta que no pudimos estar activos en el \u00faltimo mercado de pilotos, estamos en una posici\u00f3n razonablemente buena en este momento para formar un equipo para 2026. Hemos dicho varias veces que la elecci\u00f3n de los pilotos se basar\u00e1 en el m\u00e9rito, y estoy contento de que todo el mundo con el que estamos teniendo conversaciones iniciales es perfectamente capaz de ser un piloto de F1 y perfectamente capaz de liderar un equipo profesional\u201d<\/strong>, se\u00f1al\u00f3.<\/p>\n\n\n\n<p class=\"wp-block-paragraph\">Por \u00faltimo, y como era de esperar, a Graeme le preguntaron por la presencia de <strong>Colton Herta<\/strong>, el principal se\u00f1alado para desembarcar en el equipo de <strong>GM <\/strong>en 2026, y por Jak Crawford, que corre en la F2: <strong>\u201cColton acaba de empezar la temporada de Indy. Tuvo mala suerte en la primera carrera, pero condujo muy bien y termin\u00f3 cuarto en la \u00faltima. Obviamente, estamos muy interesados en ver c\u00f3mo le va a Jak (Crawford) en la F2. Pero como hemos dicho antes, no hay nada que nos impida tener uno o m\u00e1s pilotos de Estados Unidos en alg\u00fan momento\u201d.\u00a0<\/strong><\/p>\n\n\n\n<p class=\"wp-block-paragraph\">\u23e9 <strong><em>\u00a1Seguinos en redes por <\/em><\/strong><a href=\"https:\/\/twitter.com\/grandepremioES\"><em>Twitter <\/em><\/a><strong><em>e <\/em><\/strong><a href=\"https:\/\/www.instagram.com\/grandepremioes\/\"><em>Instagram!<\/em><em><br><\/em><\/a>\u23e9 <strong><em>Adem\u00e1s, tenemos nuestro <\/em><\/strong><a href=\"https:\/\/whatsapp.com\/channel\/0029VaDZ5zb0gcfDxuwxBM05\"><em>canal de Whatsapp<\/em><\/a><strong><em> con toda la informaci\u00f3n al instante<\/em><\/strong> \ud83c\udfc1<\/p>\n\n\n\n<p class=\"wp-block-paragraph\">La F\u00f3rmula 1 regresa del 11 al 13 de abril para el Gran Premio de Bahr\u00e9in en Sakhir, cuarta prueba de la temporada 2025. Cobertura \u00edntegra de GRANDE PR\u00caMIO.&nbsp;<\/p>\n","protected":false},"excerpt":{"rendered":"<p>Graeme Lowdon reconoci\u00f3 que Cadillac busca pilotos con experiencia, pero asegur\u00f3 que el equipo est\u00e1 analizando todas las posibilidades para su ingreso en la temporada 2026 de la F\u00f3rmula 1, y admiti\u00f3 que no es necesario que un piloto estadounidense sea parte del proyecto. <\/p>\n","protected":false},"author":0,"featured_media":1010322349,"comment_status":"closed","ping_status":"closed","sticky":false,"template":"","format":"standard","meta":{"42wp_featured_image_caption":"","42wp_featured_image_credits":"","42wp_featured_video":"","42wp_featured_image_hidden":false,"42wp_authors_list":[],"footnotes":""},"categories":[5],"tags":[1560,736,179,4907,11211,918,920,294,252],"42wp_author":[14237],"class_list":["post-8239","post","type-post","status-publish","format-standard","has-post-thumbnail","hentry","category-f1","tag-cadillac","tag-colton-herta","tag-formula-1","tag-gm","tag-graeme-lowdon","tag-mario-andretti","tag-michael-andretti","tag-sergio-perez","tag-valtteri-bottas","42wp_author-gabriel-garcia"],"_links":{"self":[{"href":"https:\/\/grandepremio.com\/es\/wp-json\/wp\/v2\/posts\/8239","targetHints":{"allow":["GET"]}}],"collection":[{"href":"https:\/\/grandepremio.com\/es\/wp-json\/wp\/v2\/posts"}],"about":[{"href":"https:\/\/grandepremio.com\/es\/wp-json\/wp\/v2\/types\/post"}],"replies":[{"embeddable":true,"href":"https:\/\/grandepremio.com\/es\/wp-json\/wp\/v2\/comments?post=8239"}],"version-history":[{"count":0,"href":"https:\/\/grandepremio.com\/es\/wp-json\/wp\/v2\/posts\/8239\/revisions"}],"wp:featuredmedia":[{"embeddable":true,"href":"https:\/\/grandepremio.com\/es\/wp-json\/wp\/v2\/media\/1010322349"}],"wp:attachment":[{"href":"https:\/\/grandepremio.com\/es\/wp-json\/wp\/v2\/media?parent=8239"}],"wp:term":[{"taxonomy":"category","embeddable":true,"href":"https:\/\/grandepremio.com\/es\/wp-json\/wp\/v2\/categories?post=8239"},{"taxonomy":"post_tag","embeddable":true,"href":"https:\/\/grandepremio.com\/es\/wp-json\/wp\/v2\/tags?post=8239"},{"taxonomy":"42wp_author","embeddable":true,"href":"https:\/\/grandepremio.com\/es\/wp-json\/wp\/v2\/42wp_author?post=8239"}],"curies":[{"name":"wp","href":"https:\/\/api.w.org\/{rel}","templated":true}]}}