{"id":8270,"date":"2025-04-07T09:08:37","date_gmt":"2025-04-07T12:08:37","guid":{"rendered":"https:\/\/grandepremio.com\/es\/2025\/04\/07\/haas-ryo-hirakawa-reserva-haas-formula-1-2025\/"},"modified":"2025-04-07T09:08:41","modified_gmt":"2025-04-07T12:08:41","slug":"haas-ryo-hirakawa-reserva-haas-formula-1-2025","status":"publish","type":"post","link":"https:\/\/grandepremio.com\/es\/f1\/haas-ryo-hirakawa-reserva-haas-formula-1-2025\/","title":{"rendered":"Haas anuncia a Hirakawa como piloto reserva para el resto de la temporada 2025 de F1"},"content":{"rendered":"\n<p class=\"wp-block-paragraph\"><strong>Haas<\/strong> anunci\u00f3 este lunes que<strong> Ryo Hirakawa<\/strong> ser\u00e1 el piloto reserva del equipo para el resto de la<strong> temporada 2025 de F\u00f3rmula 1.<\/strong> El japon\u00e9s que compite con <strong>Toyota<\/strong> en el<strong> Campeonato Mundial de Resistencia<\/strong> ya hab\u00eda pilotado el <strong>VF-24<\/strong> del equipo de Kannapolis en diciembre del a\u00f1o pasado en los test de postemporada de <strong>Abu Dhabi.<\/strong><\/p>\n\n\n\n<p class=\"wp-block-paragraph\">El asi\u00e1tico acumula cierta experiencia en autos de F1, <a href=\"https:\/\/grandepremio.com\/es\/f1\/lando-norris-primer-entrenamiento-japon-formula-1-2025\/\">despu\u00e9s de que tambi\u00e9n participara en la FP1 del GP de Jap\u00f3n del pasado fin de semana con el monoplaza de <strong>Alpine<\/strong><\/a>. Haas tambi\u00e9n confirm\u00f3 que el piloto de Hiroshima estar\u00e1 en cuatro FP1 a lo largo del a\u00f1o.<\/p>\n\n\n\n<p class=\"wp-block-paragraph\">Su primera aparici\u00f3n a bordo del <strong>VF-25<\/strong> ser\u00e1 en el GP de Bahr\u00e9in del pr\u00f3ximo fin de semana, cuando se ponga a los mandos del auto de <strong>Ollie Bearman. E<\/strong>l brit\u00e1nico tambi\u00e9n ceder\u00e1 el auto al piloto japon\u00e9s en <strong>M\u00e9xico.<\/strong> <strong>Esteban Ocon<\/strong>, por su parte, lo har\u00e1 en las rondas de Espa\u00f1a y Abu Dhabi.<\/p>\n\n\n\n<p class=\"wp-block-paragraph\"><strong><em>\u00a1Todas las novedades te esperan en el canal de\u00a0<a href=\"https:\/\/www.youtube.com\/@GrandePremioES\" target=\"_blank\" rel=\"noreferrer noopener\">YouTube<\/a>\u00a0de Grande Pr\u00eamio en Espa\u00f1ol!<\/em><\/strong><\/p>\n\n\n\n<figure class=\"wp-block-image size-large\"><img decoding=\"async\" src=\"https:\/\/grandepremio.com\/cdn-cgi\/image\/width=893,height=558,fit=contain,gravity=0.5x0.5,quality=75,format=webp\/es\/wp-content\/uploads\/2025\/04\/image-4-1024x597.png\" alt=\"\" class=\"wp-image-322174\"\/><figcaption class=\"wp-element-caption\">Ryo Hirakawa es el nuevo piloto reserva de Haas <\/figcaption><\/figure>\n\n\n\n<p class=\"wp-block-paragraph\">\u00abEstoy encantado de unirme a Haas, realmente aprecio esta oportunidad y tengo muchas ganas de esta nueva etapa con el equipo\u00bb, coment\u00f3 Hirakawa. \u00abHar\u00e9 mi primera FP1 en Bahr\u00e9in, as\u00ed que pilotar durante dos fines de semana seguidos es emocionante, y no puedo esperar a llegar a Bahr\u00e9in\u00bb, continu\u00f3.<\/p>\n\n\n\n<p class=\"wp-block-paragraph\">\u00abMe gustar\u00eda darle las gracias a Komatsu-san, Haas, Morizo-san [<strong>Akio Toyoda<\/strong>, presidente de Toyota Motor Corporation] y Toyota GAZOO Racing por esta oportunidad. Es un nuevo reto para m\u00ed y estoy impaciente por empezar\u00bb, a\u00f1adi\u00f3.<\/p>\n\n\n\n<p class=\"wp-block-paragraph\"><strong><em>\u00a1Seguinos en redes por&nbsp;<\/em><\/strong><strong><em><a target=\"_blank\" href=\"https:\/\/twitter.com\/grandepremioES\" rel=\"noreferrer noopener\">Twitter&nbsp;<\/a><\/em><\/strong><strong><em>e&nbsp;<\/em><\/strong><strong><em><a target=\"_blank\" href=\"https:\/\/www.instagram.com\/grandepremioes\/\" rel=\"noreferrer noopener\">Instagram!<\/a><\/em><\/strong><br><strong><em>Adem\u00e1s, tenemos nuestro&nbsp;<\/em><\/strong><strong><em><a target=\"_blank\" href=\"https:\/\/whatsapp.com\/channel\/0029VaDZ5zb0gcfDxuwxBM05\" rel=\"noreferrer noopener\">canal de Whatsapp<\/a><\/em><\/strong><strong><em>&nbsp;con toda la informaci\u00f3n al instante<\/em><\/strong><\/p>\n\n\n\n<figure class=\"wp-block-image size-large\"><img decoding=\"async\" src=\"https:\/\/grandepremio.com\/cdn-cgi\/image\/width=893,height=558,fit=contain,gravity=0.5x0.5,quality=75,format=webp\/es\/wp-content\/uploads\/2025\/04\/image-5-791x1024.png\" alt=\"\" class=\"wp-image-322175\"\/><figcaption class=\"wp-element-caption\">Ryo Hirakawa particip\u00f3 en la FP1 del GP de Jap\u00f3n con Alpine. (Foto: Alpine)<\/figcaption><\/figure>\n\n\n\n<p class=\"wp-block-paragraph\">Adem\u00e1s del Campeonato Mundial de Resistencia, donde cuenta en su curr\u00edculum con una victoria en la edici\u00f3n de 2022 de las 24 Horas de Le Mans, Hirakawa tambi\u00e9n tiene experiencia en Super F\u00f3rmula y Super GT.<\/p>\n\n\n\n<p class=\"wp-block-paragraph\">\u00abEs genial dar la bienvenida a Ryo a Haas y contar con su experiencia para impulsar nuestro conocimiento y comprensi\u00f3n del VF-25\u00bb, manifest\u00f3 Ayao Komatsu, jefe del equipo. \u00abSus comentarios fueron muy detallados en los test de postemporada del a\u00f1o pasado, as\u00ed que poder ofrecerle a Ryo un valioso tiempo en pista en cuatro circuitos diferentes este a\u00f1o ayudar\u00e1 a todo el equipo. Como parte de nuestra colaboraci\u00f3n con Toyota GAZOO Racing, es fant\u00e1stico darle la bienvenida a un nuevo talento al equipo. Es un verdadero placer trabajar con un piloto con su perspicacia al volante\u00bb, concluy\u00f3.<\/p>\n\n\n\n<p class=\"wp-block-paragraph\"><strong>La F\u00f3rmula 1 regresa del 11 al 13 de abril para el Gran Premio de Bahr\u00e9in en Sakhir, cuarta prueba de la temporada 2025.<\/strong><\/p>\n\n\n\n<p class=\"wp-block-paragraph\"><\/p>\n","protected":false},"excerpt":{"rendered":"<p>Tras haber participado en la FP1 del GP de Jap\u00f3n con Alpine, Ryo Hirakawa fue confirmado como nuevo reserva de Haas y tambi\u00e9n estar\u00e1 en la FP1 en el GP de Bahr\u00e9in con su nueva escuder\u00eda.<\/p>\n","protected":false},"author":0,"featured_media":1010307047,"comment_status":"closed","ping_status":"closed","sticky":false,"template":"","format":"standard","meta":{"42wp_featured_image_caption":"","42wp_featured_image_credits":"","42wp_featured_video":"","42wp_featured_image_hidden":false,"42wp_authors_list":[],"footnotes":""},"categories":[5],"tags":[181,1710,179,414,3326],"42wp_author":[14223],"class_list":["post-8270","post","type-post","status-publish","format-standard","has-post-thumbnail","hentry","category-f1","tag-f1","tag-f1-2025","tag-formula-1","tag-haas","tag-ryo-hirakawa","42wp_author-esteban-nieto"],"_links":{"self":[{"href":"https:\/\/grandepremio.com\/es\/wp-json\/wp\/v2\/posts\/8270","targetHints":{"allow":["GET"]}}],"collection":[{"href":"https:\/\/grandepremio.com\/es\/wp-json\/wp\/v2\/posts"}],"about":[{"href":"https:\/\/grandepremio.com\/es\/wp-json\/wp\/v2\/types\/post"}],"replies":[{"embeddable":true,"href":"https:\/\/grandepremio.com\/es\/wp-json\/wp\/v2\/comments?post=8270"}],"version-history":[{"count":0,"href":"https:\/\/grandepremio.com\/es\/wp-json\/wp\/v2\/posts\/8270\/revisions"}],"wp:featuredmedia":[{"embeddable":true,"href":"https:\/\/grandepremio.com\/es\/wp-json\/wp\/v2\/media\/1010307047"}],"wp:attachment":[{"href":"https:\/\/grandepremio.com\/es\/wp-json\/wp\/v2\/media?parent=8270"}],"wp:term":[{"taxonomy":"category","embeddable":true,"href":"https:\/\/grandepremio.com\/es\/wp-json\/wp\/v2\/categories?post=8270"},{"taxonomy":"post_tag","embeddable":true,"href":"https:\/\/grandepremio.com\/es\/wp-json\/wp\/v2\/tags?post=8270"},{"taxonomy":"42wp_author","embeddable":true,"href":"https:\/\/grandepremio.com\/es\/wp-json\/wp\/v2\/42wp_author?post=8270"}],"curies":[{"name":"wp","href":"https:\/\/api.w.org\/{rel}","templated":true}]}}