{"id":8280,"date":"2025-04-06T05:57:16","date_gmt":"2025-04-06T08:57:16","guid":{"rendered":"https:\/\/grandepremio.com\/es\/2025\/04\/06\/fernando-alonso-aston-martin-gran-premio-japon-f1-2025\/"},"modified":"2025-04-06T08:18:58","modified_gmt":"2025-04-06T11:18:58","slug":"fernando-alonso-aston-martin-gran-premio-japon-f1-2025","status":"publish","type":"post","link":"https:\/\/grandepremio.com\/es\/f1\/fernando-alonso-aston-martin-gran-premio-japon-f1-2025\/","title":{"rendered":"Alonso ve &#8220;peque\u00f1o milagro&#8221; con el und\u00e9cimo puesto en Jap\u00f3n: &#8220;Hice lo que pude&#8221;"},"content":{"rendered":"\n<p class=\"wp-block-paragraph\">A pesar de un mero und\u00e9cimo lugar, <strong>Fernando Alonso<\/strong> celebr\u00f3 su actuaci\u00f3n en el <strong>Gran Premio de Jap\u00f3n<\/strong> el domingo. El espa\u00f1ol dijo que el <strong>Aston Martin<\/strong> hizo m\u00e1s de lo permitido por el coche, lo que a\u00fan no le permite entrar en la zona de puntos de la <strong>F1<\/strong>.<\/p>\n\n\n\n<p class=\"wp-block-paragraph\">\ud83d\udfe5&nbsp;<strong><em>\u00a1Todas las novedades te esperan en el canal de&nbsp;<\/em><\/strong><a href=\"https:\/\/www.youtube.com\/@GrandePremioES\"><em>YouTube<\/em><\/a><strong><em>&nbsp;de Grande Pr\u00eamio en Espa\u00f1ol!<\/em><\/strong>&nbsp;\ud83d\udfe8<\/p>\n\n\n\n<figure class=\"wp-block-embed is-type-video is-provider-youtube wp-block-embed-youtube wp-embed-aspect-16-9 wp-has-aspect-ratio\"><div class=\"wp-block-embed__wrapper\">\n<iframe loading=\"lazy\" title=\"GP DE JAP\u00d3N 2025 - 5 CLAVES\" width=\"500\" height=\"281\" src=\"https:\/\/www.youtube.com\/embed\/sK8uyD6EF2c?feature=oembed\" frameborder=\"0\" allow=\"accelerometer; autoplay; clipboard-write; encrypted-media; gyroscope; picture-in-picture; web-share\" referrerpolicy=\"strict-origin-when-cross-origin\" allowfullscreen><\/iframe>\n<\/div><\/figure>\n\n\n\n<p class=\"wp-block-paragraph\">Alonso est\u00e1 tan decepcionado con <strong>Aston Martin<\/strong> esta temporada que describi\u00f3 el resultado como un \u00abpeque\u00f1o milagro\u00bb y que el <strong>AMR25 <\/strong>no tiene suficiente ritmo para estar entre los 18 primeros. Mientras \u00e9l quedaba a las puertas de los puntos, <strong>Lance Stroll<\/strong>, su compa\u00f1ero de equipo, termin\u00f3 20\u00ba y \u00faltimo en <strong>Suzuka<\/strong>.<\/p>\n\n\n\n<p class=\"wp-block-paragraph\"><strong>Alonso <\/strong>tambi\u00e9n admiti\u00f3 que par\u00f3 en boxes en la vuelta 24 para alcanzar a <strong>Yuki Tsunoda,<\/strong> que termin\u00f3 justo detr\u00e1s de \u00e9l y se hab\u00eda detenido en la vuelta anterior. El objetivo era estar en posici\u00f3n para sumar puntos en caso de abandonos. El bicampe\u00f3n ironiz\u00f3 tras la carrera y ahora espera que alguno de sus rivales sea descalificado.<\/p>\n\n\n\n<p class=\"wp-block-paragraph\">\u00abUna carrera totalmente an\u00f3nima. Nadie recordar\u00e1 el und\u00e9cimo puesto en <strong>Suzuka<\/strong> <strong>2025<\/strong>. Pero personalmente ha sido una de mis mejores carreras. Saqu\u00e9 el m\u00e1ximo del coche -e incluso un poco m\u00e1s-, lo que siempre deja un poco de satisfacci\u00f3n\u00bb, analiz\u00f3 <strong>Alonso<\/strong>.<\/p>\n\n\n\n<p class=\"wp-block-paragraph\">\u23e9&nbsp;<strong><em>\u00a1Seguinos en redes por&nbsp;<\/em><\/strong><a href=\"https:\/\/twitter.com\/grandepremioES\"><em>Twitter&nbsp;<\/em><\/a><strong><em>e&nbsp;<\/em><\/strong><a href=\"https:\/\/www.instagram.com\/grandepremioes\/\"><em>Instagram!<\/em><\/a><br>\u23e9&nbsp;<strong><em>Adem\u00e1s, tenemos nuestro&nbsp;<\/em><\/strong><a href=\"https:\/\/whatsapp.com\/channel\/0029VaDZ5zb0gcfDxuwxBM05\"><em>canal de Whatsapp<\/em><\/a><strong><em>&nbsp;con toda la informaci\u00f3n al instante<\/em><\/strong>&nbsp;\ud83c\udfc1<\/p>\n\n\n\n<figure class=\"wp-block-image size-large\"><img decoding=\"async\" src=\"https:\/\/grandepremio.com\/es\/wp-content\/uploads\/2025\/04\/2208754824-1024x683.jpg\" alt=\"\" class=\"wp-image-322000\"\/><figcaption class=\"wp-element-caption\">Fernando Alonso se ve lejos de luchar en la zona alta de la F1 (Foto: Aston Martin)<\/figcaption><\/figure>\n\n\n\n<p class=\"wp-block-paragraph\">\u00abNo creo [que pudiera haberlo hecho mejor]. No somos lo suficientemente r\u00e1pidos para estar entre los diez primeros, quiz\u00e1 ni siquiera entre los 18. Acabar und\u00e9cimo es un peque\u00f1o milagro. El coche estaba bien, no hab\u00eda agarre y paramos en boxes para defendernos de <strong>Tsunoda<\/strong>. De repente, si pasa algo, podr\u00edamos estar en los puntos\u00bb, continu\u00f3.<\/p>\n\n\n\n<p class=\"wp-block-paragraph\">\u00abSi no hubiera parado all\u00ed, habr\u00eda terminado decimosegundo o decimotercero. Aparte de eso, tenemos el coche m\u00e1s lento en la recta. Es una condici\u00f3n de la que no podemos salir. Vamos a ver, a lo mejor descalifican a dos o tres coches\u00bb, termin\u00f3 <strong>Alonso <\/strong>entre risas.<\/p>\n\n\n\n<p class=\"wp-block-paragraph\">La&nbsp;<strong><a href=\"https:\/\/es.grandepremio.com\/f1\/\" target=\"_blank\" rel=\"noreferrer noopener\"><\/a><a href=\"https:\/\/es.grandepremio.com\/f1\/\" target=\"_blank\" rel=\"noreferrer noopener\">F\u00f3rmula 1<\/a><\/strong>&nbsp;regresa del 11 al 13 de abril para el&nbsp;<strong>GP de Bahr\u00e9in<\/strong>&nbsp;en&nbsp;<strong>Sakhir<\/strong>, cuarta ronda de la&nbsp;<strong>temporada 2025<\/strong>.<\/p>\n","protected":false},"excerpt":{"rendered":"<p>Fernando Alonso ironiz\u00f3 tras el Gran Premio de Jap\u00f3n y ahora espera \u00abdos o tres descalificaciones\u00bb para sumar puntos en la temporada 2025 de F1.<\/p>\n","protected":false},"author":0,"featured_media":1010321996,"comment_status":"closed","ping_status":"closed","sticky":false,"template":"","format":"standard","meta":{"42wp_featured_image_caption":"","42wp_featured_image_credits":"","42wp_featured_video":"","42wp_featured_image_hidden":false,"42wp_authors_list":[],"footnotes":""},"categories":[5],"tags":[209,181,1710,184,179,8059,11996,1488,9647],"42wp_author":[14239],"class_list":["post-8280","post","type-post","status-publish","format-standard","has-post-thumbnail","hentry","category-f1","tag-aston-martin","tag-f1","tag-f1-2025","tag-fernando-alonso","tag-formula-1","tag-formula-1-2025","tag-gp-de-japon-2025","tag-grande-premio","tag-temporada-2025-f1","42wp_author-jp-otrosky"],"_links":{"self":[{"href":"https:\/\/grandepremio.com\/es\/wp-json\/wp\/v2\/posts\/8280","targetHints":{"allow":["GET"]}}],"collection":[{"href":"https:\/\/grandepremio.com\/es\/wp-json\/wp\/v2\/posts"}],"about":[{"href":"https:\/\/grandepremio.com\/es\/wp-json\/wp\/v2\/types\/post"}],"replies":[{"embeddable":true,"href":"https:\/\/grandepremio.com\/es\/wp-json\/wp\/v2\/comments?post=8280"}],"version-history":[{"count":0,"href":"https:\/\/grandepremio.com\/es\/wp-json\/wp\/v2\/posts\/8280\/revisions"}],"wp:featuredmedia":[{"embeddable":true,"href":"https:\/\/grandepremio.com\/es\/wp-json\/wp\/v2\/media\/1010321996"}],"wp:attachment":[{"href":"https:\/\/grandepremio.com\/es\/wp-json\/wp\/v2\/media?parent=8280"}],"wp:term":[{"taxonomy":"category","embeddable":true,"href":"https:\/\/grandepremio.com\/es\/wp-json\/wp\/v2\/categories?post=8280"},{"taxonomy":"post_tag","embeddable":true,"href":"https:\/\/grandepremio.com\/es\/wp-json\/wp\/v2\/tags?post=8280"},{"taxonomy":"42wp_author","embeddable":true,"href":"https:\/\/grandepremio.com\/es\/wp-json\/wp\/v2\/42wp_author?post=8280"}],"curies":[{"name":"wp","href":"https:\/\/api.w.org\/{rel}","templated":true}]}}