{"id":8283,"date":"2025-04-06T05:25:58","date_gmt":"2025-04-06T08:25:58","guid":{"rendered":"https:\/\/grandepremio.com\/es\/2025\/04\/06\/andrea-kimi-antonelli-mercedes-gran-premio-japon-f1-2025\/"},"modified":"2025-04-06T08:17:39","modified_gmt":"2025-04-06T11:17:39","slug":"andrea-kimi-antonelli-mercedes-gran-premio-japon-f1-2025","status":"publish","type":"post","link":"https:\/\/grandepremio.com\/es\/f1\/andrea-kimi-antonelli-mercedes-gran-premio-japon-f1-2025\/","title":{"rendered":"Antonelli destaca evoluci\u00f3n y mejora de rendimiento en Jap\u00f3n: \u00abAl l\u00edmite absoluto\u00bb"},"content":{"rendered":"\n<p class=\"wp-block-paragraph\"><strong>Andrea Kimi Antonelli<\/strong> no tuvo un paso sencillo en su primera visita a <strong>Suzuka<\/strong>, pero supo evolucionar a lo largo del fin de semana para lograr otro buen resultado para <strong>Mercedes<\/strong>. Tras finalizar en la sexta posici\u00f3n en el <strong>Gran Premio de Jap\u00f3n<\/strong> el domingo, el italiano habl\u00f3 de los progresos que hizo durante los tres d\u00edas de actividad en pista y dijo que condujo al \u00abl\u00edmite absoluto\u00bb.<\/p>\n\n\n\n<p class=\"wp-block-paragraph\">\ud83d\udfe5&nbsp;<strong><em>\u00a1Todas las novedades te esperan en el canal de&nbsp;<\/em><\/strong><a href=\"https:\/\/www.youtube.com\/@GrandePremioES\"><em>YouTube<\/em><\/a><strong><em>&nbsp;de Grande Pr\u00eamio en Espa\u00f1ol!<\/em><\/strong>&nbsp;\ud83d\udfe8<\/p>\n\n\n\n<figure class=\"wp-block-embed is-type-video is-provider-youtube wp-block-embed-youtube wp-embed-aspect-16-9 wp-has-aspect-ratio\"><div class=\"wp-block-embed__wrapper\">\n<iframe loading=\"lazy\" title=\"GP DE JAP\u00d3N 2025 - 5 CLAVES\" width=\"500\" height=\"281\" src=\"https:\/\/www.youtube.com\/embed\/sK8uyD6EF2c?feature=oembed\" frameborder=\"0\" allow=\"accelerometer; autoplay; clipboard-write; encrypted-media; gyroscope; picture-in-picture; web-share\" referrerpolicy=\"strict-origin-when-cross-origin\" allowfullscreen><\/iframe>\n<\/div><\/figure>\n\n\n\n<p class=\"wp-block-paragraph\">Mientras que <strong>George Russell<\/strong> empez\u00f3 el fin de semana en <strong>Suzuka <\/strong>con posibilidades de disputarle la victoria a <strong>McLaren, Antonelli<\/strong> pas\u00f3 apuros y apenas pudo finalizar decimosexto. Sin embargo, el piloto de 18 a\u00f1os consigui\u00f3 progresar a lo largo de las sesiones y marc\u00f3 el sexto mejor tiempo en la clasificaci\u00f3n, su mejor resultado hasta el momento.<\/p>\n\n\n\n<p class=\"wp-block-paragraph\">En la carrera, aunque no gan\u00f3 ninguna posici\u00f3n, <strong>Antonelli <\/strong>hizo un buen trabajo con la gesti\u00f3n de los neum\u00e1ticos y alarg\u00f3 el primer stint con neum\u00e1ticos medios, lo que le permiti\u00f3 ponerse adelante en el <strong>Gran Premio de Jap\u00f3n<\/strong> para convertirse en el piloto m\u00e1s joven en liderar una carrera en <strong>F1<\/strong>.<\/p>\n\n\n\n<p class=\"wp-block-paragraph\">Tras cambiar neum\u00e1ticos, <strong>Kimi <\/strong>volvi\u00f3 a la pista en sexta posici\u00f3n y mejor\u00f3 su ritmo, tanto que cruz\u00f3 la meta a s\u00f3lo 1s3 de su compa\u00f1ero <strong>Russell<\/strong>. <strong>Antonelli <\/strong>dijo que llev\u00f3 el <strong>W16 <\/strong>al \u00abl\u00edmite absoluto\u00bb.<\/p>\n\n\n\n<p class=\"wp-block-paragraph\">\u23e9&nbsp;<strong><em>\u00a1Seguinos en redes por&nbsp;<\/em><\/strong><a href=\"https:\/\/twitter.com\/grandepremioES\"><em>Twitter&nbsp;<\/em><\/a><strong><em>e&nbsp;<\/em><\/strong><a href=\"https:\/\/www.instagram.com\/grandepremioes\/\"><em>Instagram!<\/em><\/a><br>\u23e9&nbsp;<strong><em>Adem\u00e1s, tenemos nuestro&nbsp;<\/em><\/strong><a href=\"https:\/\/whatsapp.com\/channel\/0029VaDZ5zb0gcfDxuwxBM05\"><em>canal de Whatsapp<\/em><\/a><strong><em>&nbsp;con toda la informaci\u00f3n al instante<\/em><\/strong>&nbsp;\ud83c\udfc1<\/p>\n\n\n\n<figure class=\"wp-block-image size-large\"><img decoding=\"async\" src=\"https:\/\/grandepremio.com\/es\/wp-content\/uploads\/2025\/04\/M495038-1024x683.jpg\" alt=\"\" class=\"wp-image-321986\"\/><figcaption class=\"wp-element-caption\">Kimi Antonelli se convirti\u00f3 en el piloto m\u00e1s joven en liderar una carrera en F1 (Foto: Mercedes)<\/figcaption><\/figure>\n\n\n\n<p class=\"wp-block-paragraph\">\u00abEstaba al l\u00edmite absoluto, tanto que me pas\u00e9 en una de las vueltas. Sigo teniendo esa tendencia a utilizar mucho la pista, pero en general el d\u00eda fue genial. Tuve problemas en las primeras vueltas con el neum\u00e1tico medio, pero en cuanto tuve aire limpio el ritmo mejor\u00f3 mucho y pude alargar el stint\u00bb, declar\u00f3 <strong>Antonelli<\/strong>.<\/p>\n\n\n\n<p class=\"wp-block-paragraph\">\u00abEl inicio del fin de semana fue muy dif\u00edcil. He tenido problemas en los entrenamientos libres, pero me esforc\u00e9 mucho y pude progresar. La clasificaci\u00f3n tambi\u00e9n fue un paso adelante y tambi\u00e9n mejor\u00e9 durante la carrera. Fue genial estar en el coche y estoy deseando que llegue la pr\u00f3xima carrera\u00bb, concluy\u00f3 el piloto de <strong>Mercedes<\/strong>.<\/p>\n\n\n\n<p class=\"wp-block-paragraph\">La&nbsp;<strong><a href=\"https:\/\/es.grandepremio.com\/f1\/\" target=\"_blank\" rel=\"noreferrer noopener\"><\/a><a href=\"https:\/\/es.grandepremio.com\/f1\/\" target=\"_blank\" rel=\"noreferrer noopener\">F1<\/a>&nbsp;<\/strong>viaja a&nbsp;<strong>Bahrein<\/strong>&nbsp;para disputar la cuarta fecha de la temporada 2025 entre el 11 y 13 de abril.&nbsp;<strong>GRANDE PREMIO en ESPA\u00d1OL<\/strong>&nbsp;realiza una cobertura del evento&nbsp;<strong>EN DIRECTO<\/strong>&nbsp;y en&nbsp;<strong>TIEMPO REAL<\/strong>.<\/p>\n","protected":false},"excerpt":{"rendered":"<p>Andrea Kimi Antonelli admiti\u00f3 que tuvo dificultades en los entrenamientos libres, pero se mostr\u00f3 satisfecho con el progreso mostrado en Jap\u00f3n<\/p>\n","protected":false},"author":0,"featured_media":1010321985,"comment_status":"closed","ping_status":"closed","sticky":false,"template":"","format":"standard","meta":{"42wp_featured_image_caption":"","42wp_featured_image_credits":"","42wp_featured_video":"","42wp_featured_image_hidden":false,"42wp_authors_list":[],"footnotes":""},"categories":[5],"tags":[6800,181,1710,179,8059,11996,1488,197,9647],"42wp_author":[14239],"class_list":["post-8283","post","type-post","status-publish","format-standard","has-post-thumbnail","hentry","category-f1","tag-andrea-kimi-antonelli","tag-f1","tag-f1-2025","tag-formula-1","tag-formula-1-2025","tag-gp-de-japon-2025","tag-grande-premio","tag-mercedes","tag-temporada-2025-f1","42wp_author-jp-otrosky"],"_links":{"self":[{"href":"https:\/\/grandepremio.com\/es\/wp-json\/wp\/v2\/posts\/8283","targetHints":{"allow":["GET"]}}],"collection":[{"href":"https:\/\/grandepremio.com\/es\/wp-json\/wp\/v2\/posts"}],"about":[{"href":"https:\/\/grandepremio.com\/es\/wp-json\/wp\/v2\/types\/post"}],"replies":[{"embeddable":true,"href":"https:\/\/grandepremio.com\/es\/wp-json\/wp\/v2\/comments?post=8283"}],"version-history":[{"count":0,"href":"https:\/\/grandepremio.com\/es\/wp-json\/wp\/v2\/posts\/8283\/revisions"}],"wp:featuredmedia":[{"embeddable":true,"href":"https:\/\/grandepremio.com\/es\/wp-json\/wp\/v2\/media\/1010321985"}],"wp:attachment":[{"href":"https:\/\/grandepremio.com\/es\/wp-json\/wp\/v2\/media?parent=8283"}],"wp:term":[{"taxonomy":"category","embeddable":true,"href":"https:\/\/grandepremio.com\/es\/wp-json\/wp\/v2\/categories?post=8283"},{"taxonomy":"post_tag","embeddable":true,"href":"https:\/\/grandepremio.com\/es\/wp-json\/wp\/v2\/tags?post=8283"},{"taxonomy":"42wp_author","embeddable":true,"href":"https:\/\/grandepremio.com\/es\/wp-json\/wp\/v2\/42wp_author?post=8283"}],"curies":[{"name":"wp","href":"https:\/\/api.w.org\/{rel}","templated":true}]}}