{"id":8288,"date":"2025-04-06T04:40:56","date_gmt":"2025-04-06T07:40:56","guid":{"rendered":"https:\/\/grandepremio.com\/es\/2025\/04\/06\/oscar-piastri-mclaren-tercer-puesto-gp-japon-f1-2025\/"},"modified":"2025-04-06T08:15:36","modified_gmt":"2025-04-06T11:15:36","slug":"oscar-piastri-mclaren-tercer-puesto-gp-japon-f1-2025","status":"publish","type":"post","link":"https:\/\/grandepremio.com\/es\/f1\/oscar-piastri-mclaren-tercer-puesto-gp-japon-f1-2025\/","title":{"rendered":"Piastri reflexiona tras el tercer puesto en Jap\u00f3n: &#8220;El resultado se decidi\u00f3 el s\u00e1bado&#8221;"},"content":{"rendered":"\n<p class=\"wp-block-paragraph\"><strong>McLaren <\/strong>logr\u00f3 un doble podio en el <strong>Gran Premio de Jap\u00f3n<\/strong> de <strong>F\u00f3rmula 1<\/strong> el domingo, pero estuvo lejos de ganar en <strong>Suzuka. Oscar Piastri<\/strong>, que comenz\u00f3 y termin\u00f3 tercero, dijo que el resultado de la clasificaci\u00f3n del s\u00e1bado fue fundamental para \u00absellar el destino\u00bb de la carrera.<\/p>\n\n\n\n<p class=\"wp-block-paragraph\">\ud83d\udfe5&nbsp;<strong><em>\u00a1Todas las novedades te esperan en el canal de&nbsp;<\/em><\/strong><a href=\"https:\/\/www.youtube.com\/@GrandePremioES\"><em>YouTube<\/em><\/a><strong><em>&nbsp;de Grande Pr\u00eamio en Espa\u00f1ol!<\/em><\/strong>&nbsp;\ud83d\udfe8<\/p>\n\n\n\n<figure class=\"wp-block-embed is-type-video is-provider-youtube wp-block-embed-youtube wp-embed-aspect-16-9 wp-has-aspect-ratio\"><div class=\"wp-block-embed__wrapper\">\n<iframe loading=\"lazy\" title=\"GP DE JAP\u00d3N 2025 - 5 CLAVES\" width=\"500\" height=\"281\" src=\"https:\/\/www.youtube.com\/embed\/sK8uyD6EF2c?feature=oembed\" frameborder=\"0\" allow=\"accelerometer; autoplay; clipboard-write; encrypted-media; gyroscope; picture-in-picture; web-share\" referrerpolicy=\"strict-origin-when-cross-origin\" allowfullscreen><\/iframe>\n<\/div><\/figure>\n\n\n\n<p class=\"wp-block-paragraph\">En la recta final de la etapa, <strong>Piastri <\/strong>mostr\u00f3 un ritmo m\u00e1s fuerte que <strong>Lando Norris<\/strong> en varias ocasiones, pero fue incapaz de adelantarlo para presionar al l\u00edder y ganador, <strong>Max Verstappen.<\/strong> Por este motivo, lament\u00f3 no haber logrado una mejor posici\u00f3n en la clasificaci\u00f3n, algo que habr\u00eda ayudado en la concreci\u00f3n de un mejor resultado el domingo.<\/p>\n\n\n\n<p class=\"wp-block-paragraph\">De hecho, dentro de los diez primeros, s\u00f3lo <strong>Lewis Hamilton<\/strong> e <strong>Isack Hadjar<\/strong> cambiaron posiciones en la pista respecto a la salida. Por tanto, <strong>Piastri <\/strong>concluy\u00f3 que el d\u00eda para ganar el <strong>Gran Premio de Jap\u00f3n<\/strong> era el s\u00e1bado.<\/p>\n\n\n\n<p class=\"wp-block-paragraph\">\u23e9&nbsp;<strong><em>\u00a1Seguinos en redes por&nbsp;<\/em><\/strong><a href=\"https:\/\/twitter.com\/grandepremioES\"><em>Twitter&nbsp;<\/em><\/a><strong><em>e&nbsp;<\/em><\/strong><a href=\"https:\/\/www.instagram.com\/grandepremioes\/\"><em>Instagram!<\/em><\/a><br>\u23e9&nbsp;<strong><em>Adem\u00e1s, tenemos nuestro&nbsp;<\/em><\/strong><a href=\"https:\/\/whatsapp.com\/channel\/0029VaDZ5zb0gcfDxuwxBM05\"><em>canal de Whatsapp<\/em><\/a><strong><em>&nbsp;con toda la informaci\u00f3n al instante<\/em><\/strong>&nbsp;\ud83c\udfc1<\/p>\n\n\n\n<figure class=\"wp-block-image size-large\"><img decoding=\"async\" src=\"https:\/\/grandepremio.com\/es\/wp-content\/uploads\/2025\/04\/Piastri-Japon-1-1024x683.jpg\" alt=\"\" class=\"wp-image-321970\"\/><figcaption class=\"wp-element-caption\">Oscar Piastri lamenta no haber obtenido un mejor resultado en la clasificaci\u00f3n del s\u00e1bado (Foto: McLaren)<\/figcaption><\/figure>\n\n\n\n<p class=\"wp-block-paragraph\">\u00abCreo que nuestro destino qued\u00f3 sellado ayer en la clasificaci\u00f3n. El ritmo era bueno, estuvimos cerca unas cuantas veces. Pero la posici\u00f3n en pista es muy importante. Ayer era el d\u00eda para ganar la carrera, pero no hicimos un buen trabajo. Sent\u00ed que si hubiera tenido la posici\u00f3n podr\u00eda haber doblegado a <strong>Max<\/strong>, pero eso es lo que pasa cuando te clasificas por detr\u00e1s\u00bb, dijo.<\/p>\n\n\n\n<p class=\"wp-block-paragraph\">Con otro podio en el a\u00f1o, <strong>Piastri <\/strong>suma 49 puntos y se sit\u00faa tercero en el <strong>Mundial de Pilotos,<\/strong> que lidera <strong>Norris <\/strong>con 62, seguido de <strong>Verstappen <\/strong>con 61.<\/p>\n\n\n\n<p class=\"wp-block-paragraph\">La&nbsp;<strong><a href=\"https:\/\/es.grandepremio.com\/f1\/\" target=\"_blank\" rel=\"noreferrer noopener\">F1<\/a>&nbsp;<\/strong>viaja a&nbsp;<strong>Bahrein<\/strong>&nbsp;para disputar la cuarta fecha de la temporada 2025 entre el 11 y 13 de abril.&nbsp;<strong>GRANDE PREMIO en ESPA\u00d1OL<\/strong>&nbsp;realiza una cobertura del evento&nbsp;<strong>EN DIRECTO<\/strong>&nbsp;y en&nbsp;<strong>TIEMPO REAL<\/strong>.<\/p>\n","protected":false},"excerpt":{"rendered":"<p>Oscar Piastri afirma que el resultado de la carrera estuvo condicionado por su actuaci\u00f3n por debajo de lo esperado el s\u00e1bado en la clasificaci\u00f3n<\/p>\n","protected":false},"author":0,"featured_media":1010321969,"comment_status":"closed","ping_status":"closed","sticky":false,"template":"","format":"standard","meta":{"42wp_featured_image_caption":"","42wp_featured_image_credits":"","42wp_featured_video":"","42wp_featured_image_hidden":false,"42wp_authors_list":[],"footnotes":""},"categories":[5],"tags":[181,1710,179,8059,11996,1488,269,278,9647],"42wp_author":[14239],"class_list":["post-8288","post","type-post","status-publish","format-standard","has-post-thumbnail","hentry","category-f1","tag-f1","tag-f1-2025","tag-formula-1","tag-formula-1-2025","tag-gp-de-japon-2025","tag-grande-premio","tag-mclaren","tag-oscar-piastri","tag-temporada-2025-f1","42wp_author-jp-otrosky"],"_links":{"self":[{"href":"https:\/\/grandepremio.com\/es\/wp-json\/wp\/v2\/posts\/8288","targetHints":{"allow":["GET"]}}],"collection":[{"href":"https:\/\/grandepremio.com\/es\/wp-json\/wp\/v2\/posts"}],"about":[{"href":"https:\/\/grandepremio.com\/es\/wp-json\/wp\/v2\/types\/post"}],"replies":[{"embeddable":true,"href":"https:\/\/grandepremio.com\/es\/wp-json\/wp\/v2\/comments?post=8288"}],"version-history":[{"count":0,"href":"https:\/\/grandepremio.com\/es\/wp-json\/wp\/v2\/posts\/8288\/revisions"}],"wp:featuredmedia":[{"embeddable":true,"href":"https:\/\/grandepremio.com\/es\/wp-json\/wp\/v2\/media\/1010321969"}],"wp:attachment":[{"href":"https:\/\/grandepremio.com\/es\/wp-json\/wp\/v2\/media?parent=8288"}],"wp:term":[{"taxonomy":"category","embeddable":true,"href":"https:\/\/grandepremio.com\/es\/wp-json\/wp\/v2\/categories?post=8288"},{"taxonomy":"post_tag","embeddable":true,"href":"https:\/\/grandepremio.com\/es\/wp-json\/wp\/v2\/tags?post=8288"},{"taxonomy":"42wp_author","embeddable":true,"href":"https:\/\/grandepremio.com\/es\/wp-json\/wp\/v2\/42wp_author?post=8288"}],"curies":[{"name":"wp","href":"https:\/\/api.w.org\/{rel}","templated":true}]}}