{"id":8320,"date":"2025-04-04T09:19:34","date_gmt":"2025-04-04T12:19:34","guid":{"rendered":"https:\/\/grandepremio.com\/es\/2025\/04\/04\/alpine-senala-falla-doohan-accidente-japon\/"},"modified":"2025-04-04T09:19:39","modified_gmt":"2025-04-04T12:19:39","slug":"alpine-senala-falla-doohan-accidente-japon","status":"publish","type":"post","link":"https:\/\/grandepremio.com\/es\/f1\/alpine-senala-falla-doohan-accidente-japon\/","title":{"rendered":"Alpine se\u00f1ala falla de Doohan en el accidente de Jap\u00f3n: \u00abError de c\u00e1lculo al no cerrar el DRS\u00bb"},"content":{"rendered":"\n<p class=\"wp-block-paragraph\">El viernes del <strong>GP de Jap\u00f3n<\/strong> estuvo marcado por un fuerte accidente de <strong>Jack Doohan<\/strong> en la <strong>FP2<\/strong> en <strong>Suzuka<\/strong>. Al abrir una vuelta r\u00e1pida, el <strong>Alpine<\/strong> del australiano perdi\u00f3 el control a la entrada de la curva 1 y se estrell\u00f3 contra la barrera de neum\u00e1ticos a 300 km\/h. El accidente, que fue lo suficientemente fuerte como para destruir completamente el coche, fue causado por un \u00aberror de c\u00e1lculo\u00bb se\u00f1alado por <strong>Oliver Oakes<\/strong>.<\/p>\n\n\n\n<p class=\"wp-block-paragraph\">El jefe de Alpine destac\u00f3 que el DRS del coche de Doohan no estaba cerrado antes de la llegada de la curva 1, lo que provoc\u00f3 la p\u00e9rdida de control a alta velocidad. Despu\u00e9s de un accidente tan duro, Oakes tambi\u00e9n dijo que estaba aliviado de que no le hubiera pasado nada m\u00e1s grave al novato.<\/p>\n\n\n\n<p class=\"wp-block-paragraph\">\ud83d\udfe5&nbsp;<strong><em>\u00a1Todas las novedades te esperan en el canal de&nbsp;<\/em><\/strong><a href=\"https:\/\/www.youtube.com\/@GrandePremioES\"><em>YouTube<\/em><\/a><strong><em>&nbsp;de Grande Pr\u00eamio en Espa\u00f1ol!<\/em><\/strong>&nbsp;\ud83d\udfe8<\/p>\n\n\n\n<figure class=\"wp-block-embed is-type-video is-provider-youtube wp-block-embed-youtube wp-embed-aspect-16-9 wp-has-aspect-ratio\"><div class=\"wp-block-embed__wrapper\">\n<iframe loading=\"lazy\" title=\"GP DE JAP\u00d3N 2025 - LA PREVIA\" width=\"500\" height=\"281\" src=\"https:\/\/www.youtube.com\/embed\/4X2xbufYSGA?feature=oembed\" frameborder=\"0\" allow=\"accelerometer; autoplay; clipboard-write; encrypted-media; gyroscope; picture-in-picture; web-share\" referrerpolicy=\"strict-origin-when-cross-origin\" allowfullscreen><\/iframe>\n<\/div><\/figure>\n\n\n\n<p class=\"wp-block-paragraph\">Doohan, de hecho, no particip\u00f3 en el FP1 y cedi\u00f3 su asiento al debutante <strong>Ryo Hirakawa<\/strong>, que termin\u00f3 la sesi\u00f3n en 12\u00ba lugar. Como resultado, el australiano no hizo mucho en la pista este viernes y llegar\u00e1 al s\u00e1bado a ciegas, a pesar de que el jefe del equipo de <strong>Enstone<\/strong> destac\u00f3 el buen trabajo de <strong>Pierre Gasly<\/strong>, especialmente en la FP2.<\/p>\n\n\n\n<p class=\"wp-block-paragraph\">\u00abNos sentimos aliviados de ver a Jack salir ileso de su incidente en la FP2 y contentos de ver que se encuentra bien tras las revisiones preventivas. Fue un error de c\u00e1lculo no bloquear el DRS en la curva 1. Es algo de lo que podemos aprender y s\u00e9 que Jack y la escuder\u00eda estar\u00e1n listos para ma\u00f1ana. El equipo trabajar\u00e1 duro para que el coche est\u00e9 listo tras los da\u00f1os\u00bb, declar\u00f3 el directivo.<\/p>\n\n\n\n<p class=\"wp-block-paragraph\">\u00abDesde el punto de vista del rendimiento, hay algunos aspectos en los que debemos trabajar. Pierre tuvo una buena FP2, lo cual es un buen augurio para ma\u00f1ana, al igual que Ryo, quien realiz\u00f3 un excelente trabajo esta ma\u00f1ana. Probamos varias opciones de configuraci\u00f3n entre los coches y tenemos una buena direcci\u00f3n para la clasificaci\u00f3n\u00bb, finaliz\u00f3.<\/p>\n\n\n\n<figure class=\"wp-block-video\"><video class=\"video-js vjs-big-play-centered\" data-gp-vjs=\"1\" controls src=\"https:\/\/grandepremio.com\/es\/wp-content\/uploads\/2025\/04\/ssstwitter.com_1743747222735-2.mp4\"><\/video><\/figure>\n\n\n\n<p class=\"wp-block-paragraph\">\u23e9\u00a0<strong><em>\u00a1Seguinos en redes por\u00a0<\/em><\/strong><a href=\"https:\/\/twitter.com\/grandepremioES\"><em>Twitter\u00a0<\/em><\/a><strong><em>e\u00a0<\/em><\/strong><a href=\"https:\/\/www.instagram.com\/grandepremioes\/\"><em>Instagram!<\/em><\/a><br>\u23e9\u00a0<strong><em>Adem\u00e1s, tenemos nuestro\u00a0<\/em><\/strong><a href=\"https:\/\/whatsapp.com\/channel\/0029VaDZ5zb0gcfDxuwxBM05\"><em>canal de Whatsapp<\/em><\/a><strong><em>\u00a0con toda la informaci\u00f3n al instante<\/em><\/strong>\u00a0\ud83c\udfc1<\/p>\n\n\n\n<p class=\"wp-block-paragraph\">Si bien coment\u00f3 por radio que se encontraba bien tras el incidente,<strong> <\/strong>Jack Doohan habl\u00f3 por primera vez tras la sesi\u00f3n y ratific\u00f3 su buen estado de salud a pesar del fuerte incidente.<\/p>\n\n\n\n<p class=\"wp-block-paragraph\">\u00abAntes que nada, estoy bien. Fue un accidente grave, algo que me tom\u00f3 por sorpresa, y voy a aprender de ello\u00bb, comenz\u00f3. \u00abS\u00e9 que el equipo tiene mucho trabajo por delante para tener el coche listo para ma\u00f1ana, as\u00ed que les agradezco de antemano su esfuerzo\u00bb, continu\u00f3.<\/p>\n\n\n\n<p class=\"wp-block-paragraph\">\u00abMi concentraci\u00f3n est\u00e1 en ma\u00f1ana, donde tendremos la tercera sesi\u00f3n de entrenamientos libres, para preparar la clasificaci\u00f3n\u00bb, concluy\u00f3.<\/p>\n\n\n\n<p class=\"wp-block-paragraph\"><strong>La&nbsp;<a href=\"https:\/\/es.grandepremio.com\/f1\/\" target=\"_blank\" rel=\"noreferrer noopener\"><\/a><a href=\"https:\/\/es.grandepremio.com\/f1\/\" target=\"_blank\" rel=\"noreferrer noopener\"><\/a><a href=\"https:\/\/es.grandepremio.com\/f1\/\" target=\"_blank\" rel=\"noreferrer noopener\">F\u00f3rmula 1<\/a>&nbsp;celebra el Gran Premio de Jap\u00f3n en Suzuka entre el 4 y el 6 de abril, tercera prueba de la temporada 2025. GRANDE PR\u00caMIO en Espa\u00f1ol sigue todas las actividades EN DIRECTO Y EN TIEMPO REAL.<\/strong><\/p>\n","protected":false},"excerpt":{"rendered":"<p>El director del equipo Alpine, Oliver Oakes, ha detallado el fuerte accidente que sufri\u00f3 Jack Doohan en la FP2 del GP de Jap\u00f3n y ha dicho que se sinti\u00f3 \u00abaliviado\u00bb al ver al piloto salir del coche ileso.<\/p>\n","protected":false},"author":0,"featured_media":1010321703,"comment_status":"closed","ping_status":"closed","sticky":false,"template":"","format":"standard","meta":{"42wp_featured_image_caption":"","42wp_featured_image_credits":"","42wp_featured_video":"","42wp_featured_image_hidden":false,"42wp_authors_list":[],"footnotes":""},"categories":[5],"tags":[678,1710,179,1422,1011,10593,3484],"42wp_author":[14240],"class_list":["post-8320","post","type-post","status-publish","format-standard","has-post-thumbnail","hentry","category-f1","tag-alpine","tag-f1-2025","tag-formula-1","tag-gp-de-japon","tag-jack-doohan","tag-oliver-oakes","tag-suzuka","42wp_author-ignacio-bogado"],"_links":{"self":[{"href":"https:\/\/grandepremio.com\/es\/wp-json\/wp\/v2\/posts\/8320","targetHints":{"allow":["GET"]}}],"collection":[{"href":"https:\/\/grandepremio.com\/es\/wp-json\/wp\/v2\/posts"}],"about":[{"href":"https:\/\/grandepremio.com\/es\/wp-json\/wp\/v2\/types\/post"}],"replies":[{"embeddable":true,"href":"https:\/\/grandepremio.com\/es\/wp-json\/wp\/v2\/comments?post=8320"}],"version-history":[{"count":0,"href":"https:\/\/grandepremio.com\/es\/wp-json\/wp\/v2\/posts\/8320\/revisions"}],"wp:featuredmedia":[{"embeddable":true,"href":"https:\/\/grandepremio.com\/es\/wp-json\/wp\/v2\/media\/1010321703"}],"wp:attachment":[{"href":"https:\/\/grandepremio.com\/es\/wp-json\/wp\/v2\/media?parent=8320"}],"wp:term":[{"taxonomy":"category","embeddable":true,"href":"https:\/\/grandepremio.com\/es\/wp-json\/wp\/v2\/categories?post=8320"},{"taxonomy":"post_tag","embeddable":true,"href":"https:\/\/grandepremio.com\/es\/wp-json\/wp\/v2\/tags?post=8320"},{"taxonomy":"42wp_author","embeddable":true,"href":"https:\/\/grandepremio.com\/es\/wp-json\/wp\/v2\/42wp_author?post=8320"}],"curies":[{"name":"wp","href":"https:\/\/api.w.org\/{rel}","templated":true}]}}