{"id":8406,"date":"2025-04-01T11:05:42","date_gmt":"2025-04-01T14:05:42","guid":{"rendered":"https:\/\/grandepremio.com\/es\/2025\/04\/01\/max-verstappen-red-bull-recuperacion-gp-japon-f1-2025\/"},"modified":"2025-04-01T11:08:29","modified_gmt":"2025-04-01T14:08:29","slug":"max-verstappen-red-bull-recuperacion-gp-japon-f1-2025","status":"publish","type":"post","link":"https:\/\/grandepremio.com\/es\/f1\/max-verstappen-red-bull-recuperacion-gp-japon-f1-2025\/","title":{"rendered":"Verstappen busca mejorar y ve a Suzuka como un circuito &#8220;favorable&#8221; para Red Bull"},"content":{"rendered":"\n<p class=\"wp-block-paragraph\"><strong>Max Verstappen<\/strong> espera que su regreso a <strong>Suzuka<\/strong>, que acoge este fin de semana el <strong>GP de Jap\u00f3n<\/strong>, \u00absaque lo mejor\u00bb del <strong>RB21<\/strong>. El neerland\u00e9s conf\u00eda en el rendimiento de <strong>Red Bull<\/strong> en el trazado nip\u00f3n, donde gan\u00f3 las tres \u00faltimas ediciones de la carrera, y destac\u00f3 la importancia del circuito para el equipo, resaltando el hecho de que el <strong>Mundial de Pilotos<\/strong> de 2022 y el de <strong>Constructores <\/strong>de 2023 se conquistaron en el pa\u00eds.<\/p>\n\n\n\n<p class=\"wp-block-paragraph\">\ud83d\udfe5&nbsp;<strong><em>\u00a1Todas las novedades te esperan en el canal de&nbsp;<\/em><\/strong><a href=\"https:\/\/www.youtube.com\/@GrandePremioES\"><em>YouTube<\/em><\/a><strong><em>&nbsp;de Grande Pr\u00eamio en Espa\u00f1ol!<\/em><\/strong>&nbsp;\ud83d\udfe8<\/p>\n\n\n\n<p class=\"wp-block-paragraph\"><strong>Verstappen <\/strong>no pudo aspirar a la victoria en <strong>China <\/strong>ya que <strong>Red Bull<\/strong> no tuvo el ritmo necesario para hacer frente a los <strong>McLaren<\/strong> y <strong>Mercedes <\/strong>de <strong>George Russell. <\/strong>Aun as\u00ed, termin\u00f3 segundo en la carrera sprint, por detr\u00e1s del <strong>Ferrari<\/strong> de <strong>Lewis Hamilton<\/strong>. Sus resultados se sumaron a los de <strong>Melbourne<\/strong>, en la apertura del campeonato, donde volvi\u00f3 a terminar segundo, por detr\u00e1s de <strong>Lando Norris<\/strong>. En aquella ocasi\u00f3n, se apoy\u00f3 en un coche de seguridad para reducir una brecha de 15s con el brit\u00e1nico, pero no pudo adelantarlo.<\/p>\n\n\n\n<p class=\"wp-block-paragraph\">\u00ab<strong>Suzuka <\/strong>siempre ha sido un circuito especial para correr y tiene mucha historia para nosotros, sobre todo por haber ganado el t\u00edtulo de Constructores en 2023 y tambi\u00e9n mi segundo t\u00edtulo de Pilotos aqu\u00ed\u00bb, dijo.<\/p>\n\n\n\n<p class=\"wp-block-paragraph\"><strong>Verstappen <\/strong>hizo hincapi\u00e9 en sus expectativas para el <strong>Gran Premio de Jap\u00f3n<\/strong> y destac\u00f3 las caracter\u00edsticas de la pista de <strong>Suzuka<\/strong>. Seg\u00fan \u00e9l, el circuito japon\u00e9s favorece tradicionalmente a <strong>Red Bull<\/strong>. Tambi\u00e9n hizo hincapi\u00e9 en la mejora del <strong>RB21 <\/strong>en el segundo stint de la carrera y garantiz\u00f3 que el equipo puede progresar all\u00ed.<\/p>\n\n\n\n<p class=\"wp-block-paragraph\">\u00abSiempre disfruto corriendo en este circuito. Tiene muchas curvas de alta velocidad y es uno de esos circuitos en los que solemos hacerlo bien. Espero que podamos sacar lo mejor del coche y mejorar este fin de semana\u00bb, explic\u00f3. <\/p>\n\n\n\n<p class=\"wp-block-paragraph\">\u23e9\u00a0<strong><em>\u00a1Seguinos en redes por\u00a0<\/em><\/strong><a href=\"https:\/\/twitter.com\/grandepremioES\"><em>Twitter\u00a0<\/em><\/a><strong><em>e\u00a0<\/em><\/strong><a href=\"https:\/\/www.instagram.com\/grandepremioes\/\"><em>Instagram!<\/em><\/a><br>\u23e9\u00a0<strong><em>Adem\u00e1s, tenemos nuestro\u00a0<\/em><\/strong><a href=\"https:\/\/whatsapp.com\/channel\/0029VaDZ5zb0gcfDxuwxBM05\"><em>canal de Whatsapp<\/em><\/a><strong><em>\u00a0con toda la informaci\u00f3n al instante<\/em><\/strong>\u00a0\ud83c\udfc1<\/p>\n\n\n\n<figure class=\"wp-block-image size-large\"><img decoding=\"async\" src=\"https:\/\/grandepremio.com\/es\/wp-content\/uploads\/2025\/04\/china-2025-f1-corrida-red-bull-max-verstappen-afp-04-1200x674-1-1024x575.jpg\" alt=\"\" class=\"wp-image-321188\"\/><figcaption class=\"wp-element-caption\">Max Verstappen acab\u00f3 el Gran Premio de China fuera del podio (Foto: AFP)<\/figcaption><\/figure>\n\n\n\n<p class=\"wp-block-paragraph\">\u00abEl segundo stint en <strong>China <\/strong>fue mucho m\u00e1s prometedor, vimos un mejor ritmo en el coche. El equipo ha estado trabajando duro para optimizar nuestro rendimiento, y esta semana he vuelto al simulador en la f\u00e1brica\u00bb, revel\u00f3.<\/p>\n\n\n\n<p class=\"wp-block-paragraph\">El neerland\u00e9s tambi\u00e9n se refiri\u00f3 al debut de <strong>Yuki Tsunoda<\/strong> como piloto de<strong> Red Bull<\/strong> en casa y a la decoraci\u00f3n especial que lucir\u00e1 el equipo en <strong>Jap\u00f3n<\/strong>, en honor a <strong>Honda<\/strong>.<\/p>\n\n\n\n<p class=\"wp-block-paragraph\">\u00abSer\u00e1 la primera carrera de <strong>Yuki <\/strong>para el equipo delante de los aficionados japoneses, as\u00ed que ser\u00e1 un fin de semana intenso para darle la bienvenida al equipo. Tendremos una decoraci\u00f3n blanca especial para Jap\u00f3n en homenaje a <strong>Honda<\/strong>, que tiene muy buena pinta, y yo tambi\u00e9n llevar\u00e9 un casco blanco inspirado en el dise\u00f1o del coche\u00bb, concluy\u00f3.<\/p>\n\n\n\n<p class=\"wp-block-paragraph\"><strong>La&nbsp;<a href=\"https:\/\/es.grandepremio.com\/f1\/\" target=\"_blank\" rel=\"noreferrer noopener\"><\/a><a href=\"https:\/\/es.grandepremio.com\/f1\/\" target=\"_blank\" rel=\"noreferrer noopener\"><\/a><a href=\"https:\/\/es.grandepremio.com\/f1\/\" target=\"_blank\" rel=\"noreferrer noopener\"><\/a><a href=\"https:\/\/es.grandepremio.com\/f1\/\" target=\"_blank\" rel=\"noreferrer noopener\">F\u00f3rmula 1<\/a>&nbsp;regresa del 4 al 6 de abril con el Gran Premio de Jap\u00f3n, tercera prueba de la temporada 2025.<\/strong><\/p>\n\n\n\n<figure class=\"wp-block-embed is-type-video is-provider-youtube wp-block-embed-youtube wp-embed-aspect-16-9 wp-has-aspect-ratio\"><div class=\"wp-block-embed__wrapper\">\n<iframe loading=\"lazy\" title=\"LAWSON DURA UN SUSPIRO Y DEJA SU LUGAR A TSUNODA EN RED BULL\" width=\"500\" height=\"281\" src=\"https:\/\/www.youtube.com\/embed\/Gmxz12Mi1cw?feature=oembed\" frameborder=\"0\" allow=\"accelerometer; autoplay; clipboard-write; encrypted-media; gyroscope; picture-in-picture; web-share\" referrerpolicy=\"strict-origin-when-cross-origin\" allowfullscreen><\/iframe>\n<\/div><\/figure>\n\n\n\n<p class=\"wp-block-paragraph\"><\/p>\n","protected":false},"excerpt":{"rendered":"<p>Por primera vez desde 2020, Max Verstappen llega a la tercera carrera del campeonato sin lograr una victoria. El neerland\u00e9s gan\u00f3 las tres \u00faltimas ediciones del Gran Premio de Jap\u00f3n y apuesta por su r\u00e9cord en Suzuka para recuperar terreno en la temporada 2025<\/p>\n","protected":false},"author":0,"featured_media":1010321189,"comment_status":"closed","ping_status":"closed","sticky":false,"template":"","format":"standard","meta":{"42wp_featured_image_caption":"","42wp_featured_image_credits":"","42wp_featured_video":"","42wp_featured_image_hidden":false,"42wp_authors_list":[],"footnotes":""},"categories":[5],"tags":[181,1710,179,8059,11996,1488,249,206,9647],"42wp_author":[14239],"class_list":["post-8406","post","type-post","status-publish","format-standard","has-post-thumbnail","hentry","category-f1","tag-f1","tag-f1-2025","tag-formula-1","tag-formula-1-2025","tag-gp-de-japon-2025","tag-grande-premio","tag-max-verstappen","tag-red-bull","tag-temporada-2025-f1","42wp_author-jp-otrosky"],"_links":{"self":[{"href":"https:\/\/grandepremio.com\/es\/wp-json\/wp\/v2\/posts\/8406","targetHints":{"allow":["GET"]}}],"collection":[{"href":"https:\/\/grandepremio.com\/es\/wp-json\/wp\/v2\/posts"}],"about":[{"href":"https:\/\/grandepremio.com\/es\/wp-json\/wp\/v2\/types\/post"}],"replies":[{"embeddable":true,"href":"https:\/\/grandepremio.com\/es\/wp-json\/wp\/v2\/comments?post=8406"}],"version-history":[{"count":0,"href":"https:\/\/grandepremio.com\/es\/wp-json\/wp\/v2\/posts\/8406\/revisions"}],"wp:featuredmedia":[{"embeddable":true,"href":"https:\/\/grandepremio.com\/es\/wp-json\/wp\/v2\/media\/1010321189"}],"wp:attachment":[{"href":"https:\/\/grandepremio.com\/es\/wp-json\/wp\/v2\/media?parent=8406"}],"wp:term":[{"taxonomy":"category","embeddable":true,"href":"https:\/\/grandepremio.com\/es\/wp-json\/wp\/v2\/categories?post=8406"},{"taxonomy":"post_tag","embeddable":true,"href":"https:\/\/grandepremio.com\/es\/wp-json\/wp\/v2\/tags?post=8406"},{"taxonomy":"42wp_author","embeddable":true,"href":"https:\/\/grandepremio.com\/es\/wp-json\/wp\/v2\/42wp_author?post=8406"}],"curies":[{"name":"wp","href":"https:\/\/api.w.org\/{rel}","templated":true}]}}