{"id":8412,"date":"2025-04-01T08:56:11","date_gmt":"2025-04-01T11:56:11","guid":{"rendered":"https:\/\/grandepremio.com\/es\/2025\/04\/01\/alpine-ryo-hirakawa-reemplazo-jack-doohan-entrenamiento-libre-1-gp-japon\/"},"modified":"2025-04-01T08:56:20","modified_gmt":"2025-04-01T11:56:20","slug":"alpine-ryo-hirakawa-reemplazo-jack-doohan-entrenamiento-libre-1-gp-japon","status":"publish","type":"post","link":"https:\/\/grandepremio.com\/es\/f1\/alpine-ryo-hirakawa-reemplazo-jack-doohan-entrenamiento-libre-1-gp-japon\/","title":{"rendered":"Alpine coloca a Hirakawa en lugar de Doohan para la FP1 del GP de Jap\u00f3n"},"content":{"rendered":"\n<p class=\"wp-block-paragraph\"><strong>Alpine <\/strong>aprovecha el <strong>Gran Premio de Jap\u00f3n<\/strong> para anunciar que <strong>Ryo Hirakawa<\/strong>, el piloto japon\u00e9s reserva del equipo desde 2025, pilotar\u00e1 el <strong>A525 <\/strong>en <strong>Suzuka <\/strong>durante la primera sesi\u00f3n de entrenamientos libres. El local tomar\u00e1 el relevo de <strong>Jack Doohan,<\/strong> que reanudar\u00e1 su actividad m\u00e1s adelante, a partir de la FP2.<\/p>\n\n\n\n<p class=\"wp-block-paragraph\">\ud83d\udfe5&nbsp;<strong><em>\u00a1Todas las novedades te esperan en el canal de&nbsp;<\/em><\/strong><a href=\"https:\/\/www.youtube.com\/@GrandePremioES\"><em>YouTube<\/em><\/a><strong><em>&nbsp;de Grande Pr\u00eamio en Espa\u00f1ol!<\/em><\/strong>&nbsp;\ud83d\udfe8<\/p>\n\n\n\n<p class=\"wp-block-paragraph\"><strong>Hirakawa<\/strong> es bicampe\u00f3n del <strong>Campeonato Mundial de Resistencia (WEC)<\/strong> y gan\u00f3 las <strong>24 Horas de Le Mans<\/strong> con <strong>Toyota<\/strong>. Y aunque est\u00e1 emocionado por pilotar el <strong>Alpine <\/strong>en la FP1 de <strong>Suzuka<\/strong>, \u00e9sta no ser\u00e1 la primera experiencia del piloto japon\u00e9s con un coche de <strong>F1<\/strong>. El a\u00f1o pasado, <strong>Ryo <\/strong>particip\u00f3 en los tests de postemporada con <strong>McLaren <\/strong>en <strong>Abu Dhabi<\/strong>. Sin embargo, su relaci\u00f3n con la escuder\u00eda papaya lleg\u00f3 a su fin tras su fichaje por el equipo franc\u00e9s.<\/p>\n\n\n\n<p class=\"wp-block-paragraph\">\u00abEstoy muy emocionado, no veo la hora de pilotar el <strong>A525 <\/strong>en la FP1. Recuerdo que hace 18 a\u00f1os, en 2007, vi por primera vez el <strong>GP de Jap\u00f3n.<\/strong> La pista era diferente, estaba en Fuji, pero era <strong>F1 <\/strong>en <strong>Jap\u00f3n<\/strong>. Desde entonces, he empezado mi carrera como piloto y estar en un fin de semana de <strong>F1 <\/strong>en mi pa\u00eds es un sue\u00f1o hecho realidad\u00bb, subraya Hirakawa.<\/p>\n\n\n\n<p class=\"wp-block-paragraph\">\u23e9\u00a0<strong><em>\u00a1Seguinos en redes por\u00a0<\/em><\/strong><a href=\"https:\/\/twitter.com\/grandepremioES\"><em>Twitter\u00a0<\/em><\/a><strong><em>e\u00a0<\/em><\/strong><a href=\"https:\/\/www.instagram.com\/grandepremioes\/\"><em>Instagram!<\/em><\/a><br>\u23e9\u00a0<strong><em>Adem\u00e1s, tenemos nuestro\u00a0<\/em><\/strong><a href=\"https:\/\/whatsapp.com\/channel\/0029VaDZ5zb0gcfDxuwxBM05\"><em>canal de Whatsapp<\/em><\/a><strong><em>\u00a0con toda la informaci\u00f3n al instante<\/em><\/strong>\u00a0\ud83c\udfc1<\/p>\n\n\n\n<figure class=\"wp-block-image size-large\"><img decoding=\"async\" src=\"https:\/\/grandepremio.com\/es\/wp-content\/uploads\/2025\/04\/GmtcQzAbwAAtqjq-1024x683.jpg\" alt=\"\" class=\"wp-image-321159\"\/><figcaption class=\"wp-element-caption\">Ryo Hirakawa conducir\u00e1 el coche de Jack Doohan en Suzuka (Foto: Alpine)<\/figcaption><\/figure>\n\n\n\n<p class=\"wp-block-paragraph\">De cara a la cuarta carrera de su carrera, <strong>Doohan <\/strong>sigue adapt\u00e1ndose al coche de <strong>Alpine<\/strong>, pero tendr\u00e1 que ceder el paso a <strong>Hirakawa <\/strong>en la FP1. El australiano, sin embargo, espera poder aprender algo de Ryo.<\/p>\n\n\n\n<p class=\"wp-block-paragraph\">\u00abMe gusta mucho <strong>Suzuka<\/strong>. He corrido all\u00ed antes, cuando estaba en la F3 asi\u00e1tica, pero esta ser\u00e1 mi primera vez en la F1, lo que supone un desaf\u00edo totalmente nuevo. Yo conducir\u00e9 el coch en la FP2, mientras que Ryo lo har\u00e1 en la FP1. \u00c9l tiene mucha experiencia aqu\u00ed, as\u00ed que ser\u00e1 bueno aportar algunos de esos conocimientos al fin de semana. El objetivo es aprovechar al m\u00e1ximo cada sesi\u00f3n y sumar algunos puntos importantes para el equipo\u00bb, concluy\u00f3 <strong>Doohan<\/strong>.<\/p>\n\n\n\n<p class=\"wp-block-paragraph\"><strong>La&nbsp;<a href=\"https:\/\/es.grandepremio.com\/f1\/\" target=\"_blank\" rel=\"noreferrer noopener\">F\u00f3rmula 1<\/a>&nbsp;regresa del 4 al 6 de abril con el Gran Premio de Jap\u00f3n, tercera prueba de la temporada 2025.<\/strong><\/p>\n\n\n\n<figure class=\"wp-block-embed is-type-video is-provider-youtube wp-block-embed-youtube wp-embed-aspect-16-9 wp-has-aspect-ratio\"><div class=\"wp-block-embed__wrapper\">\n<iframe loading=\"lazy\" title=\"LAWSON DURA UN SUSPIRO Y DEJA SU LUGAR A TSUNODA EN RED BULL\" width=\"500\" height=\"281\" src=\"https:\/\/www.youtube.com\/embed\/Gmxz12Mi1cw?feature=oembed\" frameborder=\"0\" allow=\"accelerometer; autoplay; clipboard-write; encrypted-media; gyroscope; picture-in-picture; web-share\" referrerpolicy=\"strict-origin-when-cross-origin\" allowfullscreen><\/iframe>\n<\/div><\/figure>\n","protected":false},"excerpt":{"rendered":"<p>Ryo Hirakawa, piloto reserva y de pruebas de Alpine, conducir\u00e1 el coche de Jack Doohan durante la primera sesi\u00f3n de entrenamientos libres de F1 en Suzuka.<\/p>\n","protected":false},"author":0,"featured_media":1010321158,"comment_status":"closed","ping_status":"closed","sticky":false,"template":"","format":"standard","meta":{"42wp_featured_image_caption":"","42wp_featured_image_credits":"","42wp_featured_video":"","42wp_featured_image_hidden":false,"42wp_authors_list":[],"footnotes":""},"categories":[5],"tags":[678,181,1710,179,8059,11996,1488,1011,3326,9647],"42wp_author":[14239],"class_list":["post-8412","post","type-post","status-publish","format-standard","has-post-thumbnail","hentry","category-f1","tag-alpine","tag-f1","tag-f1-2025","tag-formula-1","tag-formula-1-2025","tag-gp-de-japon-2025","tag-grande-premio","tag-jack-doohan","tag-ryo-hirakawa","tag-temporada-2025-f1","42wp_author-jp-otrosky"],"_links":{"self":[{"href":"https:\/\/grandepremio.com\/es\/wp-json\/wp\/v2\/posts\/8412","targetHints":{"allow":["GET"]}}],"collection":[{"href":"https:\/\/grandepremio.com\/es\/wp-json\/wp\/v2\/posts"}],"about":[{"href":"https:\/\/grandepremio.com\/es\/wp-json\/wp\/v2\/types\/post"}],"replies":[{"embeddable":true,"href":"https:\/\/grandepremio.com\/es\/wp-json\/wp\/v2\/comments?post=8412"}],"version-history":[{"count":0,"href":"https:\/\/grandepremio.com\/es\/wp-json\/wp\/v2\/posts\/8412\/revisions"}],"wp:featuredmedia":[{"embeddable":true,"href":"https:\/\/grandepremio.com\/es\/wp-json\/wp\/v2\/media\/1010321158"}],"wp:attachment":[{"href":"https:\/\/grandepremio.com\/es\/wp-json\/wp\/v2\/media?parent=8412"}],"wp:term":[{"taxonomy":"category","embeddable":true,"href":"https:\/\/grandepremio.com\/es\/wp-json\/wp\/v2\/categories?post=8412"},{"taxonomy":"post_tag","embeddable":true,"href":"https:\/\/grandepremio.com\/es\/wp-json\/wp\/v2\/tags?post=8412"},{"taxonomy":"42wp_author","embeddable":true,"href":"https:\/\/grandepremio.com\/es\/wp-json\/wp\/v2\/42wp_author?post=8412"}],"curies":[{"name":"wp","href":"https:\/\/api.w.org\/{rel}","templated":true}]}}