{"id":8482,"date":"2025-03-27T12:09:42","date_gmt":"2025-03-27T15:09:42","guid":{"rendered":"https:\/\/grandepremio.com\/es\/2025\/03\/27\/mercedes-toto-wolff-desarrollo-motor-v10-audi-f1-2025\/"},"modified":"2025-03-27T12:09:46","modified_gmt":"2025-03-27T15:09:46","slug":"mercedes-toto-wolff-desarrollo-motor-v10-audi-f1-2025","status":"publish","type":"post","link":"https:\/\/grandepremio.com\/es\/f1\/mercedes-toto-wolff-desarrollo-motor-v10-audi-f1-2025\/","title":{"rendered":"Mercedes se opone a recortar el reglamento para el regreso de los V10: &#8220;No tiene sentido&#8221;"},"content":{"rendered":"\n<p class=\"wp-block-paragraph\">El jefe de <strong>Mercedes, Toto Wolff,<\/strong> critic\u00f3 la idea de <strong>Mohammed Ben Sulayem<\/strong>, presidente de la <strong>Federaci\u00f3n Internacional del Automovilismo [FIA]<\/strong>, quien abog\u00f3 por el regreso de los motores <strong>V10 <\/strong>y, para ello, podr\u00eda acortar o incluso desistir del reglamento que entrar\u00e1 en vigencia a partir de 2026. El jefe de la escuder\u00eda de <strong>Brackley <\/strong>mencion\u00f3 la llegada de nuevas marcas, como <strong>Audi<\/strong>, y dijo que la situaci\u00f3n parec\u00eda un sinsentido dada la situaci\u00f3n actual de la <strong>F1<\/strong>.<\/p>\n\n\n\n<p class=\"wp-block-paragraph\">\ud83d\udfe5&nbsp;<strong><em>\u00a1Todas las novedades te esperan en el canal de&nbsp;<\/em><\/strong><a href=\"https:\/\/www.youtube.com\/@GrandePremioES\"><em>YouTube<\/em><\/a><strong><em>&nbsp;de Grande Pr\u00eamio en Espa\u00f1ol!<\/em><\/strong>&nbsp;\ud83d\udfe8<\/p>\n\n\n\n<p class=\"wp-block-paragraph\">A partir de 2026, la categor\u00eda tendr\u00e1 un nuevo reglamento de coches y motores. La nueva cadena cinem\u00e1tica, en la que los componentes el\u00e9ctricos ser\u00e1n responsables de alrededor del 50% de la potencia, atrajo a algunas marcas a la <strong>F1<\/strong>, como <strong>Audi, Ford<\/strong> [que tendr\u00e1 una asociaci\u00f3n con <strong>Red Bull Powertrains<\/strong>], <strong>Honda<\/strong> y <strong>Cadillac<\/strong> (que reci\u00e9n tendr\u00e1 su propio motor a partir de 2028), adem\u00e1s de <strong>Porsche<\/strong>, que tiene inter\u00e9s en ingresar a la categor\u00eda. Estas normas estar\u00e1n vigentes hasta la temporada 2030.<\/p>\n\n\n\n<p class=\"wp-block-paragraph\">Sin embargo, seg\u00fan la revista alemana Auto Motor und Sport, <a href=\"https:\/\/grandepremio.com\/es\/f1\/motores-v10-regreso-f1-trabajo-mohammed-ben-sulayem-fia-2025\/\">la FIA creo un grupo de trabajo para estudiar la reintroducci\u00f3n de los motores V10 en 2028 o 2029<\/a>. Para esto, el organismo podr\u00eda sugerir la ampliaci\u00f3n de la normativa actual hasta el regreso de la unidad de potencia.<\/p>\n\n\n\n<p class=\"wp-block-paragraph\">\u00abParece una tonter\u00eda. La <strong>F1 <\/strong>atrae a marcas como <strong>Audi <\/strong>hablando de tener un gran motor h\u00edbrido y combustible sostenible. De repente hablamos de tenerlo tres a\u00f1os, no cinco. Tenemos que ser un socio estable y fiable que diga: &#8216;este es el reglamento, este es el presupuesto de inversi\u00f3n y este es el c\u00e1lculo&#8217;. Y luego la gente dice si va a estar o no\u00bb, declar\u00f3 el jefe de Mercedes en una entrevista a la revista brit\u00e1nica Autosport.<\/p>\n\n\n\n<p class=\"wp-block-paragraph\">\u00abPero incluso antes de que empiece el reglamento, decir &#8216;vamos a ver el pr\u00f3ximo motor y la pr\u00f3xima unidad de potencia&#8217;, creo que es un error para la <strong>F1<\/strong>. Por eso la <strong>FIA<\/strong>, los equipos y la categor\u00eda tienen que tener el mismo inter\u00e9s. Queremos que este deporte sea grande. En lugar de fijarnos en el \u00e9xito de una carrera, necesitamos tener un plan a largo plazo y que todo el mundo vaya en la misma direcci\u00f3n\u00bb, coment\u00f3. <\/p>\n\n\n\n<p class=\"wp-block-paragraph\">\u23e9\u00a0<strong><em>\u00a1Seguinos en redes por\u00a0<\/em><\/strong><a href=\"https:\/\/twitter.com\/grandepremioES\"><em>Twitter\u00a0<\/em><\/a><strong><em>e\u00a0<\/em><\/strong><a href=\"https:\/\/www.instagram.com\/grandepremioes\/\"><em>Instagram!<\/em><\/a><br>\u23e9\u00a0<strong><em>Adem\u00e1s, tenemos nuestro\u00a0<\/em><\/strong><a href=\"https:\/\/whatsapp.com\/channel\/0029VaDZ5zb0gcfDxuwxBM05\"><em>canal de Whatsapp<\/em><\/a><strong><em>\u00a0con toda la informaci\u00f3n al instante<\/em><\/strong>\u00a0\ud83c\udfc1<\/p>\n\n\n\n<figure class=\"wp-block-image size-full\"><img decoding=\"async\" src=\"https:\/\/grandepremio.com\/es\/wp-content\/uploads\/2025\/03\/audi-formula-1-1024x640-1-e1736421919248.png\" alt=\"\" class=\"wp-image-320161\"\/><figcaption class=\"wp-element-caption\">Audi se pronunci\u00f3 en contra del regreso de los motores V10 a la F1 (Foto: Divulgaci\u00f3n \/ Audi)<\/figcaption><\/figure>\n\n\n\n<p class=\"wp-block-paragraph\"><strong>Wolff<\/strong> dijo que no ve\u00eda ning\u00fan problema con el regreso del <strong>V10<\/strong>, siempre y cuando hubiera conversaciones entre todas las partes y se produjera una coincidencia entre los deseos de los fabricantes de autom\u00f3viles.<\/p>\n\n\n\n<p class=\"wp-block-paragraph\">\u00abEn <strong>Mercedes<\/strong> siempre estamos abiertos al debate. \u00bfCu\u00e1l es el motor del futuro? \u00bfEs un <strong>V8<\/strong>? \u00bfUn <strong>V10<\/strong>? \u00bfQu\u00e9 tipo de sistema h\u00edbrido tendr\u00e1? El combustible sostenible avanza claramente. \u00bfSer\u00e1 un motor aspirado o turbo? Cualquier desaf\u00edo ser\u00e1 bueno para nosotros, siempre que haya una postura adecuada sobre c\u00f3mo se decide ese motor\u00bb, dijo <strong>Wolff<\/strong>.<\/p>\n\n\n\n<p class=\"wp-block-paragraph\">\u00abReunamos a todas las cabezas pensantes de todos los fabricantes de motores y veamos qu\u00e9 queremos para despu\u00e9s de 2030. Despu\u00e9s, elaboremos un plan que sea bueno para la <strong>F1<\/strong>\u00bb, concluy\u00f3 el jefe de <strong>Mercedes<\/strong>.<\/p>\n\n\n\n<p class=\"wp-block-paragraph\">La&nbsp;<strong><a href=\"https:\/\/es.grandepremio.com\/f1\/\" target=\"_blank\" rel=\"noreferrer noopener\"><\/a><a href=\"https:\/\/es.grandepremio.com\/f1\/\" target=\"_blank\" rel=\"noreferrer noopener\"><\/a><a href=\"https:\/\/es.grandepremio.com\/f1\/\" target=\"_blank\" rel=\"noreferrer noopener\"><\/a><a href=\"https:\/\/es.grandepremio.com\/f1\/\" target=\"_blank\" rel=\"noreferrer noopener\"><\/a><a href=\"https:\/\/es.grandepremio.com\/f1\/\" target=\"_blank\" rel=\"noreferrer noopener\"><\/a><a href=\"https:\/\/es.grandepremio.com\/f1\/\" target=\"_blank\" rel=\"noreferrer noopener\"><\/a><a href=\"https:\/\/es.grandepremio.com\/f1\/\" target=\"_blank\" rel=\"noreferrer noopener\"><\/a><a href=\"https:\/\/es.grandepremio.com\/f1\/\" target=\"_blank\" rel=\"noreferrer noopener\"><\/a><a href=\"https:\/\/es.grandepremio.com\/f1\/\" target=\"_blank\" rel=\"noreferrer noopener\"><\/a><a href=\"https:\/\/es.grandepremio.com\/f1\/\" target=\"_blank\" rel=\"noreferrer noopener\"><\/a><a href=\"https:\/\/es.grandepremio.com\/f1\/\" target=\"_blank\" rel=\"noreferrer noopener\"><\/a><a href=\"https:\/\/es.grandepremio.com\/f1\/\" target=\"_blank\" rel=\"noreferrer noopener\"><\/a><a href=\"https:\/\/es.grandepremio.com\/f1\/\" target=\"_blank\" rel=\"noreferrer noopener\"><\/a><a href=\"https:\/\/es.grandepremio.com\/f1\/\" target=\"_blank\" rel=\"noreferrer noopener\">F\u00f3rmula 1<\/a><\/strong>&nbsp;regresa el pr\u00f3ximo fin de semana, del 21 al 23 de marzo, con el&nbsp;<strong>Gran Premio de China<\/strong>&nbsp;en&nbsp;<strong>Shanghai<\/strong>.<\/p>\n\n\n\n<figure class=\"wp-block-embed is-type-video is-provider-youtube wp-block-embed-youtube wp-embed-aspect-16-9 wp-has-aspect-ratio\"><div class=\"wp-block-embed__wrapper\">\n<iframe loading=\"lazy\" title=\"GP DE AUSTRALIA 2025 - 5 CLAVES\" width=\"500\" height=\"281\" src=\"https:\/\/www.youtube.com\/embed\/rRWe1_ynJpY?feature=oembed\" frameborder=\"0\" allow=\"accelerometer; autoplay; clipboard-write; encrypted-media; gyroscope; picture-in-picture; web-share\" referrerpolicy=\"strict-origin-when-cross-origin\" allowfullscreen><\/iframe>\n<\/div><\/figure>\n","protected":false},"excerpt":{"rendered":"<p>El presidente de la FIA, Mohammed Ben Sulayem, defendi\u00f3 el regreso de los motores V10, pero el jefe de Mercedes, Toto Wolff, pidi\u00f3 prudencia y discusiones con todos los implicados en la F1.<\/p>\n","protected":false},"author":0,"featured_media":1010320572,"comment_status":"closed","ping_status":"closed","sticky":false,"template":"","format":"standard","meta":{"42wp_featured_image_caption":"","42wp_featured_image_credits":"","42wp_featured_video":"","42wp_featured_image_hidden":false,"42wp_authors_list":[],"footnotes":""},"categories":[5],"tags":[612,181,1710,2127,179,8059,2330,1488,197,9647,12008,569],"42wp_author":[14239],"class_list":["post-8482","post","type-post","status-publish","format-standard","has-post-thumbnail","hentry","category-f1","tag-audi","tag-f1","tag-f1-2025","tag-f1-2028","tag-formula-1","tag-formula-1-2025","tag-formula-1-2028","tag-grande-premio","tag-mercedes","tag-temporada-2025-f1","tag-temporada-2028-f1","tag-toto-wolff","42wp_author-jp-otrosky"],"_links":{"self":[{"href":"https:\/\/grandepremio.com\/es\/wp-json\/wp\/v2\/posts\/8482","targetHints":{"allow":["GET"]}}],"collection":[{"href":"https:\/\/grandepremio.com\/es\/wp-json\/wp\/v2\/posts"}],"about":[{"href":"https:\/\/grandepremio.com\/es\/wp-json\/wp\/v2\/types\/post"}],"replies":[{"embeddable":true,"href":"https:\/\/grandepremio.com\/es\/wp-json\/wp\/v2\/comments?post=8482"}],"version-history":[{"count":0,"href":"https:\/\/grandepremio.com\/es\/wp-json\/wp\/v2\/posts\/8482\/revisions"}],"wp:featuredmedia":[{"embeddable":true,"href":"https:\/\/grandepremio.com\/es\/wp-json\/wp\/v2\/media\/1010320572"}],"wp:attachment":[{"href":"https:\/\/grandepremio.com\/es\/wp-json\/wp\/v2\/media?parent=8482"}],"wp:term":[{"taxonomy":"category","embeddable":true,"href":"https:\/\/grandepremio.com\/es\/wp-json\/wp\/v2\/categories?post=8482"},{"taxonomy":"post_tag","embeddable":true,"href":"https:\/\/grandepremio.com\/es\/wp-json\/wp\/v2\/tags?post=8482"},{"taxonomy":"42wp_author","embeddable":true,"href":"https:\/\/grandepremio.com\/es\/wp-json\/wp\/v2\/42wp_author?post=8482"}],"curies":[{"name":"wp","href":"https:\/\/api.w.org\/{rel}","templated":true}]}}