{"id":8509,"date":"2025-03-25T17:17:56","date_gmt":"2025-03-25T20:17:56","guid":{"rendered":"https:\/\/grandepremio.com\/es\/2025\/03\/25\/gp-hungria-obras-formula-1-2025\/"},"modified":"2025-03-25T17:17:59","modified_gmt":"2025-03-25T20:17:59","slug":"gp-hungria-obras-formula-1-2025","status":"publish","type":"post","link":"https:\/\/grandepremio.com\/es\/f1\/gp-hungria-obras-formula-1-2025\/","title":{"rendered":"F1 afirma que obras en el circuito de Hungr\u00eda est\u00e1n &#8220;m\u00e1s avanzadas que lo esperado&#8221;"},"content":{"rendered":"\n<p class=\"wp-block-paragraph\">El circuito <strong>Hungaroring<\/strong>, sede del <strong>Gran Premio de Hungr\u00eda de F\u00f3rmula 1<\/strong>, es objeto de una serie de obras desde julio de 2024, y que hasta el momento est\u00e1n m\u00e1s avanzadas de lo previsto. El proyecto, que pretende modernizar el paddock y la tribuna principal del aut\u00f3dromo, ya est\u00e1 en su segunda fase.<\/p>\n\n\n\n<p class=\"wp-block-paragraph\">La idea inicial es que la mayor parte de las renovaciones est\u00e9n terminadas a tiempo para el Gran Premio de Hungr\u00eda de esta temporada, que tiene como fecha el 3 de agosto. Con las obras est\u00e1n &#8220;m\u00e1s avanzadas que lo esperado&#8221;, la F1 no afronta ning\u00fan contratiempo en relaci\u00f3n con la carrera de Budapest, seg\u00fan inform\u00f3 la categor\u00eda en su sitio oficial.<\/p>\n\n\n\n<p class=\"wp-block-paragraph\"><strong><em>\u00a1Todas las novedades te esperan en el canal de\u00a0<a href=\"https:\/\/www.youtube.com\/@GrandePremioES\" target=\"_blank\" rel=\"noreferrer noopener\">YouTube<\/a>\u00a0de Grande Pr\u00eamio en Espa\u00f1ol!<\/em><\/strong><\/p>\n\n\n\n<figure class=\"wp-block-image size-large\"><img decoding=\"async\" src=\"https:\/\/grandepremio.com\/cdn-cgi\/image\/width=893,height=558,fit=contain,gravity=0.5x0.5,quality=75,format=webp\/es\/wp-content\/uploads\/2025\/03\/image-23-1024x576.png\" alt=\"\" class=\"wp-image-320259\"\/><figcaption class=\"wp-element-caption\">El GP de Hungr\u00eda se correr\u00e1 el 3 de agosto. (Foto: Reproducci\u00f3n)<\/figcaption><\/figure>\n\n\n\n<p class=\"wp-block-paragraph\">Para el evento de este a\u00f1o, el exterior del edificio del paddock aparecer\u00e1 completamente terminado, pero s\u00f3lo los boxes y la primera planta se utilizar\u00e1n con normalidad, mientras que otras estructuras, como el centro de prensa y el control de carrera, permanecer\u00e1n en una ubicaci\u00f3n provisional.<\/p>\n\n\n\n<p class=\"wp-block-paragraph\">Tan pronto como finalice el GP de este a\u00f1o, se reanudar\u00e1n las obras de remodelaci\u00f3n del paddock y se espera que Hungaroring est\u00e9 terminado al 100% para organizar el GP de Hungr\u00eda de 2026.<\/p>\n\n\n\n<p class=\"wp-block-paragraph\"><strong><em>\u00a1Seguinos en redes por\u00a0<a href=\"https:\/\/twitter.com\/grandepremioES\" target=\"_blank\" rel=\"noreferrer noopener\">Twitter\u00a0<\/a>e\u00a0<a href=\"https:\/\/www.instagram.com\/grandepremioes\/\" target=\"_blank\" rel=\"noreferrer noopener\">Instagram!<\/a><\/em><\/strong><br><strong><em>Adem\u00e1s, tenemos nuestro\u00a0<a href=\"https:\/\/whatsapp.com\/channel\/0029VaDZ5zb0gcfDxuwxBM05\" target=\"_blank\" rel=\"noreferrer noopener\">canal de Whatsapp<\/a>\u00a0con toda la informaci\u00f3n al instante<\/em><\/strong><\/p>\n\n\n\n<figure class=\"wp-block-embed is-type-video is-provider-youtube wp-block-embed-youtube wp-embed-aspect-16-9 wp-has-aspect-ratio\"><div class=\"wp-block-embed__wrapper\">\n<iframe loading=\"lazy\" title=\"GP DE CHINA 2025 - 5 CLAVES\" width=\"500\" height=\"281\" src=\"https:\/\/www.youtube.com\/embed\/9WgQYYz9boc?feature=oembed\" frameborder=\"0\" allow=\"accelerometer; autoplay; clipboard-write; encrypted-media; gyroscope; picture-in-picture; web-share\" referrerpolicy=\"strict-origin-when-cross-origin\" allowfullscreen><\/iframe>\n<\/div><\/figure>\n\n\n\n<p class=\"wp-block-paragraph\">La F1 tambi\u00e9n se\u00f1al\u00f3 que m\u00e1s de mil personas est\u00e1n trabajando en la remodelaci\u00f3n, que comenz\u00f3 apenas una semana despu\u00e9s del <strong>Gran Premio de Hungr\u00eda<\/strong> del a\u00f1o pasado.<\/p>\n\n\n\n<p class=\"wp-block-paragraph\">La estructura b\u00e1sica de la cubierta de la tribuna principal ya se ha construido y se est\u00e1 cubriendo desde arriba, mientras que el revestimiento se est\u00e1 instalando desde abajo. Adem\u00e1s, la base prefabricada de la tribuna ya est\u00e1 totalmente terminada, y s\u00f3lo falta instalar los asientos.<\/p>\n\n\n\n<p class=\"wp-block-paragraph\">Tambi\u00e9n se espera el inicio de la venta de entradas para esta nueva tribuna principal del circuito. Seg\u00fan la categor\u00eda, la adquisici\u00f3n puede comenzar ya el pr\u00f3ximo lunes 31.<\/p>\n\n\n\n<p class=\"wp-block-paragraph\"><strong>La F\u00f3rmula 1 regresa entre el 4 y el 6 de abril con el Gran Premio de Jap\u00f3n, tercera prueba de la temporada 2025.<\/strong><\/p>\n","protected":false},"excerpt":{"rendered":"<p>La F\u00f3rmula 1 inform\u00f3 que las reformas en el circuito Hungaroring, sede del GP de Hungr\u00eda, estar\u00e1n terminadas para cuando se dispute la competencia el pr\u00f3ximo 3 de agosto. <\/p>\n","protected":false},"author":0,"featured_media":1010320260,"comment_status":"closed","ping_status":"closed","sticky":false,"template":"","format":"standard","meta":{"42wp_featured_image_caption":"","42wp_featured_image_credits":"","42wp_featured_video":"","42wp_featured_image_hidden":false,"42wp_authors_list":[],"footnotes":""},"categories":[5],"tags":[181,1710,179,421,378],"42wp_author":[14223],"class_list":["post-8509","post","type-post","status-publish","format-standard","has-post-thumbnail","hentry","category-f1","tag-f1","tag-f1-2025","tag-formula-1","tag-gp-de-hungria","tag-hungaroring","42wp_author-esteban-nieto"],"_links":{"self":[{"href":"https:\/\/grandepremio.com\/es\/wp-json\/wp\/v2\/posts\/8509","targetHints":{"allow":["GET"]}}],"collection":[{"href":"https:\/\/grandepremio.com\/es\/wp-json\/wp\/v2\/posts"}],"about":[{"href":"https:\/\/grandepremio.com\/es\/wp-json\/wp\/v2\/types\/post"}],"replies":[{"embeddable":true,"href":"https:\/\/grandepremio.com\/es\/wp-json\/wp\/v2\/comments?post=8509"}],"version-history":[{"count":0,"href":"https:\/\/grandepremio.com\/es\/wp-json\/wp\/v2\/posts\/8509\/revisions"}],"wp:featuredmedia":[{"embeddable":true,"href":"https:\/\/grandepremio.com\/es\/wp-json\/wp\/v2\/media\/1010320260"}],"wp:attachment":[{"href":"https:\/\/grandepremio.com\/es\/wp-json\/wp\/v2\/media?parent=8509"}],"wp:term":[{"taxonomy":"category","embeddable":true,"href":"https:\/\/grandepremio.com\/es\/wp-json\/wp\/v2\/categories?post=8509"},{"taxonomy":"post_tag","embeddable":true,"href":"https:\/\/grandepremio.com\/es\/wp-json\/wp\/v2\/tags?post=8509"},{"taxonomy":"42wp_author","embeddable":true,"href":"https:\/\/grandepremio.com\/es\/wp-json\/wp\/v2\/42wp_author?post=8509"}],"curies":[{"name":"wp","href":"https:\/\/api.w.org\/{rel}","templated":true}]}}