{"id":8554,"date":"2025-03-23T09:49:51","date_gmt":"2025-03-23T12:49:51","guid":{"rendered":"https:\/\/grandepremio.com\/es\/2025\/03\/23\/antonelli-explica-problema-coche-gp-china-f1-2025\/"},"modified":"2025-03-23T11:48:35","modified_gmt":"2025-03-23T14:48:35","slug":"antonelli-explica-problema-coche-gp-china-f1-2025","status":"publish","type":"post","link":"https:\/\/grandepremio.com\/es\/f1\/antonelli-explica-problema-coche-gp-china-f1-2025\/","title":{"rendered":"Antonelli explica el problema de su coche en el GP de China y admite: \u00abNo estoy satisfecho\u00bb"},"content":{"rendered":"\n<p class=\"wp-block-paragraph\"><strong>Andrea Kimi Antonelli<\/strong> no obtuvo el resultado que esperaba en el <strong>Gran Premio de China<\/strong> de <strong>F\u00f3rmula 1<\/strong>. El italiano sali\u00f3 octavo y cruz\u00f3 la l\u00ednea de meta en la misma posici\u00f3n, pero ascendi\u00f3 hasta la sexta plaza tras beneficiarse de las descalificaciones de <strong>Charles Leclerc<\/strong> y <strong>Lewis Hamilton<\/strong>, de <strong>Ferrari<\/strong>.<\/p>\n\n\n\n<p class=\"wp-block-paragraph\">Tambi\u00e9n sufri\u00f3 da\u00f1os en el suelo tras golpear un trozo del aler\u00f3n delantero de Leclerc, que se desprendi\u00f3 del coche despu\u00e9s de que el monegasco tocara a su compa\u00f1ero en la primera curva de la carrera, y dijo que s\u00f3lo fue informado del problema al final de la carrera.<\/p>\n\n\n\n<p class=\"wp-block-paragraph\">Sin embargo, haciendo balance del fin de semana, el piloto del #12 admiti\u00f3 que necesita mejorar su rendimiento en clasificaci\u00f3n para salir m\u00e1s adelante en las pr\u00f3ximas etapas de la F1.<\/p>\n\n\n\n<p class=\"wp-block-paragraph\">\ud83d\udfe5&nbsp;<strong><em>\u00a1Todas las novedades te esperan en el canal de&nbsp;<\/em><\/strong><a href=\"https:\/\/www.youtube.com\/@GrandePremioES\"><em>YouTube<\/em><\/a><strong><em>&nbsp;de Grande Pr\u00eamio en Espa\u00f1ol!<\/em><\/strong>&nbsp;\ud83d\udfe8<\/p>\n\n\n\n<figure class=\"wp-block-image size-large\"><img decoding=\"async\" src=\"https:\/\/grandepremio.com\/es\/wp-content\/uploads\/2025\/03\/Gmtcd8BWEAArJGd-1024x665.jpeg\" alt=\"\" class=\"wp-image-319884\"\/><figcaption class=\"wp-element-caption\">Antonelli asegur\u00f3 que buscar\u00e1 finalizar m\u00e1s adelante en Jap\u00f3n. (Foto: Mercedes)<\/figcaption><\/figure>\n\n\n\n<p class=\"wp-block-paragraph\">\u23e9&nbsp;<strong><em>\u00a1Seguinos en redes por&nbsp;<\/em><\/strong><a href=\"https:\/\/twitter.com\/grandepremioES\"><em>Twitter&nbsp;<\/em><\/a><strong><em>e&nbsp;<\/em><\/strong><a href=\"https:\/\/www.instagram.com\/grandepremioes\/\"><em>Instagram!<\/em><\/a><br>\u23e9&nbsp;<strong><em>Adem\u00e1s, tenemos nuestro&nbsp;<\/em><\/strong><a href=\"https:\/\/whatsapp.com\/channel\/0029VaDZ5zb0gcfDxuwxBM05\"><em>canal de Whatsapp<\/em><\/a><strong><em>&nbsp;con toda la informaci\u00f3n al instante<\/em><\/strong>&nbsp;\ud83c\udfc1<\/p>\n\n\n\n<p class=\"wp-block-paragraph\">\u00abSent\u00ed que hab\u00eda algo extra\u00f1o desde la primera vuelta, estaba teniendo muchas dificultades con la parte trasera del coche, algo que no esperaba porque ayer fue todo lo contrario. En la carrera sprint estaba luchando con la parte delantera\u00bb, comenz\u00f3.<\/p>\n\n\n\n<p class=\"wp-block-paragraph\">\u00abNot\u00e9 que el coche no era el mismo, pero no sab\u00eda nada de los da\u00f1os, s\u00f3lo me lo dijeron al final. Al parecer, cuando Leclerc perdi\u00f3 un trozo del aler\u00f3n, yo lo pis\u00e9 y da\u00f1\u00e9 el suelo. Eso complic\u00f3 las cosas\u00bb, explic\u00f3.<\/p>\n\n\n\n<p class=\"wp-block-paragraph\">\u00abSinceramente, no estoy contento con mi salida y la clasificaci\u00f3n de ayer. En <strong>Jap\u00f3n<\/strong> ser\u00e1 importante hacerlo bien en la calificaci\u00f3n y salir delante. Intentar\u00e9 analizar qu\u00e9 podr\u00eda haber hecho mejor durante esta carrera para mejorar de cara a <strong>Suzuka<\/strong>\u00bb, concluy\u00f3.<\/p>\n\n\n\n<p class=\"wp-block-paragraph\">La&nbsp;<strong><a href=\"https:\/\/es.grandepremio.com\/f1\/\" target=\"_blank\" rel=\"noreferrer noopener\">F\u00f3rmula 1<\/a><\/strong>&nbsp;regresa del 4 al 6 de abril en&nbsp;<strong>Suzuka<\/strong>, escenario del&nbsp;<strong>Gran Premio de Jap\u00f3n<\/strong>, tercera prueba de la&nbsp;<strong>temporada 2025<\/strong>.<\/p>\n\n\n\n<figure class=\"wp-block-embed is-type-video is-provider-youtube wp-block-embed-youtube wp-embed-aspect-16-9 wp-has-aspect-ratio\"><div class=\"wp-block-embed__wrapper\">\n<iframe loading=\"lazy\" title=\"GP DE CHINA 2025 - 5 CLAVES\" width=\"500\" height=\"281\" src=\"https:\/\/www.youtube.com\/embed\/9WgQYYz9boc?feature=oembed\" frameborder=\"0\" allow=\"accelerometer; autoplay; clipboard-write; encrypted-media; gyroscope; picture-in-picture; web-share\" referrerpolicy=\"strict-origin-when-cross-origin\" allowfullscreen><\/iframe>\n<\/div><\/figure>\n","protected":false},"excerpt":{"rendered":"<p>Andrea Kimi Antonelli acab\u00f3 con el suelo da\u00f1ado y dijo que s\u00f3lo le informaron del problema al final de la carrera. Sin embargo, el italiano admiti\u00f3 que necesita salir m\u00e1s adelante en Jap\u00f3n.<\/p>\n","protected":false},"author":0,"featured_media":1010319555,"comment_status":"closed","ping_status":"closed","sticky":false,"template":"","format":"standard","meta":{"42wp_featured_image_caption":"","42wp_featured_image_credits":"","42wp_featured_video":"","42wp_featured_image_hidden":false,"42wp_authors_list":[],"footnotes":""},"categories":[5],"tags":[6800,247,1710,185,179,1728,199,197,10176],"42wp_author":[14240],"class_list":["post-8554","post","type-post","status-publish","format-standard","has-post-thumbnail","hentry","category-f1","tag-andrea-kimi-antonelli","tag-charles-leclerc","tag-f1-2025","tag-ferrari","tag-formula-1","tag-gp-de-china","tag-lewis-hamilton","tag-mercedes","tag-shanghai-2","42wp_author-ignacio-bogado"],"_links":{"self":[{"href":"https:\/\/grandepremio.com\/es\/wp-json\/wp\/v2\/posts\/8554","targetHints":{"allow":["GET"]}}],"collection":[{"href":"https:\/\/grandepremio.com\/es\/wp-json\/wp\/v2\/posts"}],"about":[{"href":"https:\/\/grandepremio.com\/es\/wp-json\/wp\/v2\/types\/post"}],"replies":[{"embeddable":true,"href":"https:\/\/grandepremio.com\/es\/wp-json\/wp\/v2\/comments?post=8554"}],"version-history":[{"count":0,"href":"https:\/\/grandepremio.com\/es\/wp-json\/wp\/v2\/posts\/8554\/revisions"}],"wp:featuredmedia":[{"embeddable":true,"href":"https:\/\/grandepremio.com\/es\/wp-json\/wp\/v2\/media\/1010319555"}],"wp:attachment":[{"href":"https:\/\/grandepremio.com\/es\/wp-json\/wp\/v2\/media?parent=8554"}],"wp:term":[{"taxonomy":"category","embeddable":true,"href":"https:\/\/grandepremio.com\/es\/wp-json\/wp\/v2\/categories?post=8554"},{"taxonomy":"post_tag","embeddable":true,"href":"https:\/\/grandepremio.com\/es\/wp-json\/wp\/v2\/tags?post=8554"},{"taxonomy":"42wp_author","embeddable":true,"href":"https:\/\/grandepremio.com\/es\/wp-json\/wp\/v2\/42wp_author?post=8554"}],"curies":[{"name":"wp","href":"https:\/\/api.w.org\/{rel}","templated":true}]}}