{"id":8633,"date":"2025-03-20T12:09:39","date_gmt":"2025-03-20T15:09:39","guid":{"rendered":"https:\/\/grandepremio.com\/es\/2025\/03\/20\/pramac-elige-augusto-fernandez-sustituto-oliveira-gp-americas\/"},"modified":"2025-03-20T12:09:44","modified_gmt":"2025-03-20T15:09:44","slug":"pramac-elige-augusto-fernandez-sustituto-oliveira-gp-americas","status":"publish","type":"post","link":"https:\/\/grandepremio.com\/es\/motogp\/pramac-elige-augusto-fernandez-sustituto-oliveira-gp-americas\/","title":{"rendered":"Pramac elige a Augusto Fern\u00e1ndez como sustituto de Oliveira para el GP de las Am\u00e9ricas"},"content":{"rendered":"\n<p class=\"wp-block-paragraph\">Este jueves se conoci\u00f3 que <strong>Miguel Oliveira<\/strong> no podr\u00e1 correr en el <strong>GP de las Am\u00e9ricas<\/strong> en el <strong>Circuito de las Am\u00e9ricas <\/strong>de <strong>Austin<\/strong>, Texas, debido a que se lesion\u00f3 la clav\u00edcula izquierda en una ca\u00edda en la carrera sprint del <strong>GP de Argentina<\/strong> despu\u00e9s de un toque con <strong>Ferm\u00edn Aldeguer<\/strong>.<\/p>\n\n\n\n<p class=\"wp-block-paragraph\">\ud83d\udfe5&nbsp;<strong><em>\u00a1Todas las novedades te esperan en el canal de&nbsp;<\/em><\/strong><a href=\"https:\/\/www.youtube.com\/@GrandePremioES\"><em>YouTube<\/em><\/a><strong><em>&nbsp;de Grande Pr\u00eamio en Espa\u00f1ol!<\/em><\/strong>&nbsp;\ud83d\udfe8<\/p>\n\n\n\n<p class=\"wp-block-paragraph\">De esta manera, la grilla de <strong>MotoGP <\/strong>tampoco estar\u00e1 completa en la pr\u00f3xima ronda del campeonato del mundo de 2025, dado que <strong>Augusto Fern\u00e1ndez<\/strong> ser\u00e1 el reemplazo de Oliveira en Texas, sumada a la ausencia del comienzo de a\u00f1o de <strong>Jorge Mart\u00edn<\/strong> por sus lesiones en la pretemporada.<\/p>\n\n\n\n<p class=\"wp-block-paragraph\">Si bien Fern\u00e1ndez es probador de <strong>Yamaha<\/strong>, que tiene a dos motos clientes en el equipo de Paolo Campinoti, la casa japonesa evalu\u00f3 colocarlo como sustituto de <strong>Jonathan Rea<\/strong> en la ronda de Portimao del Campeonato del Mundo de Superbikes (<strong>WSBK<\/strong>), dado que el norirland\u00e9s tambi\u00e9n est\u00e1 lesionado.<\/p>\n\n\n\n<figure class=\"wp-block-embed is-type-video is-provider-youtube wp-block-embed-youtube wp-embed-aspect-16-9 wp-has-aspect-ratio\"><div class=\"wp-block-embed__wrapper\">\n<iframe loading=\"lazy\" title=\"GP DE CHINA 2025 - LA PREVIA\" width=\"500\" height=\"281\" src=\"https:\/\/www.youtube.com\/embed\/hp-c4i7ksB4?feature=oembed\" frameborder=\"0\" allow=\"accelerometer; autoplay; clipboard-write; encrypted-media; gyroscope; picture-in-picture; web-share\" referrerpolicy=\"strict-origin-when-cross-origin\" allowfullscreen><\/iframe>\n<\/div><\/figure>\n\n\n\n<p class=\"wp-block-paragraph\"><strong>\u201cQuiero mandar a Miguel mis m\u00e1s sinceros deseos de recuperaci\u00f3n, espero que pueda volver pronto. Tambi\u00e9n quiero dar las gracias a Yamaha y a Pramac por esta oportunidad. Austin es un gran circuito, estoy impaciente por pilotar la M1, tengo muchas ganas de que llegue el fin de semana\u201d<\/strong>, dijo Fern\u00e1ndez.<\/p>\n\n\n\n<p class=\"wp-block-paragraph\">Oliveira, que tiene una ligera dislocaci\u00f3n de la clav\u00edcula izquierda cerca de un ligamento, coment\u00f3 lo siguiente:<strong> \u201cQuiero dar las gracias al equipo y tambi\u00e9n a los m\u00e9dicos que me han atendido. El plazo para mi regreso es incierto porque tengo que esperar a que mi cuerpo responda, evaluaremos la situaci\u00f3n cada semana. Pronto volveremos a la pista, pero la atenci\u00f3n se centra en mi recuperaci\u00f3n y en estar al 100% f\u00edsicamente\u201d.<\/strong><\/p>\n\n\n\n<p class=\"wp-block-paragraph\">\u23e9&nbsp;<strong><em>\u00a1Seguinos en redes por&nbsp;<\/em><\/strong><a href=\"https:\/\/twitter.com\/grandepremioES\"><em>Twitter&nbsp;<\/em><\/a><strong><em>e&nbsp;<\/em><\/strong><a href=\"https:\/\/www.instagram.com\/grandepremioes\/\"><em>Instagram!<\/em><\/a><br>\u23e9&nbsp;<strong><em>Adem\u00e1s, tenemos nuestro&nbsp;<\/em><\/strong><a href=\"https:\/\/whatsapp.com\/channel\/0029VaDZ5zb0gcfDxuwxBM05\"><em>canal de Whatsapp<\/em><\/a><strong><em>&nbsp;con toda la informaci\u00f3n al instante<\/em><\/strong>&nbsp;\ud83c\udfc1<\/p>\n\n\n\n<p class=\"wp-block-paragraph\">MotoGP vuelve a la acci\u00f3n entre el 28 y el 30 de marzo, en el GP de las Am\u00e9ricas, en Austin (EE.UU.), para la tercera prueba de la temporada 2025. GRANDE PR\u00caMIO ofrece una cobertura completa del evento.<\/p>\n","protected":false},"excerpt":{"rendered":"<p>Como Miguel Oliveira se lesion\u00f3 la clav\u00edcula izquierda en el GP de Argentina, el equipo Pramac comunic\u00f3 que el portugu\u00e9s no podr\u00e1 correr en el Circuito de las Am\u00e9ricas y Augusto Fern\u00e1ndez, probador de Yamaha, ser\u00e1 su reemplazo en la pr\u00f3xima fecha de MotoGP.<\/p>\n","protected":false},"author":0,"featured_media":1010319411,"comment_status":"closed","ping_status":"closed","sticky":false,"template":"","format":"standard","meta":{"42wp_featured_image_caption":"","42wp_featured_image_credits":"","42wp_featured_video":"","42wp_featured_image_hidden":false,"42wp_authors_list":[],"footnotes":""},"categories":[8],"tags":[3341,1409,1744,9546,1445,1447,4013,1526,1403,1293,3560,1309],"42wp_author":[14237],"class_list":["post-8633","post","type-post","status-publish","format-standard","has-post-thumbnail","hentry","category-motogp","tag-augusto-fernandez","tag-austin","tag-circuito-de-las-americas","tag-fermin-aldeguer","tag-gp-de-argentina","tag-gp-de-las-americas","tag-jonathan-rea","tag-jorge-martin","tag-miguel-oliveira","tag-motogp","tag-wsbk","tag-yamaha","42wp_author-gabriel-garcia"],"_links":{"self":[{"href":"https:\/\/grandepremio.com\/es\/wp-json\/wp\/v2\/posts\/8633","targetHints":{"allow":["GET"]}}],"collection":[{"href":"https:\/\/grandepremio.com\/es\/wp-json\/wp\/v2\/posts"}],"about":[{"href":"https:\/\/grandepremio.com\/es\/wp-json\/wp\/v2\/types\/post"}],"replies":[{"embeddable":true,"href":"https:\/\/grandepremio.com\/es\/wp-json\/wp\/v2\/comments?post=8633"}],"version-history":[{"count":0,"href":"https:\/\/grandepremio.com\/es\/wp-json\/wp\/v2\/posts\/8633\/revisions"}],"wp:featuredmedia":[{"embeddable":true,"href":"https:\/\/grandepremio.com\/es\/wp-json\/wp\/v2\/media\/1010319411"}],"wp:attachment":[{"href":"https:\/\/grandepremio.com\/es\/wp-json\/wp\/v2\/media?parent=8633"}],"wp:term":[{"taxonomy":"category","embeddable":true,"href":"https:\/\/grandepremio.com\/es\/wp-json\/wp\/v2\/categories?post=8633"},{"taxonomy":"post_tag","embeddable":true,"href":"https:\/\/grandepremio.com\/es\/wp-json\/wp\/v2\/tags?post=8633"},{"taxonomy":"42wp_author","embeddable":true,"href":"https:\/\/grandepremio.com\/es\/wp-json\/wp\/v2\/42wp_author?post=8633"}],"curies":[{"name":"wp","href":"https:\/\/api.w.org\/{rel}","templated":true}]}}