{"id":8725,"date":"2025-03-15T07:22:12","date_gmt":"2025-03-15T10:22:12","guid":{"rendered":"https:\/\/grandepremio.com\/es\/2025\/03\/15\/sainz-celebra-q3-williams-australia-f1-2025\/"},"modified":"2025-03-15T07:22:19","modified_gmt":"2025-03-15T10:22:19","slug":"sainz-celebra-q3-williams-australia-f1-2025","status":"publish","type":"post","link":"https:\/\/grandepremio.com\/es\/f1\/sainz-celebra-q3-williams-australia-f1-2025\/","title":{"rendered":"Sainz celebra la Q3 con Williams en Australia y dice: \u00abTengo m\u00e1s potencial por liberar\u00bb"},"content":{"rendered":"\n<p class=\"wp-block-paragraph\"><strong>Williams<\/strong> ha sido una grata sorpresa durante todo el fin de semana del <strong>Gran Premio de Australia<\/strong> y la cumbre hasta ahora ha llegado en la clasificaci\u00f3n. Con ambos coches en la Q3, <strong>Alexander Albon<\/strong> saldr\u00e1 desde la sexta plaza y <strong>Carlos Sainz<\/strong> desde la d\u00e9cima. Tras la sesi\u00f3n, el espa\u00f1ol elogi\u00f3 su primera posici\u00f3n en parrilla con el equipo de <strong>Grove<\/strong> y dijo estar \u00abmuy contento y orgulloso\u00bb.<\/p>\n\n\n\n<p class=\"wp-block-paragraph\">Sainz comenz\u00f3 el fin de semana con fuerza al marcar el segundo mejor tiempo en la FP1 y el sexto en la FP3. Albon tambi\u00e9n lo sigui\u00f3 al ser s\u00e9ptimo en la \u00faltima sesi\u00f3n de entrenamientos libres en <strong>Melbourne<\/strong> y sexto en la primera.<\/p>\n\n\n\n<p class=\"wp-block-paragraph\">Ahora, despu\u00e9s de que la clasificaci\u00f3n consolidara el buen momento de Williams, el espa\u00f1ol garantiz\u00f3 que lo mejor est\u00e1 por llegar y reconoci\u00f3 que podr\u00eda haber tenido una actuaci\u00f3n a\u00fan m\u00e1s impactante en la Q3. A\u00fan as\u00ed, destac\u00f3 la importancia de estar entre los diez primeros en la clasificaci\u00f3n.<\/p>\n\n\n\n<p class=\"wp-block-paragraph\">\ud83d\udfe5&nbsp;<strong><em>\u00a1Todas las novedades te esperan en el canal de&nbsp;<\/em><\/strong><a href=\"https:\/\/www.youtube.com\/@GrandePremioES\"><em>YouTube<\/em><\/a><strong><em>&nbsp;de Grande Pr\u00eamio en Espa\u00f1ol!<\/em><\/strong>&nbsp;\ud83d\udfe8<\/p>\n\n\n\n<figure class=\"wp-block-embed is-type-video is-provider-youtube wp-block-embed-youtube wp-embed-aspect-16-9 wp-has-aspect-ratio\"><div class=\"wp-block-embed__wrapper\">\n<iframe loading=\"lazy\" title=\"GP DE AUSTRALIA 2025 - LA PREVIA\" width=\"500\" height=\"281\" src=\"https:\/\/www.youtube.com\/embed\/45JrnCCdvRU?feature=oembed\" frameborder=\"0\" allow=\"accelerometer; autoplay; clipboard-write; encrypted-media; gyroscope; picture-in-picture; web-share\" referrerpolicy=\"strict-origin-when-cross-origin\" allowfullscreen><\/iframe>\n<\/div><\/figure>\n\n\n\n<p class=\"wp-block-paragraph\">\u00abEstoy muy contento y orgulloso de todo el equipo, de la forma en que hemos conseguido progresar durante el invierno y reunir un coche que nos permite estar en la Q3 por primera vez en muchos a\u00f1os con ambos coches. Creo que es fant\u00e1stico. Y s\u00f3lo puede ir a mejor, porque todav\u00eda tengo mucho m\u00e1s potencial que liberar una vez que entienda c\u00f3mo extraer los tiempos de vuelta en la Q3. Fui bastante fuerte en los entrenamientos del fin de semana, pero est\u00e1 claro que cuando llegu\u00e9 a la Q3 no sab\u00eda d\u00f3nde encontrar el tiempo por vuelta, comet\u00ed algunos errores y ahora necesito construir sobre eso para m\u00ed\u00bb, reflexion\u00f3 en una entrevista con <em>Sky Sports<\/em>.<\/p>\n\n\n\n<p class=\"wp-block-paragraph\">Sainz tambi\u00e9n asegur\u00f3 que la buena clasificaci\u00f3n en Albert Park le sirve para reafirmar que tom\u00f3 la decisi\u00f3n correcta al fichar por Williams tras ser sustituido en <strong>Ferrari<\/strong> por <strong>Lewis Hamilton<\/strong>.<\/p>\n\n\n\n<p class=\"wp-block-paragraph\">\u00abS\u00ed, sin duda. Puede ser como ten\u00eda que ser, y ahora es cuesti\u00f3n de trabajar duro porque veo mucho potencial en este equipo. Hay mucho potencial que sacar de m\u00ed mismo todav\u00eda, con un equipo totalmente respaldado y toda la infraestructura funcionando en los lugares adecuados, y siento que estamos en el buen camino\u00bb, a\u00f1adi\u00f3.<\/p>\n\n\n\n<figure class=\"wp-block-image size-large\"><img decoding=\"async\" src=\"https:\/\/grandepremio.com\/es\/wp-content\/uploads\/2025\/03\/GmC-sofbcAED4_7-1024x684.jpeg\" alt=\"\" class=\"wp-image-318860\"\/><figcaption class=\"wp-element-caption\">Sainz celebr\u00f3 la llegada a la Q3 con Williams en Australia. (Foto: Williams)<\/figcaption><\/figure>\n\n\n\n<p class=\"wp-block-paragraph\">\u23e9\u00a0<strong><em>\u00a1Seguinos en redes por\u00a0<\/em><\/strong><a href=\"https:\/\/twitter.com\/grandepremioES\"><em>Twitter\u00a0<\/em><\/a><strong><em>e\u00a0<\/em><\/strong><a href=\"https:\/\/www.instagram.com\/grandepremioes\/\"><em>Instagram!<\/em><\/a><br>\u23e9\u00a0<strong><em>Adem\u00e1s, tenemos nuestro\u00a0<\/em><\/strong><a href=\"https:\/\/whatsapp.com\/channel\/0029VaDZ5zb0gcfDxuwxBM05\"><em>canal de Whatsapp<\/em><\/a><strong><em>\u00a0con toda la informaci\u00f3n al instante<\/em><\/strong>\u00a0\ud83c\udfc1<\/p>\n\n\n\n<p class=\"wp-block-paragraph\">Hablando sobre la carrera del domingo, Sainz se mostr\u00f3 preocupado por la alta probabilidad de lluvia en Melbourne y dijo que tendr\u00eda que pasar por una \u00abcurva de aprendizaje empinada\u00bb en caso de pista mojada en su primera carrera para Williams.<\/p>\n\n\n\n<p class=\"wp-block-paragraph\">\u00abSer\u00e1 mi primera vuelta en lluvia con Williams, y ser\u00e1 en una carrera, as\u00ed que va a ser una curva de aprendizaje empinada. Pero no s\u00f3lo para m\u00ed, todos los que han cambiado de equipo, todos los que son un poco m\u00e1s nuevos en la situaci\u00f3n, pueden ver que est\u00e1n un poco por detr\u00e1s en la calificaci\u00f3n\u00bb, analiz\u00f3.<\/p>\n\n\n\n<p class=\"wp-block-paragraph\">\u00abCuando conoces muy bien un coche, siempre puedes estar un paso por delante, y esa es la diferencia entre estar 0s1 o 0s2 por delante o por detr\u00e1s. Siento que esto es s\u00f3lo el principio. Ir\u00e9 mejorando\u00bb, concluy\u00f3.<\/p>\n\n\n\n<p class=\"wp-block-paragraph\">La&nbsp;<strong><a href=\"https:\/\/es.grandepremio.com\/f1\/\" target=\"_blank\" rel=\"noreferrer noopener\"><\/a><a href=\"https:\/\/es.grandepremio.com\/f1\/\" target=\"_blank\" rel=\"noreferrer noopener\"><\/a><a href=\"https:\/\/es.grandepremio.com\/f1\/\" target=\"_blank\" rel=\"noreferrer noopener\"><\/a><a href=\"https:\/\/es.grandepremio.com\/f1\/\" target=\"_blank\" rel=\"noreferrer noopener\"><\/a><a href=\"https:\/\/es.grandepremio.com\/f1\/\" target=\"_blank\" rel=\"noreferrer noopener\">F\u00f3rmula 1<\/a><\/strong>&nbsp;inaugura la&nbsp;<strong>temporada 2025<\/strong>&nbsp;entre el 14 y el 16 de marzo con el&nbsp;<strong>Gran Premio de Australia<\/strong>&nbsp;en&nbsp;<strong>Melbourne<\/strong>.&nbsp;<strong>GRANDE PR\u00caMIO<\/strong>&nbsp;seguir\u00e1 todas las actividades&nbsp;<strong>EN DIRECTO<\/strong>&nbsp;y&nbsp;<strong>EN TIEMPO REAL<\/strong>. La largada del GP est\u00e1 programada para la 1 de la madrugada del domingo.<\/p>\n","protected":false},"excerpt":{"rendered":"<p>Carlos Sainz llev\u00f3 a Williams a la Q3 junto a Alexander Albon en la calificaci\u00f3n del Gran Premio de Australia y dijo que a\u00fan tiene \u00abmucho potencial\u00bb para la carrera del domingo.<\/p>\n","protected":false},"author":0,"featured_media":1010318862,"comment_status":"closed","ping_status":"closed","sticky":false,"template":"","format":"standard","meta":{"42wp_featured_image_caption":"","42wp_featured_image_credits":"","42wp_featured_video":"","42wp_featured_image_hidden":false,"42wp_authors_list":[],"footnotes":""},"categories":[5],"tags":[262,302,1710,179,10680,1475,1476,204],"42wp_author":[14240],"class_list":["post-8725","post","type-post","status-publish","format-standard","has-post-thumbnail","hentry","category-f1","tag-alex-albon","tag-carlos-sainz","tag-f1-2025","tag-formula-1","tag-fw47","tag-gp-de-australia","tag-melbourne","tag-williams","42wp_author-ignacio-bogado"],"_links":{"self":[{"href":"https:\/\/grandepremio.com\/es\/wp-json\/wp\/v2\/posts\/8725","targetHints":{"allow":["GET"]}}],"collection":[{"href":"https:\/\/grandepremio.com\/es\/wp-json\/wp\/v2\/posts"}],"about":[{"href":"https:\/\/grandepremio.com\/es\/wp-json\/wp\/v2\/types\/post"}],"replies":[{"embeddable":true,"href":"https:\/\/grandepremio.com\/es\/wp-json\/wp\/v2\/comments?post=8725"}],"version-history":[{"count":0,"href":"https:\/\/grandepremio.com\/es\/wp-json\/wp\/v2\/posts\/8725\/revisions"}],"wp:featuredmedia":[{"embeddable":true,"href":"https:\/\/grandepremio.com\/es\/wp-json\/wp\/v2\/media\/1010318862"}],"wp:attachment":[{"href":"https:\/\/grandepremio.com\/es\/wp-json\/wp\/v2\/media?parent=8725"}],"wp:term":[{"taxonomy":"category","embeddable":true,"href":"https:\/\/grandepremio.com\/es\/wp-json\/wp\/v2\/categories?post=8725"},{"taxonomy":"post_tag","embeddable":true,"href":"https:\/\/grandepremio.com\/es\/wp-json\/wp\/v2\/tags?post=8725"},{"taxonomy":"42wp_author","embeddable":true,"href":"https:\/\/grandepremio.com\/es\/wp-json\/wp\/v2\/42wp_author?post=8725"}],"curies":[{"name":"wp","href":"https:\/\/api.w.org\/{rel}","templated":true}]}}