{"id":8728,"date":"2025-03-15T06:16:33","date_gmt":"2025-03-15T09:16:33","guid":{"rendered":"https:\/\/grandepremio.com\/es\/2025\/03\/15\/alonso-dice-q3-quizas-era-posible-apunta-sumar-australia\/"},"modified":"2025-03-15T06:16:36","modified_gmt":"2025-03-15T09:16:36","slug":"alonso-dice-q3-quizas-era-posible-apunta-sumar-australia","status":"publish","type":"post","link":"https:\/\/grandepremio.com\/es\/f1\/alonso-dice-q3-quizas-era-posible-apunta-sumar-australia\/","title":{"rendered":"Alonso dice que la Q3 \u00abquiz\u00e1s era posible\u00bb y apunta a sumar en Australia: \u00abBuena se\u00f1al\u00bb"},"content":{"rendered":"\n<p class=\"wp-block-paragraph\">La clasificaci\u00f3n del <strong>GP de Australia<\/strong> vio a un <strong>Aston Martin<\/strong> discreto, con <strong>Lance Stroll<\/strong> consiguiendo tan solo el 13\u00ba puesto y <strong>Fernando Alonso<\/strong> justo por encima, en 12\u00ba. Sin embargo, pese a que el resultado estuvo dentro de lo esperado, el espa\u00f1ol a\u00fan quiso so\u00f1ar con m\u00e1s y asegur\u00f3 que avanzar a la Q3 estaba a su alcance en <strong>Melbourne<\/strong>.<\/p>\n\n\n\n<p class=\"wp-block-paragraph\">Alonso acab\u00f3 perdiendo tiempo en su primer intento de vuelta r\u00e1pida en la Q2 al pasar demasiado ancho por la curva 10 y, en consecuencia, acab\u00f3 perdiendo la oportunidad de estar entre los diez m\u00e1s r\u00e1pidos. Por ello, lament\u00f3 el error, pero consider\u00f3 \u00abuna buena se\u00f1al\u00bb el prometedor ritmo de la clasificaci\u00f3n.<\/p>\n\n\n\n<p class=\"wp-block-paragraph\">El bicampe\u00f3n del mundo tambi\u00e9n habl\u00f3 de los ajustes realizados durante los entrenamientos libres. En la FP3, este s\u00e1bado, Aston Martin prob\u00f3 una nueva configuraci\u00f3n en el coche, pero volvi\u00f3 al reglaje anterior, seg\u00fan detall\u00f3 Alonso.<\/p>\n\n\n\n<p class=\"wp-block-paragraph\">\ud83d\udfe5&nbsp;<strong><em>\u00a1Todas las novedades te esperan en el canal de&nbsp;<\/em><\/strong><a href=\"https:\/\/www.youtube.com\/@GrandePremioES\"><em>YouTube<\/em><\/a><strong><em>&nbsp;de Grande Pr\u00eamio en Espa\u00f1ol!<\/em><\/strong>&nbsp;\ud83d\udfe8<\/p>\n\n\n\n<p class=\"wp-block-paragraph\">\u00abEstoy contento con la sensaci\u00f3n de hoy. La primera clasificaci\u00f3n del a\u00f1o, el primer momento en el que est\u00e1s en las mismas condiciones que todos los dem\u00e1s, por lo que siempre hay una cierta curiosidad por saber d\u00f3nde est\u00e1s. Entramos en el top 10, fuimos bastante r\u00e1pidos, luego comet\u00ed un error en el Q2, en la primera vuelta. Tuve una peque\u00f1a ca\u00edda en la curva 10 y creo que da\u00f1\u00e9 el piso. As\u00ed que en el Q2, quiz\u00e1s no estaba al 100% con el coche, pero a\u00fan as\u00ed, estaba 12\u00ba con un coche no perfecto. Quiz\u00e1s la Q3 era posible hoy y al ser la primera clasificaci\u00f3n del a\u00f1o, creo que es una buena se\u00f1al\u00bb, declar\u00f3.<\/p>\n\n\n\n<figure class=\"wp-block-image size-large\"><img decoding=\"async\" src=\"https:\/\/grandepremio.com\/es\/wp-content\/uploads\/2025\/03\/GmDrLorXgAAFEg6-1024x1024.jpeg\" alt=\"\" class=\"wp-image-318846\"\/><figcaption class=\"wp-element-caption\">Fernando Alonso lament\u00f3 el error en Q2 y dijo que la Q3 pudo ser posible. (Foto: Aston Martin)<\/figcaption><\/figure>\n\n\n\n<p class=\"wp-block-paragraph\">\u00abCreo que esta ma\u00f1ana fue un poco extra\u00f1a. Experimentamos un poco con la configuraci\u00f3n pero no funcion\u00f3. Volvimos a la configuraci\u00f3n de ayer y en la clasificaci\u00f3n el coche fue r\u00e1pido. Estamos cerca del top 10, cerca del Q3, as\u00ed que creo que es un buen comienzo. Necesitamos construir desde aqu\u00ed. Es una parrilla muy competitiva as\u00ed que tenemos que mejorar, subir el nivel y no cometer errores como el de hoy, porque eso puede salir muy caro\u00bb, continu\u00f3.<\/p>\n\n\n\n<p class=\"wp-block-paragraph\">\u23e9\u00a0<strong><em>\u00a1Seguinos en redes por\u00a0<\/em><\/strong><a href=\"https:\/\/twitter.com\/grandepremioES\"><em>Twitter\u00a0<\/em><\/a><strong><em>e\u00a0<\/em><\/strong><a href=\"https:\/\/www.instagram.com\/grandepremioes\/\"><em>Instagram!<\/em><\/a><br>\u23e9\u00a0<strong><em>Adem\u00e1s, tenemos nuestro\u00a0<\/em><\/strong><a href=\"https:\/\/whatsapp.com\/channel\/0029VaDZ5zb0gcfDxuwxBM05\"><em>canal de Whatsapp<\/em><\/a><strong><em>\u00a0con toda la informaci\u00f3n al instante<\/em><\/strong>\u00a0\ud83c\udfc1<\/p>\n\n\n\n<p class=\"wp-block-paragraph\">Preguntado por las expectativas y objetivos para la carrera del domingo, Alonso reforz\u00f3 que el objetivo es luchar por los puntos y dijo que es una ambici\u00f3n realista, ya que la clasificaci\u00f3n era prometedora. Adem\u00e1s, tambi\u00e9n mostr\u00f3 su preocupaci\u00f3n por la posible llegada de lluvia a la salida.<\/p>\n\n\n\n<p class=\"wp-block-paragraph\">\u00abLo m\u00e1s importante ma\u00f1ana es la visibilidad. Si es buena, creo que el resto podr\u00eda ser divertido si llueve, pero Melbourne no es una l\u00ednea recta, por lo que podr\u00eda ser complicado. No es divertido cuando est\u00e1s conduciendo y no puedes ver, pero estamos preparados, en las mismas condiciones que todos los dem\u00e1s, as\u00ed que esperamos sumar puntos\u00bb, destac\u00f3.<\/p>\n\n\n\n<p class=\"wp-block-paragraph\">\u00abEse es el objetivo. Partimos desde el puesto 12, a s\u00f3lo dos posiciones del objetivo, as\u00ed que vamos a intentarlo. No estamos luchando por el top 5 ni nada parecido. Estamos justo al final de la Q3, pero creo que podemos estar en la pelea\u00bb, concluy\u00f3.<\/p>\n\n\n\n<p class=\"wp-block-paragraph\">La&nbsp;<strong><a href=\"https:\/\/es.grandepremio.com\/f1\/\" target=\"_blank\" rel=\"noreferrer noopener\"><\/a><a href=\"https:\/\/es.grandepremio.com\/f1\/\" target=\"_blank\" rel=\"noreferrer noopener\"><\/a><a href=\"https:\/\/es.grandepremio.com\/f1\/\" target=\"_blank\" rel=\"noreferrer noopener\"><\/a><a href=\"https:\/\/es.grandepremio.com\/f1\/\" target=\"_blank\" rel=\"noreferrer noopener\">F\u00f3rmula 1<\/a><\/strong>&nbsp;inaugura la&nbsp;<strong>temporada 2025<\/strong>&nbsp;entre el 14 y el 16 de marzo con el&nbsp;<strong>Gran Premio de Australia<\/strong>&nbsp;en&nbsp;<strong>Melbourne<\/strong>.&nbsp;<strong>GRANDE PR\u00caMIO<\/strong>&nbsp;seguir\u00e1 todas las actividades&nbsp;<strong>EN DIRECTO<\/strong>&nbsp;y&nbsp;<strong>EN TIEMPO REAL<\/strong>. La largada del GP est\u00e1 programada para la 1 de la madrugada del domingo.<\/p>\n\n\n\n<figure class=\"wp-block-embed is-type-video is-provider-youtube wp-block-embed-youtube wp-embed-aspect-16-9 wp-has-aspect-ratio\"><div class=\"wp-block-embed__wrapper\">\n<iframe loading=\"lazy\" title=\"GP DE AUSTRALIA 2025 - LA PREVIA\" width=\"500\" height=\"281\" src=\"https:\/\/www.youtube.com\/embed\/45JrnCCdvRU?feature=oembed\" frameborder=\"0\" allow=\"accelerometer; autoplay; clipboard-write; encrypted-media; gyroscope; picture-in-picture; web-share\" referrerpolicy=\"strict-origin-when-cross-origin\" allowfullscreen><\/iframe>\n<\/div><\/figure>\n","protected":false},"excerpt":{"rendered":"<p>Fernando Alonso termin\u00f3 la clasificaci\u00f3n en la 12\u00aa posici\u00f3n tras cometer un error en la primera vuelta lanzada de la Q2. Por ello, cree que la Q3 estaba a su alcance este s\u00e1bado.<\/p>\n","protected":false},"author":0,"featured_media":1010318848,"comment_status":"closed","ping_status":"closed","sticky":false,"template":"","format":"standard","meta":{"42wp_featured_image_caption":"","42wp_featured_image_credits":"","42wp_featured_video":"","42wp_featured_image_hidden":false,"42wp_authors_list":[],"footnotes":""},"categories":[5],"tags":[11652,209,1710,184,179,1475,359,1476],"42wp_author":[14240],"class_list":["post-8728","post","type-post","status-publish","format-standard","has-post-thumbnail","hentry","category-f1","tag-amr25","tag-aston-martin","tag-f1-2025","tag-fernando-alonso","tag-formula-1","tag-gp-de-australia","tag-lance-stroll","tag-melbourne","42wp_author-ignacio-bogado"],"_links":{"self":[{"href":"https:\/\/grandepremio.com\/es\/wp-json\/wp\/v2\/posts\/8728","targetHints":{"allow":["GET"]}}],"collection":[{"href":"https:\/\/grandepremio.com\/es\/wp-json\/wp\/v2\/posts"}],"about":[{"href":"https:\/\/grandepremio.com\/es\/wp-json\/wp\/v2\/types\/post"}],"replies":[{"embeddable":true,"href":"https:\/\/grandepremio.com\/es\/wp-json\/wp\/v2\/comments?post=8728"}],"version-history":[{"count":0,"href":"https:\/\/grandepremio.com\/es\/wp-json\/wp\/v2\/posts\/8728\/revisions"}],"wp:featuredmedia":[{"embeddable":true,"href":"https:\/\/grandepremio.com\/es\/wp-json\/wp\/v2\/media\/1010318848"}],"wp:attachment":[{"href":"https:\/\/grandepremio.com\/es\/wp-json\/wp\/v2\/media?parent=8728"}],"wp:term":[{"taxonomy":"category","embeddable":true,"href":"https:\/\/grandepremio.com\/es\/wp-json\/wp\/v2\/categories?post=8728"},{"taxonomy":"post_tag","embeddable":true,"href":"https:\/\/grandepremio.com\/es\/wp-json\/wp\/v2\/tags?post=8728"},{"taxonomy":"42wp_author","embeddable":true,"href":"https:\/\/grandepremio.com\/es\/wp-json\/wp\/v2\/42wp_author?post=8728"}],"curies":[{"name":"wp","href":"https:\/\/api.w.org\/{rel}","templated":true}]}}