{"id":8737,"date":"2025-03-15T03:45:50","date_gmt":"2025-03-15T06:45:50","guid":{"rendered":"https:\/\/grandepremio.com\/es\/2025\/03\/15\/antonelli-lamenta-grandes-danos-suelo-mercedes-clasificacion-australia\/"},"modified":"2025-03-15T03:45:56","modified_gmt":"2025-03-15T06:45:56","slug":"antonelli-lamenta-grandes-danos-suelo-mercedes-clasificacion-australia","status":"publish","type":"post","link":"https:\/\/grandepremio.com\/es\/f1\/antonelli-lamenta-grandes-danos-suelo-mercedes-clasificacion-australia\/","title":{"rendered":"Antonelli lamenta \u00abgrandes da\u00f1os\u00bb en el suelo del Mercedes en la clasificaci\u00f3n en Australia"},"content":{"rendered":"\n<p class=\"wp-block-paragraph\">La primera clasificaci\u00f3n de <strong>Andrea Kimi Antonelli<\/strong> en la <strong>F\u00f3rmula 1<\/strong> no sali\u00f3 como <strong>Mercedes<\/strong> esperaba. Tras sufrir da\u00f1os en el suelo, el italiano no pudo completar la vuelta que deseaba y acab\u00f3 siendo superado por el brasile\u00f1o <strong>Gabriel Bortoleto<\/strong> en los \u00faltimos minutos de la <strong>Q1<\/strong>, teniendo que conformarse con la 16\u00aa posici\u00f3n de la parrilla en <strong>Melbourne<\/strong>.<\/p>\n\n\n\n<p class=\"wp-block-paragraph\">Unas horas antes, durante la tercera y \u00faltima sesi\u00f3n de entrenamientos libres, el piloto del <strong>W16<\/strong> #12 tuvo una buena actuaci\u00f3n y termin\u00f3 la actividad en quinta posici\u00f3n, solo por detr\u00e1s de <strong>Oscar Piastri, George Russell, Max Verstappen<\/strong> y <strong>Charles Leclerc<\/strong>. La expectativa era lograr algo similar momentos despu\u00e9s, pero no fue as\u00ed.<\/p>\n\n\n\n<p class=\"wp-block-paragraph\">\u00abSab\u00edamos que el neum\u00e1tico medio no ser\u00eda ideal, pero normalmente el neum\u00e1tico mejora. Pero decidimos cambiar el plan y poner neum\u00e1ticos blandos\u00bb, dijo el italiano en una entrevista con la emisora \u200b\u200bbrit\u00e1nica <em>Sky Sports<\/em>.<\/p>\n\n\n\n<p class=\"wp-block-paragraph\">\ud83d\udfe5&nbsp;<strong><em>\u00a1Todas las novedades te esperan en el canal de&nbsp;<\/em><\/strong><a href=\"https:\/\/www.youtube.com\/@GrandePremioES\"><em>YouTube<\/em><\/a><strong><em>&nbsp;de Grande Pr\u00eamio en Espa\u00f1ol!<\/em><\/strong>&nbsp;\ud83d\udfe8<\/p>\n\n\n\n<figure class=\"wp-block-image size-large\"><img decoding=\"async\" src=\"https:\/\/grandepremio.com\/es\/wp-content\/uploads\/2025\/03\/GmC33CpbcAEFgj7-1024x768.jpeg\" alt=\"\" class=\"wp-image-318764\"\/><figcaption class=\"wp-element-caption\">Andrea Kimi Antonelli cay\u00f3 eliminado en Q1 en su primera clasificaci\u00f3n. (Foto: Mercedes)<\/figcaption><\/figure>\n\n\n\n<p class=\"wp-block-paragraph\">\u23e9\u00a0<strong><em>\u00a1Seguinos en redes por\u00a0<\/em><\/strong><a href=\"https:\/\/twitter.com\/grandepremioES\"><em>Twitter\u00a0<\/em><\/a><strong><em>e\u00a0<\/em><\/strong><a href=\"https:\/\/www.instagram.com\/grandepremioes\/\"><em>Instagram!<\/em><\/a><br>\u23e9\u00a0<strong><em>Adem\u00e1s, tenemos nuestro\u00a0<\/em><\/strong><a href=\"https:\/\/whatsapp.com\/channel\/0029VaDZ5zb0gcfDxuwxBM05\"><em>canal de Whatsapp<\/em><\/a><strong><em>\u00a0con toda la informaci\u00f3n al instante<\/em><\/strong>\u00a0\ud83c\udfc1<\/p>\n\n\n\n<p class=\"wp-block-paragraph\">\u00abEn la curva 6, la grava del bordillo me rompi\u00f3 el coche, el suelo sufri\u00f3 muchos da\u00f1os y qued\u00f3 como colgando. El coche rozaba en la recta y, sin los da\u00f1os, habr\u00eda sido una clasificaci\u00f3n diferente\u00bb, lament\u00f3.<\/p>\n\n\n\n<p class=\"wp-block-paragraph\">\u00abEs una pena, porque sin los da\u00f1os probablemente habr\u00eda habido una clasificaci\u00f3n diferente\u00bb, concluy\u00f3.<\/p>\n\n\n\n<p class=\"wp-block-paragraph\">Un portavoz de Mercedes tambi\u00e9n se pronunci\u00f3 despu\u00e9s del final de la Q1. \u00abVimos algunos da\u00f1os en el morro del coche de Kimi durante la segunda vuelta. Esto provoc\u00f3 una p\u00e9rdida de rendimiento en sus \u00faltimas dos vueltas, desafortunadamente\u00bb, se\u00f1al\u00f3.<\/p>\n\n\n\n<p class=\"wp-block-paragraph\">La\u00a0<strong><a href=\"https:\/\/es.grandepremio.com\/f1\/\" target=\"_blank\" rel=\"noreferrer noopener\"><\/a><a href=\"https:\/\/es.grandepremio.com\/f1\/\" target=\"_blank\" rel=\"noreferrer noopener\">F\u00f3rmula 1<\/a><\/strong>\u00a0inaugura la\u00a0<strong>temporada 2025<\/strong>\u00a0entre el 14 y el 16 de marzo con el\u00a0<strong>Gran Premio de Australia<\/strong>\u00a0en\u00a0<strong>Melbourne<\/strong>.\u00a0<strong>GRANDE PR\u00caMIO<\/strong>\u00a0seguir\u00e1 todas las actividades\u00a0<strong>EN DIRECTO<\/strong>\u00a0y\u00a0<strong>EN TIEMPO REAL<\/strong>. La largada del GP est\u00e1 programada para la 1 de la madrugada del domingo.<\/p>\n\n\n\n<figure class=\"wp-block-embed is-type-video is-provider-youtube wp-block-embed-youtube wp-embed-aspect-16-9 wp-has-aspect-ratio\"><div class=\"wp-block-embed__wrapper\">\n<iframe loading=\"lazy\" title=\"GP DE AUSTRALIA 2025 - LA PREVIA\" width=\"500\" height=\"281\" src=\"https:\/\/www.youtube.com\/embed\/45JrnCCdvRU?feature=oembed\" frameborder=\"0\" allow=\"accelerometer; autoplay; clipboard-write; encrypted-media; gyroscope; picture-in-picture; web-share\" referrerpolicy=\"strict-origin-when-cross-origin\" allowfullscreen><\/iframe>\n<\/div><\/figure>\n","protected":false},"excerpt":{"rendered":"<p>Andrea Kimi Antonelli acab\u00f3 eliminado en la Q1 de la clasificaci\u00f3n en Melbourne y se asegur\u00f3 solo el 16\u00ba lugar en la parrilla de salida.<\/p>\n","protected":false},"author":0,"featured_media":1010318765,"comment_status":"closed","ping_status":"closed","sticky":false,"template":"","format":"standard","meta":{"42wp_featured_image_caption":"","42wp_featured_image_credits":"","42wp_featured_video":"","42wp_featured_image_hidden":false,"42wp_authors_list":[],"footnotes":""},"categories":[5],"tags":[6800,1710,179,1475,1476,197,11524],"42wp_author":[14240],"class_list":["post-8737","post","type-post","status-publish","format-standard","has-post-thumbnail","hentry","category-f1","tag-andrea-kimi-antonelli","tag-f1-2025","tag-formula-1","tag-gp-de-australia","tag-melbourne","tag-mercedes","tag-w16","42wp_author-ignacio-bogado"],"_links":{"self":[{"href":"https:\/\/grandepremio.com\/es\/wp-json\/wp\/v2\/posts\/8737","targetHints":{"allow":["GET"]}}],"collection":[{"href":"https:\/\/grandepremio.com\/es\/wp-json\/wp\/v2\/posts"}],"about":[{"href":"https:\/\/grandepremio.com\/es\/wp-json\/wp\/v2\/types\/post"}],"replies":[{"embeddable":true,"href":"https:\/\/grandepremio.com\/es\/wp-json\/wp\/v2\/comments?post=8737"}],"version-history":[{"count":0,"href":"https:\/\/grandepremio.com\/es\/wp-json\/wp\/v2\/posts\/8737\/revisions"}],"wp:featuredmedia":[{"embeddable":true,"href":"https:\/\/grandepremio.com\/es\/wp-json\/wp\/v2\/media\/1010318765"}],"wp:attachment":[{"href":"https:\/\/grandepremio.com\/es\/wp-json\/wp\/v2\/media?parent=8737"}],"wp:term":[{"taxonomy":"category","embeddable":true,"href":"https:\/\/grandepremio.com\/es\/wp-json\/wp\/v2\/categories?post=8737"},{"taxonomy":"post_tag","embeddable":true,"href":"https:\/\/grandepremio.com\/es\/wp-json\/wp\/v2\/tags?post=8737"},{"taxonomy":"42wp_author","embeddable":true,"href":"https:\/\/grandepremio.com\/es\/wp-json\/wp\/v2\/42wp_author?post=8737"}],"curies":[{"name":"wp","href":"https:\/\/api.w.org\/{rel}","templated":true}]}}