{"id":8814,"date":"2025-03-12T08:59:47","date_gmt":"2025-03-12T11:59:47","guid":{"rendered":"https:\/\/grandepremio.com\/es\/2025\/03\/12\/sauber-estreno-jonathan-wheatley-jefe-de-equipo-temporada-2025-f1\/"},"modified":"2025-03-12T08:59:51","modified_gmt":"2025-03-12T11:59:51","slug":"sauber-estreno-jonathan-wheatley-jefe-de-equipo-temporada-2025-f1","status":"publish","type":"post","link":"https:\/\/grandepremio.com\/es\/f1\/sauber-estreno-jonathan-wheatley-jefe-de-equipo-temporada-2025-f1\/","title":{"rendered":"Sauber anuncia debut del nuevo jefe de equipo para el 1 de abril de 2025"},"content":{"rendered":"\n<p class=\"wp-block-paragraph\"><strong>Sauber <\/strong>puso fecha al debut de <strong>Jonathan Wheatley<\/strong> como jefe del equipo. El ex director t\u00e9cnico de <strong>Red Bull<\/strong> se har\u00e1 cargo de la escuder\u00eda de <strong>Gabriel Bortoleto<\/strong> y <strong>Nico H\u00fclkenberg<\/strong> en menos de un mes, a partir del 1 de abril, en la semana previa del <strong>Gran Premio de Jap\u00f3n<\/strong>.<\/p>\n\n\n\n<p class=\"wp-block-paragraph\">\ud83d\udfe5&nbsp;<strong><em>\u00a1Todas las novedades te esperan en el canal de&nbsp;<\/em><\/strong><a href=\"https:\/\/www.youtube.com\/@GrandePremioES\"><em>YouTube<\/em><\/a><strong><em>&nbsp;de Grande Pr\u00eamio en Espa\u00f1ol!<\/em><\/strong>&nbsp;\ud83d\udfe8<\/p>\n\n\n\n<p class=\"wp-block-paragraph\"><strong>Wheatley <\/strong>tiene una larga historia con <strong>Red Bull<\/strong>. Antes de ser director deportivo, el brit\u00e1nico trabaj\u00f3 con los taurinos durante 18 a\u00f1os y vivi\u00f3 todas las etapas del equipo, desde su creaci\u00f3n, las primeras victorias y t\u00edtulos con <strong>Sebastian Vettel,<\/strong> hasta la reestructuraci\u00f3n para que <strong>Max Verstappen<\/strong> volviera a poner al equipo en lo m\u00e1s alto.<\/p>\n\n\n\n<p class=\"wp-block-paragraph\">Antes de <strong>Red Bull, Wheatley<\/strong> trabaj\u00f3 en <strong>Benetton <\/strong>a principios de los 90, donde lleg\u00f3 a ser jefe de mec\u00e1nicos y permaneci\u00f3 hasta la transici\u00f3n a <strong>Renault<\/strong>. Se incorpor\u00f3 al equipo energ\u00e9tico en 2006.<\/p>\n\n\n\n<p class=\"wp-block-paragraph\">El final de esta larga relaci\u00f3n se anunci\u00f3 el pasado agosto, unos meses despu\u00e9s de la marcha de <strong>Adrian Newey<\/strong>, que fich\u00f3 por <strong>Aston Martin<\/strong>.<\/p>\n\n\n\n<p class=\"wp-block-paragraph\">\u23e9\u00a0<strong><em>\u00a1Seguinos en redes por\u00a0<\/em><\/strong><a href=\"https:\/\/twitter.com\/grandepremioES\"><em>Twitter\u00a0<\/em><\/a><strong><em>e\u00a0<\/em><\/strong><a href=\"https:\/\/www.instagram.com\/grandepremioes\/\"><em>Instagram!<\/em><\/a><br>\u23e9\u00a0<strong><em>Adem\u00e1s, tenemos nuestro\u00a0<\/em><\/strong><a href=\"https:\/\/whatsapp.com\/channel\/0029VaDZ5zb0gcfDxuwxBM05\"><em>canal de Whatsapp<\/em><\/a><strong><em>\u00a0con toda la informaci\u00f3n al instante<\/em><\/strong>\u00a0\ud83c\udfc1<\/p>\n\n\n\n<figure class=\"wp-block-image size-large\"><img decoding=\"async\" src=\"https:\/\/grandepremio.com\/es\/wp-content\/uploads\/2025\/02\/F1-2025-SAUBER-CARRO-PINTURA-1200x804-1-1024x686.jpg\" alt=\"\" class=\"wp-image-316028\"\/><figcaption class=\"wp-element-caption\">El Sauber C45 que conducir\u00e1n Gabriel Bortoleto y Nico H\u00fclkenberg en F1 2025 (Foto: Sauber)<\/figcaption><\/figure>\n\n\n\n<p class=\"wp-block-paragraph\"><strong>Wheatley <\/strong>dirigir\u00e1 ahora <strong>Sauber Motorsport AG<\/strong> junto a <strong>Mattia Binotto<\/strong>, director t\u00e9cnico y de operaciones. Ambos dependen directamente de <strong>Gernot D\u00f6ller<\/strong>, jefe del consejo de administraci\u00f3n de la escuder\u00eda suiza.<\/p>\n\n\n\n<p class=\"wp-block-paragraph\"><strong>Sauber <\/strong>atraviesa un momento de transici\u00f3n en la <strong>F1<\/strong>, ya que la organizaci\u00f3n pasar\u00e1 a manos de <strong>Audi <\/strong>a partir de 2026.<\/p>\n\n\n\n<p class=\"wp-block-paragraph\">La&nbsp;<strong><a href=\"https:\/\/es.grandepremio.com\/f1\/\" target=\"_blank\" rel=\"noreferrer noopener\"><\/a><a href=\"https:\/\/es.grandepremio.com\/f1\/\" target=\"_blank\" rel=\"noreferrer noopener\"><\/a><a href=\"https:\/\/es.grandepremio.com\/f1\/\" target=\"_blank\" rel=\"noreferrer noopener\"><\/a><a href=\"https:\/\/es.grandepremio.com\/f1\/\" target=\"_blank\" rel=\"noreferrer noopener\">F\u00f3rmula 1<\/a><\/strong>&nbsp;abrir\u00e1 la temporada 2025 entre el 13 y el 16 de marzo en el&nbsp;<strong>Gran Premio de Australia<\/strong>, en&nbsp;<strong>Melbourne<\/strong>.&nbsp;<strong>GRANDE PR\u00caMIO en ESPA\u00d1OL<\/strong>&nbsp;seguir\u00e1 todas las actividades.<\/p>\n\n\n\n<figure class=\"wp-block-embed is-type-video is-provider-youtube wp-block-embed-youtube wp-embed-aspect-16-9 wp-has-aspect-ratio\"><div class=\"wp-block-embed__wrapper\">\n<iframe loading=\"lazy\" title=\"M\u00c1RQUEZ ARRANC\u00d3 DOMINANTE EN MOTOGP 2025 Y SE LANZA AL T\u00cdTULO\" width=\"500\" height=\"281\" src=\"https:\/\/www.youtube.com\/embed\/3g3OS9ZlYsA?feature=oembed\" frameborder=\"0\" allow=\"accelerometer; autoplay; clipboard-write; encrypted-media; gyroscope; picture-in-picture; web-share\" referrerpolicy=\"strict-origin-when-cross-origin\" allowfullscreen><\/iframe>\n<\/div><\/figure>\n","protected":false},"excerpt":{"rendered":"<p>Sauber anunci\u00f3 el mi\u00e9rcoles que Jonathan Wheatley asumir\u00e1 el cargo de director del equipo a partir del 1 de abril. El brit\u00e1nico fue director deportivo de Red Bull hasta el pasado mes de agosto<\/p>\n","protected":false},"author":0,"featured_media":1010318116,"comment_status":"closed","ping_status":"closed","sticky":false,"template":"","format":"standard","meta":{"42wp_featured_image_caption":"","42wp_featured_image_credits":"","42wp_featured_video":"","42wp_featured_image_hidden":false,"42wp_authors_list":[],"footnotes":""},"categories":[5],"tags":[181,1710,179,8059,4071,1488,2173,8588,206,497,9647],"42wp_author":[14239],"class_list":["post-8814","post","type-post","status-publish","format-standard","has-post-thumbnail","hentry","category-f1","tag-f1","tag-f1-2025","tag-formula-1","tag-formula-1-2025","tag-gabriel-bortoleto","tag-grande-premio","tag-jonathan-wheatley","tag-nico-hlkenberg","tag-red-bull","tag-sauber","tag-temporada-2025-f1","42wp_author-jp-otrosky"],"_links":{"self":[{"href":"https:\/\/grandepremio.com\/es\/wp-json\/wp\/v2\/posts\/8814","targetHints":{"allow":["GET"]}}],"collection":[{"href":"https:\/\/grandepremio.com\/es\/wp-json\/wp\/v2\/posts"}],"about":[{"href":"https:\/\/grandepremio.com\/es\/wp-json\/wp\/v2\/types\/post"}],"replies":[{"embeddable":true,"href":"https:\/\/grandepremio.com\/es\/wp-json\/wp\/v2\/comments?post=8814"}],"version-history":[{"count":0,"href":"https:\/\/grandepremio.com\/es\/wp-json\/wp\/v2\/posts\/8814\/revisions"}],"wp:featuredmedia":[{"embeddable":true,"href":"https:\/\/grandepremio.com\/es\/wp-json\/wp\/v2\/media\/1010318116"}],"wp:attachment":[{"href":"https:\/\/grandepremio.com\/es\/wp-json\/wp\/v2\/media?parent=8814"}],"wp:term":[{"taxonomy":"category","embeddable":true,"href":"https:\/\/grandepremio.com\/es\/wp-json\/wp\/v2\/categories?post=8814"},{"taxonomy":"post_tag","embeddable":true,"href":"https:\/\/grandepremio.com\/es\/wp-json\/wp\/v2\/tags?post=8814"},{"taxonomy":"42wp_author","embeddable":true,"href":"https:\/\/grandepremio.com\/es\/wp-json\/wp\/v2\/42wp_author?post=8814"}],"curies":[{"name":"wp","href":"https:\/\/api.w.org\/{rel}","templated":true}]}}