{"id":8834,"date":"2025-03-10T15:30:56","date_gmt":"2025-03-10T18:30:56","guid":{"rendered":"https:\/\/grandepremio.com\/es\/2025\/03\/10\/briatore-dice-alpine-necesita-ganar-2026-preve-titulo-2027\/"},"modified":"2025-03-10T15:31:02","modified_gmt":"2025-03-10T18:31:02","slug":"briatore-dice-alpine-necesita-ganar-2026-preve-titulo-2027","status":"publish","type":"post","link":"https:\/\/grandepremio.com\/es\/f1\/briatore-dice-alpine-necesita-ganar-2026-preve-titulo-2027\/","title":{"rendered":"Briatore dice que Alpine &#8220;necesita ganar&#8221; en 2026 y prev\u00e9 &#8220;luchar por el t\u00edtulo en 2027&#8221;"},"content":{"rendered":"\n<p class=\"wp-block-paragraph\">La llegada de <strong>Flavio Briatore<\/strong> al equipo <strong>Alpine <\/strong>supuso una total renovaci\u00f3n del equipo, no solo porque se eligi\u00f3 a <strong>Oliver Oakes<\/strong> como jefe de equipo, sino por el cambio de motores de la f\u00e1brica en <strong>Viry-Chatillon<\/strong> a ser cliente de <strong>Mercedes<\/strong> desde 2026. Adem\u00e1s, firm\u00f3 a <strong>Franco Colapinto<\/strong> como piloto reserva junto con <strong>Paul Aron<\/strong> y <strong>Ryo Hirakawa<\/strong>.<\/p>\n\n\n\n<p class=\"wp-block-paragraph\">El empresario italiano, de anterior paso por <strong>Benetton<\/strong> y <strong>Renault<\/strong>, en la misma estructura, dijo que espera un a\u00f1o importante en la <strong>F1 2025 <\/strong>para poder luchar por podios y victorias en el futuro. Y un buen a\u00f1o les podr\u00eda permitir dar el salto para pelear por campeonatos del mundo, algo que no se ha cumplido con las previsiones originales de la gesti\u00f3n francesa.<\/p>\n\n\n\n<p class=\"wp-block-paragraph\">\ud83d\udfe5&nbsp;<strong><em>\u00a1Todas las novedades te esperan en el canal de&nbsp;<\/em><\/strong><a href=\"https:\/\/www.youtube.com\/@GrandePremioES\"><em>YouTube<\/em><\/a><strong><em>&nbsp;de Grande Pr\u00eamio en Espa\u00f1ol!<\/em><\/strong>&nbsp;\ud83d\udfe8<\/p>\n\n\n\n<p class=\"wp-block-paragraph\">Tras el progreso de las \u00faltimas carreras en 2024, Briatore piensa que este a\u00f1o ser\u00e1 de preparaci\u00f3n para 2026: <strong>\u201cDos o tres semanas [para ser el mejor equipo de la parrilla]. Esta temporada es importante porque tenemos que prepararnos para 2026, cuando tenemos que empezar a ganar carreras. Tendremos un motor Mercedes en 2026 y encajaremos gente con experiencia en el equipo. Es lo mismo que pas\u00f3 con Benetton, donde la gente se burlaba de nosotros por ser un fabricante de ropa, pero una vez que empezamos a ganar carreras, todo el mundo quer\u00eda trabajar con nosotros. Empezaron a prestarnos atenci\u00f3n. Lo mismo ocurri\u00f3 con Renault\u201d.<\/strong><\/p>\n\n\n\n<figure class=\"wp-block-embed is-type-video is-provider-youtube wp-block-embed-youtube wp-embed-aspect-16-9 wp-has-aspect-ratio\"><div class=\"wp-block-embed__wrapper\">\n<iframe loading=\"lazy\" title=\"M\u00c1RQUEZ ARRANC\u00d3 DOMINANTE EN MOTOGP 2025 Y SE LANZA AL T\u00cdTULO\" width=\"500\" height=\"281\" src=\"https:\/\/www.youtube.com\/embed\/3g3OS9ZlYsA?feature=oembed\" frameborder=\"0\" allow=\"accelerometer; autoplay; clipboard-write; encrypted-media; gyroscope; picture-in-picture; web-share\" referrerpolicy=\"strict-origin-when-cross-origin\" allowfullscreen><\/iframe>\n<\/div><\/figure>\n\n\n\n<p class=\"wp-block-paragraph\">Para Flavio, tras acabar con la racha de victorias de Alpine, el siguiente paso ser\u00e1 luchar por el t\u00edtulo: <strong>\u201cSi todos trabajan juntos, creo que seremos capaces de ganar carreras en 2026 y estaremos luchando por el campeonato en 2027. Para m\u00ed, la F\u00f3rmula 1 es como llevar un restaurante. Se trata de gestionar personas. Tenemos que asegurarnos de que 1.000 personas trabajan en la f\u00e1brica, mientras que yo tengo la responsabilidad de sus salarios\u201d.<\/strong><\/p>\n\n\n\n<p class=\"wp-block-paragraph\">Adem\u00e1s, el consultor de Alpine revel\u00f3 que llam\u00f3 directamente al CEO de Renault para ayudarlos a regresar a lo m\u00e1s alto en la F1: <strong>\u201cDespu\u00e9s de 15 a\u00f1os fuera de la F1, vi algunas carreras por televisi\u00f3n. Un d\u00eda llam\u00e9 a Luca [di Meo, Director General de Renault]. Le dije que lamentaba ver al equipo en ese estado, porque era mi equipo, yo lo cre\u00e9. Yo constru\u00ed la f\u00e1brica donde ganaron sus t\u00edtulos\u201d.<\/strong><\/p>\n\n\n\n<p class=\"wp-block-paragraph\"><strong>&#8220;Quer\u00eda hacer algo y hablamos por tel\u00e9fono. Un d\u00eda quedamos en Par\u00eds. Yo estaba ocupado con mi negocio de restauraci\u00f3n, ten\u00eda 1.200 empleados y luego fueron 600, porque vend\u00ed el 50%. Ten\u00eda un poco m\u00e1s de tiempo. Le dije a Luca que quer\u00eda ver si era posible, si segu\u00eda teniendo las condiciones que ten\u00eda antes para montar este equipo. Empezamos a hablar, pero yo ten\u00eda una condici\u00f3n: quer\u00eda estar totalmente al mando&#8221;<\/strong>, a\u00f1adi\u00f3.<\/p>\n\n\n\n<figure class=\"wp-block-image size-large\"><img decoding=\"async\" src=\"https:\/\/grandepremio.com\/es\/wp-content\/uploads\/2024\/08\/oakes-y-flavio-1024x576.jpg\" alt=\"\" class=\"wp-image-250719\"\/><figcaption class=\"wp-element-caption\">Oakes y Briatore estuvieron de acuerdo en acusar a la antigua direcci\u00f3n del mal momento de Alpine. (Foto: Alpine)<\/figcaption><\/figure>\n\n\n\n<p class=\"wp-block-paragraph\">Oakes fue elegido directamente por Briatore y as\u00ed lo dijo: &#8220;<strong>La mejor opci\u00f3n para nosotros era Olly [Oliver Oakes]. Es joven, ambicioso y conoce el negocio. Es un hombre de equipo, una gran persona, vive a 20 minutos de la f\u00e1brica. Cuando construyes una casa, tienes que tener los cimientos. No tiene sentido poner un puto tejado despu\u00e9s de que todo se haya derrumbado<\/strong>&#8220;<\/p>\n\n\n\n<p class=\"wp-block-paragraph\"><strong>\u201cLuego fuimos construyendo todo poco a poco. Contratamos a m\u00e1s gente y el equipo creci\u00f3 en credibilidad. Es un proyecto. Encontramos nuevos patrocinadores y buscamos pilotos. Al final, he vuelto porque creo que tengo la oportunidad de darle la vuelta al equipo\u201d<\/strong>, concluy\u00f3 Briatore.<\/p>\n\n\n\n<p class=\"wp-block-paragraph\">\u23e9&nbsp;<strong><em>\u00a1Seguinos en redes por&nbsp;<\/em><\/strong><a href=\"https:\/\/twitter.com\/grandepremioES\"><em>Twitter&nbsp;<\/em><\/a><strong><em>e&nbsp;<\/em><\/strong><a href=\"https:\/\/www.instagram.com\/grandepremioes\/\"><em>Instagram!<\/em><\/a><br>\u23e9&nbsp;<strong><em>Adem\u00e1s, tenemos nuestro&nbsp;<\/em><\/strong><a href=\"https:\/\/whatsapp.com\/channel\/0029VaDZ5zb0gcfDxuwxBM05\"><em>canal de Whatsapp<\/em><\/a><strong><em>&nbsp;con toda la informaci\u00f3n al instante<\/em><\/strong>&nbsp;\ud83c\udfc1<\/p>\n\n\n\n<p class=\"wp-block-paragraph\">La F\u00f3rmula 1 abrir\u00e1 la temporada 2025 entre el 13 y el 16 de marzo en el Gran Premio de Australia, en Melbourne. GRANDE PR\u00caMIO seguir\u00e1 todas las actividades.<\/p>\n","protected":false},"excerpt":{"rendered":"<p>Flavio Briatore apunt\u00f3 a la llegada de los motores Mercedes como uno de los factores que podr\u00edan devolver a Alpine a la senda de la victoria en la F\u00f3rmula 1 y alab\u00f3 la presencia de Oliver Oakes como jefe de equipo en la reconstrucci\u00f3n de la escuder\u00eda francesa.<\/p>\n","protected":false},"author":0,"featured_media":1010317869,"comment_status":"closed","ping_status":"closed","sticky":false,"template":"","format":"standard","meta":{"42wp_featured_image_caption":"","42wp_featured_image_credits":"","42wp_featured_video":"","42wp_featured_image_hidden":false,"42wp_authors_list":[],"footnotes":""},"categories":[5],"tags":[678,818,1710,2326,814,197,10593,1088,210,3326,10770],"42wp_author":[14237],"class_list":["post-8834","post","type-post","status-publish","format-standard","has-post-thumbnail","hentry","category-f1","tag-alpine","tag-benetton","tag-f1-2025","tag-flavio-briatore","tag-franco-colapinto","tag-mercedes","tag-oliver-oakes","tag-paul-aron","tag-renault","tag-ryo-hirakawa","tag-viry-chatillon-2","42wp_author-gabriel-garcia"],"_links":{"self":[{"href":"https:\/\/grandepremio.com\/es\/wp-json\/wp\/v2\/posts\/8834","targetHints":{"allow":["GET"]}}],"collection":[{"href":"https:\/\/grandepremio.com\/es\/wp-json\/wp\/v2\/posts"}],"about":[{"href":"https:\/\/grandepremio.com\/es\/wp-json\/wp\/v2\/types\/post"}],"replies":[{"embeddable":true,"href":"https:\/\/grandepremio.com\/es\/wp-json\/wp\/v2\/comments?post=8834"}],"version-history":[{"count":0,"href":"https:\/\/grandepremio.com\/es\/wp-json\/wp\/v2\/posts\/8834\/revisions"}],"wp:featuredmedia":[{"embeddable":true,"href":"https:\/\/grandepremio.com\/es\/wp-json\/wp\/v2\/media\/1010317869"}],"wp:attachment":[{"href":"https:\/\/grandepremio.com\/es\/wp-json\/wp\/v2\/media?parent=8834"}],"wp:term":[{"taxonomy":"category","embeddable":true,"href":"https:\/\/grandepremio.com\/es\/wp-json\/wp\/v2\/categories?post=8834"},{"taxonomy":"post_tag","embeddable":true,"href":"https:\/\/grandepremio.com\/es\/wp-json\/wp\/v2\/tags?post=8834"},{"taxonomy":"42wp_author","embeddable":true,"href":"https:\/\/grandepremio.com\/es\/wp-json\/wp\/v2\/42wp_author?post=8834"}],"curies":[{"name":"wp","href":"https:\/\/api.w.org\/{rel}","templated":true}]}}