{"id":8852,"date":"2025-03-09T15:13:16","date_gmt":"2025-03-09T18:13:16","guid":{"rendered":"https:\/\/grandepremio.com\/es\/2025\/03\/09\/fenestraz-critica-estrategia-equipo-suzuka-super-formula\/"},"modified":"2025-03-09T15:13:20","modified_gmt":"2025-03-09T18:13:20","slug":"fenestraz-critica-estrategia-equipo-suzuka-super-formula","status":"publish","type":"post","link":"https:\/\/grandepremio.com\/es\/super-formula\/fenestraz-critica-estrategia-equipo-suzuka-super-formula\/","title":{"rendered":"Fenestraz critica la estrategia de su equipo en Suzuka y habla de &#8220;mucho trabajo por hacer&#8221;"},"content":{"rendered":"\n<p class=\"wp-block-paragraph\">Tras una clasificaci\u00f3n positiva, en la que qued\u00f3 ubicado 11mo, <strong>Sacha Fenestraz<\/strong> encar\u00f3 la segunda carrera de la <strong>S\u00faper F\u00f3rmula<\/strong> en 2025 con la expectativa de poder sumar puntos, pero no fue el caso, ya que finaliz\u00f3 16\u00b0 con el auto del <strong>Tom\u2019s Racing<\/strong>, en una competencia <a href=\"https:\/\/grandepremio.com\/es\/super-formula\/fenestraz-suzuka-finaliza-16-makino-triunfa-super-formula\/\" target=\"_blank\" rel=\"noreferrer noopener\">que se termin\u00f3 con el auto de seguridad por un toque de <strong>Zak O\u2019Sullivan<\/strong> y <strong>Seita Nonaka<\/strong>.<\/a><\/p>\n\n\n\n<p class=\"wp-block-paragraph\">\ud83d\udfe5&nbsp;<strong><em>\u00a1Todas las novedades te esperan en el canal de&nbsp;<\/em><\/strong><a href=\"https:\/\/www.youtube.com\/@GrandePremioES\"><em>YouTube<\/em><\/a><strong><em>&nbsp;de Grande Pr\u00eamio en Espa\u00f1ol!<\/em><\/strong>&nbsp;\ud83d\udfe8<\/p>\n\n\n\n<p class=\"wp-block-paragraph\">Una vez concluida con la actividad en pista en <strong>Suzuka<\/strong>, el piloto franco-argentino charl\u00f3 con los medios, entre ellos <strong>GRANDE PREMIO<\/strong>, y habl\u00f3 en extenso de lo que consider\u00f3 una estrategia equivocada para la carrera de hoy, que no ten\u00eda una ventana fija para cambio de neum\u00e1ticos, adem\u00e1s de puntualizar que le gustar\u00eda tener una puesta a punto similar a la de su compa\u00f1ero, <strong>Sho Tsuboi<\/strong>, que termin\u00f3 segundo, detr\u00e1s del ganador, <strong>Tadasuke Makino<\/strong>.<\/p>\n\n\n\n<p class=\"wp-block-paragraph\"><strong>\u201cEl balance de la clasificaci\u00f3n fue bastante positivo, ya que ayer fue bastante dif\u00edcil. En la Q2 nos cost\u00f3 m\u00e1s con el balance no pudimos mejorar esa diferencia. En la carrera fue obvio lo que pas\u00f3, la estrategia no fue la correcta, yo no estaba de acuerdo con la decisi\u00f3n del equipo, tuve que escuchar la orden y claramente no fue una buena decisi\u00f3n. Al final de la carrera con ese auto de seguridad las cosas podr\u00edan haber sido mucho mejor, y esto fue una cosa que yo hab\u00eda propuesto en quedarnos hasta el final si tenemos un buen auto en las primeras vueltas de poder esperar hasta las \u00faltimas vueltas para entrar a boxes, no escucharon esa propuesta y no sali\u00f3 como esper\u00e1bamos\u201d<\/strong>, critic\u00f3 Fenestraz ante la consulta por un balance global del fin de semana.<\/p>\n\n\n\n<figure class=\"wp-block-embed is-type-video is-provider-youtube wp-block-embed-youtube wp-embed-aspect-16-9 wp-has-aspect-ratio\"><div class=\"wp-block-embed__wrapper\">\n<iframe loading=\"lazy\" title=\"\u00bfQU\u00c9 NOS DEJARON LOS TESTS DE PRETEMPORADA DE F1 EN BAHR\u00c9IN?\" width=\"500\" height=\"281\" src=\"https:\/\/www.youtube.com\/embed\/JWQ8E5_i7eo?feature=oembed\" frameborder=\"0\" allow=\"accelerometer; autoplay; clipboard-write; encrypted-media; gyroscope; picture-in-picture; web-share\" referrerpolicy=\"strict-origin-when-cross-origin\" allowfullscreen><\/iframe>\n<\/div><\/figure>\n\n\n\n<p class=\"wp-block-paragraph\"><strong>\u201cHay mucho trabajo que hacer, m\u00e1s de lo que me esperaba, quiero cambiar varias cosas junto con el equipo porque hay cosas que no me gustan, sobre todo como manejamos algunas cosas como la decisi\u00f3n a \u00faltimo momento de entrar a boxes, creo que es un \u00e1rea donde tenemos que mejorar porque se siente como dos equipos dentro del mismo equipo, no se comparte informaci\u00f3n de los dos autos. Reci\u00e9n esta ma\u00f1ana despu\u00e9s de la clasificaci\u00f3n me di cuenta que tenemos una puesta a punto totalmente diferente al otro auto y as\u00ed es muy dif\u00edcil siempre avanzar, en Kondo lo tuve en el pasado y lo pude cambiar. Poniendo un poco de presi\u00f3n para que tengamos autos m\u00e1s similares para poder compararse y mejorar juntos\u201d<\/strong>, evalu\u00f3 Sacha, quien agreg\u00f3 que, gracias a sus pedidos, se pudieron ver mejores resultados en el<strong> Kondo Racing<\/strong>, equipo en el que fue subcampe\u00f3n de la categor\u00eda en 2022.<\/p>\n\n\n\n<p class=\"wp-block-paragraph\">Sobre la carrera en concreto, el piloto franco-argentino sorprendi\u00f3 con una revelaci\u00f3n del auto de <strong>Sena Sakaguchi<\/strong>, piloto al que no pudo superar ni siquiera con el uso del <strong>OTS<\/strong>, que brinda potencia extra: <strong>\u201cEs otra cosa que tenemos que sentarnos a hablar con Toyota en la reuni\u00f3n. Me pareci\u00f3 raro porque el auto de Sena (Sakaguchi) ten\u00eda el mismo motor que yo y un grado m\u00e1s de carga aerodin\u00e1mica en la trompa delantera, cosa que deber\u00eda ser m\u00e1s lento en la recta, e iba un kil\u00f3metro m\u00e1s r\u00e1pido en la recta, prob\u00e9 un poco de todo pasarlo con el OTS porque no ten\u00eda velocidad punta. Una pena la estrategia y la verdad es que hay muchas cosas por mejorar\u201d.<\/strong><\/p>\n\n\n\n<figure class=\"wp-block-image size-large\"><img decoding=\"async\" src=\"https:\/\/grandepremio.com\/cdn-cgi\/image\/width=893,height=558,fit=contain,gravity=0.5x0.5,quality=75,format=webp\/es\/wp-content\/uploads\/2025\/03\/YOZ_8286-1024x682.jpg\" alt=\"\" class=\"wp-image-317770\"\/><figcaption class=\"wp-element-caption\">Sacha Fenestraz afirm\u00f3 que buscar\u00e1 cambios en el Tom&#8217;s Racing. (Foto: JRP)<\/figcaption><\/figure>\n\n\n\n<p class=\"wp-block-paragraph\">Por \u00faltimo, y despu\u00e9s de haber elogiado a los fans japoneses por su c\u00e1lida bienvenida nuevamente a Jap\u00f3n, el piloto de <strong>Toyota <\/strong>se\u00f1al\u00f3 que es mejor esperar a una salida del auto de seguridad para no perder tiempo en pista: <strong>\u201cObviamente que entrar en boxes con el auto de seguridad, porque no es como en el Super GT que se cierran los boxes, sino que est\u00e1s hablando de que es una parada gratis. Sale el auto de seguridad, segu\u00eds empujando y perd\u00e9s menos tiempo. Si se relanza con pocas vueltas, que no fue el caso de hoy, tenes una goma que hace la diferencia para avanzar, es una estrategia que yo propuse\u201d.<\/strong><\/p>\n\n\n\n<p class=\"wp-block-paragraph\"><strong>\u201cClaramente, el equipo no estuvo de acuerdo con eso, pero yo les dije de esperar el auto de seguridad para perder menos tiempo y eso no fue la situaci\u00f3n hoy. Y tambi\u00e9n, obviamente, perdimos de dos a tres segundos en la parada en boxes con la rueda trasera derecha que fue mucho m\u00e1s lenta, as\u00ed que eso no ayud\u00f3 con la estrategia dif\u00edcil que tuvimos\u201d<\/strong>, concluy\u00f3, visiblemente molesto con las situaciones que se dieron a lo largo del fin de semana en Suzuka.<\/p>\n\n\n\n<p class=\"wp-block-paragraph\">\u23e9&nbsp;<strong><em>\u00a1Seguinos en redes por&nbsp;<\/em><\/strong><a href=\"https:\/\/twitter.com\/grandepremioES\"><em>Twitter&nbsp;<\/em><\/a><strong><em>e&nbsp;<\/em><\/strong><a href=\"https:\/\/www.instagram.com\/grandepremioes\/\"><em>Instagram!<\/em><\/a><br>\u23e9&nbsp;<strong><em>Adem\u00e1s, tenemos nuestro&nbsp;<\/em><\/strong><a href=\"https:\/\/whatsapp.com\/channel\/0029VaDZ5zb0gcfDxuwxBM05\"><em>canal de Whatsapp<\/em><\/a><strong><em>&nbsp;con toda la informaci\u00f3n al instante<\/em><\/strong>&nbsp;\ud83c\udfc1<\/p>\n\n\n\n<p class=\"wp-block-paragraph\">La S\u00faper F\u00f3rmula regresar\u00e1 para su segunda fecha doble del 18 al 20 de abril en Motegi, con la cobertura de GRANDE PREMIO.<\/p>\n","protected":false},"excerpt":{"rendered":"<p>Sacha Fenestraz convers\u00f3 en rueda de prensa con algunos medios, entre ellos GRANDE PREMIO, luego de haber finalizado 16\u00b0 en la carrera del domingo de la S\u00faper F\u00f3rmula en Suzuka, donde se consider\u00f3 perjudicado por la estrategia del Tom\u2019s Racing de realizar una temprana parada en boxes. <\/p>\n","protected":false},"author":0,"featured_media":1010317769,"comment_status":"closed","ping_status":"closed","sticky":false,"template":"","format":"standard","meta":{"42wp_featured_image_caption":"","42wp_featured_image_credits":"","42wp_featured_video":"","42wp_featured_image_hidden":false,"42wp_authors_list":[],"footnotes":""},"categories":[45],"tags":[1488,11231,11396,3007,11237,11226,7074,7286,3484,8611,10295,312,8926],"42wp_author":[14237],"class_list":["post-8852","post","type-post","status-publish","format-standard","has-post-thumbnail","hentry","category-super-formula","tag-grande-premio","tag-kondo-racing","tag-ots","tag-sacha-fenestraz","tag-seita-nonaka","tag-sena-sakaguchi","tag-sho-tsuboi","tag-super-formula-2","tag-suzuka","tag-tadasuke-makino","tag-toms-racing","tag-toyota","tag-zak-osullivan-2","42wp_author-gabriel-garcia"],"_links":{"self":[{"href":"https:\/\/grandepremio.com\/es\/wp-json\/wp\/v2\/posts\/8852","targetHints":{"allow":["GET"]}}],"collection":[{"href":"https:\/\/grandepremio.com\/es\/wp-json\/wp\/v2\/posts"}],"about":[{"href":"https:\/\/grandepremio.com\/es\/wp-json\/wp\/v2\/types\/post"}],"replies":[{"embeddable":true,"href":"https:\/\/grandepremio.com\/es\/wp-json\/wp\/v2\/comments?post=8852"}],"version-history":[{"count":0,"href":"https:\/\/grandepremio.com\/es\/wp-json\/wp\/v2\/posts\/8852\/revisions"}],"wp:featuredmedia":[{"embeddable":true,"href":"https:\/\/grandepremio.com\/es\/wp-json\/wp\/v2\/media\/1010317769"}],"wp:attachment":[{"href":"https:\/\/grandepremio.com\/es\/wp-json\/wp\/v2\/media?parent=8852"}],"wp:term":[{"taxonomy":"category","embeddable":true,"href":"https:\/\/grandepremio.com\/es\/wp-json\/wp\/v2\/categories?post=8852"},{"taxonomy":"post_tag","embeddable":true,"href":"https:\/\/grandepremio.com\/es\/wp-json\/wp\/v2\/tags?post=8852"},{"taxonomy":"42wp_author","embeddable":true,"href":"https:\/\/grandepremio.com\/es\/wp-json\/wp\/v2\/42wp_author?post=8852"}],"curies":[{"name":"wp","href":"https:\/\/api.w.org\/{rel}","templated":true}]}}