{"id":8896,"date":"2025-03-06T10:57:07","date_gmt":"2025-03-06T13:57:07","guid":{"rendered":"https:\/\/grandepremio.com\/es\/2025\/03\/06\/susie-wolff-se-perfila-candidata-presidencia-fia-senala-desinteres\/"},"modified":"2025-03-06T10:57:12","modified_gmt":"2025-03-06T13:57:12","slug":"susie-wolff-se-perfila-candidata-presidencia-fia-senala-desinteres","status":"publish","type":"post","link":"https:\/\/grandepremio.com\/es\/f1\/susie-wolff-se-perfila-candidata-presidencia-fia-senala-desinteres\/","title":{"rendered":"Susie Wolff se perfila como posible candidata a la presidencia de FIA, pero se\u00f1ala desinter\u00e9s"},"content":{"rendered":"\n<p class=\"wp-block-paragraph\">Tras vincularse su nombre a una posible candidatura a la presidencia de la <strong>Federaci\u00f3n Internacional de Automovilismo (FIA)<\/strong>, que celebrar\u00e1 elecciones este a\u00f1o, fuentes vinculadas a la directora de la <strong>F1 Academy<\/strong>, <strong>Susie Wolff<\/strong>, aseguraron que no est\u00e1 interesada en optar al cargo que actualmente ocupa <strong>Mohammed Ben Sulayem<\/strong>. Seg\u00fan <em>Planet.F1<\/em>, la ex piloto quiere centrarse en trabajar con mujeres en el automovilismo.<\/p>\n\n\n\n<p class=\"wp-block-paragraph\">Susie cuenta con una dilatada carrera en el deporte, comenzando en la <strong>F\u00f3rmula Renault<\/strong> en <strong>2002<\/strong> y pasando brevemente a la <strong>F3 brit\u00e1nica<\/strong> en <strong>2005<\/strong>, antes de emigrar al <strong>DTM<\/strong>, la categor\u00eda de turismos alemana. All\u00ed permaneci\u00f3 desde <strong>2006<\/strong> hasta <strong>2012<\/strong>, cuando se convirti\u00f3 en piloto de desarrollo de <strong>Williams<\/strong> y luego en piloto de pruebas de <strong>F\u00f3rmula 1<\/strong>, donde permaneci\u00f3 hasta <strong>2015<\/strong>.<\/p>\n\n\n\n<p class=\"wp-block-paragraph\">El siguiente paso, mientras segu\u00eda en la F1, fue unirse a <strong>Mercedes <\/strong>como embajadora, trabajando junto a su marido, <strong>Toto Wolff<\/strong>, CEO y jefe del equipo. En <strong>2018<\/strong>, Susie asumi\u00f3 uno de los principales retos de su carrera como jefa de equipo de <strong>Venturi<\/strong> en la <strong>F\u00f3rmula E<\/strong>, antes de convertirse en directora ejecutiva.<\/p>\n\n\n\n<p class=\"wp-block-paragraph\">\ud83d\udfe5&nbsp;<strong><em>\u00a1Todas las novedades te esperan en el canal de&nbsp;<\/em><\/strong><a href=\"https:\/\/www.youtube.com\/@GrandePremioES\"><em>YouTube<\/em><\/a><strong><em>&nbsp;de Grande Pr\u00eamio en Espa\u00f1ol!<\/em><\/strong>&nbsp;\ud83d\udfe8<\/p>\n\n\n\n<figure class=\"wp-block-embed is-type-video is-provider-youtube wp-block-embed-youtube wp-embed-aspect-16-9 wp-has-aspect-ratio\"><div class=\"wp-block-embed__wrapper\">\n<iframe loading=\"lazy\" title=\"\u00bfQU\u00c9 NOS DEJARON LOS TESTS DE PRETEMPORADA DE F1 EN BAHR\u00c9IN?\" width=\"500\" height=\"281\" src=\"https:\/\/www.youtube.com\/embed\/JWQ8E5_i7eo?feature=oembed\" frameborder=\"0\" allow=\"accelerometer; autoplay; clipboard-write; encrypted-media; gyroscope; picture-in-picture; web-share\" referrerpolicy=\"strict-origin-when-cross-origin\" allowfullscreen><\/iframe>\n<\/div><\/figure>\n\n\n\n<p class=\"wp-block-paragraph\">Desde 2023, dirige la F1 Academy, una categor\u00eda de base aprobada por la FIA y dirigida exclusivamente a mujeres, que compite los mismos fines de semana que la F1. Gracias a su trabajo, Wolff ha ganado mucha notoriedad, siempre activa en la promoci\u00f3n de la participaci\u00f3n femenina en el automovilismo.<\/p>\n\n\n\n<p class=\"wp-block-paragraph\">La revista italiana <em>Autosprint<\/em> inform\u00f3 recientemente de que Susie era una posible candidata al puesto que actualmente ocupa Ben Sulayem como presidente de la FIA. Y la escocesa no tard\u00f3 en ganarse el apoyo de un grande de la F\u00f3rmula 1: <strong>Damon Hill<\/strong>, el campe\u00f3n de F1 <strong>1996<\/strong>, que utiliz\u00f3 las redes sociales para decir que \u00abella ser\u00eda perfecta\u00bb.<\/p>\n\n\n\n<p class=\"wp-block-paragraph\">Sin embargo, fuentes vinculadas a Wolff aseguraron a <em>Planet.F1<\/em> que la esposa de Toto no est\u00e1 interesada en optar al cargo, al menos este a\u00f1o. A sus 42 a\u00f1os, quiere centrarse en su actual trabajo en la F1 Academy, animando a m\u00e1s pilotos femeninas a participar en el automovilismo.<\/p>\n\n\n\n<p class=\"wp-block-paragraph\">En marzo del a\u00f1o pasado, Susie habl\u00f3 de la posibilidad de escalar posiciones en la organizaci\u00f3n, pero dijo que no ten\u00eda planes de abandonar el box. \u00abSiempre me gusta pensar que \u00e9ste [2024] es realmente mi primer a\u00f1o [en la F1 Academy], y lo digo con mucho entusiasmo, pero sabiendo que tengo que demostrar que el concepto era correcto\u00bb.<\/p>\n\n\n\n<p class=\"wp-block-paragraph\">\u00abEstoy muy orgulloso de lo que hemos conseguido hasta ahora. Es s\u00f3lo el principio, creo que podemos hacer mucho m\u00e1s, pero ya puedo ver el impacto positivo que estamos teniendo, y eso me tranquiliza, saber que vamos por el buen camino\u00bb, prosigui\u00f3.<\/p>\n\n\n\n<figure class=\"wp-block-image size-full\"><img decoding=\"async\" src=\"https:\/\/grandepremio.com\/es\/wp-content\/uploads\/2024\/12\/9-_W6I4206-2048x2048-1.webp\" alt=\"\" class=\"wp-image-308865\"\/><figcaption class=\"wp-element-caption\">Susie Wolff surge como candidata a la presidencia de FIA. (Foto: F\u00f3rmula E)<\/figcaption><\/figure>\n\n\n\n<p class=\"wp-block-paragraph\">\u00abObviamente, tener a los equipos de F1 de nuestro lado es una gran base para nuestro \u00e9xito a medio y largo plazo. Para m\u00ed, estaba claro que ten\u00edan que pasar dos cosas: correr con la F1 y tener a los equipos a nuestro lado, y lo hemos conseguido. Ahora tenemos que demostrar que tenemos una plataforma que puede generar un retorno de la inversi\u00f3n y ser impactante\u00bb, a\u00f1adi\u00f3.<\/p>\n\n\n\n<p class=\"wp-block-paragraph\">A continuaci\u00f3n, habl\u00f3 del momento en que se hizo cargo de la F1 Academy y de c\u00f3mo esperaba que nadie lo viera como \u00abuna mujer dirigiendo algo para mujeres\u00bb. \u00abTen\u00eda que ser algo que todo el deporte apoyara, y tengo que dar cr\u00e9dito a los equipos de F1 por subirse a bordo con la idea\u00bb.<\/p>\n\n\n\n<p class=\"wp-block-paragraph\">Aunque interesante desde el punto de vista de la diversidad, la posible candidatura de Susie Wolff a la presidencia de la FIA podr\u00eda encontrar resistencias debido a su estrecha relaci\u00f3n con Mercedes y, por supuesto, a su matrimonio con el jefe de la escuder\u00eda de <strong>Brackley<\/strong>. En diciembre de <strong>2023<\/strong>, de hecho, la pareja se vio en medio de una pol\u00e9mica despu\u00e9s de que la <a href=\"https:\/\/grandepremio.com\/es\/f1\/toto-susie-wolff-conflicto-intereses-fia-formula-1\/\">organizaci\u00f3n les abriera una investigaci\u00f3n por un posible conflicto de intereses<\/a>.<\/p>\n\n\n\n<p class=\"wp-block-paragraph\">La sospecha era que Toto ten\u00eda acceso a informaci\u00f3n confidencial sobre las actividades de la <strong>FOM<\/strong>, algo que no tienen otros jefes de equipo, mientras que Susie hab\u00eda sido informada de las principales discusiones entre los jefes, lo que podr\u00eda ser de utilidad para la categor\u00eda. Un reportaje de la revista <em>Business F1<\/em> se\u00f1alaba que un comentario hecho por Toto durante una reuni\u00f3n de jefes de equipo se convirti\u00f3 en el blanco de las quejas de los opositores, que consideraban que la informaci\u00f3n dada s\u00f3lo pod\u00eda proceder de la Direcci\u00f3n de la F\u00f3rmula Uno.<\/p>\n\n\n\n<figure class=\"wp-block-image size-full\"><img decoding=\"async\" src=\"https:\/\/grandepremio.com\/es\/wp-content\/uploads\/2024\/11\/toto-susie-wolff-1024x683-1.jpg\" alt=\"\" class=\"wp-image-301857\"\/><figcaption class=\"wp-element-caption\">La pareja de Susie y Toto Wolff fue investigada en 2023 por conflicto de intereses. (Foto: LAT Im\u00e1genes)<\/figcaption><\/figure>\n\n\n\n<p class=\"wp-block-paragraph\">\u23e9\u00a0<strong><em>\u00a1Seguinos en redes por\u00a0<\/em><\/strong><a href=\"https:\/\/twitter.com\/grandepremioES\"><em>Twitter\u00a0<\/em><\/a><strong><em>e\u00a0<\/em><\/strong><a href=\"https:\/\/www.instagram.com\/grandepremioes\/\"><em>Instagram!<\/em><\/a><br>\u23e9\u00a0<strong><em>Adem\u00e1s, tenemos nuestro\u00a0<\/em><\/strong><a href=\"https:\/\/whatsapp.com\/channel\/0029VaDZ5zb0gcfDxuwxBM05\"><em>canal de Whatsapp<\/em><\/a><strong><em>\u00a0con toda la informaci\u00f3n al instante<\/em><\/strong>\u00a0\ud83c\udfc1<\/p>\n\n\n\n<p class=\"wp-block-paragraph\">A partir de ah\u00ed, fue una avalancha. Horas despu\u00e9s de hacerse p\u00fablica la noticia de la investigaci\u00f3n, Mercedes se pronunci\u00f3. Tambi\u00e9n en un comunicado oficial, la escuder\u00eda de Brackley calific\u00f3 de \u00abgen\u00e9rico\u00bb el comunicado de la FIA y asegur\u00f3 que las acusaciones eran \u00abinfundadas\u00bb. El comunicado fue seguido por la propia F\u00f3rmula 1, que sali\u00f3 en defensa de los Wolff y revel\u00f3 que no hab\u00eda sido advertida de la investigaci\u00f3n de antemano.<\/p>\n\n\n\n<p class=\"wp-block-paragraph\">Susie tampoco tard\u00f3 en pronunciarse. En las redes sociales, comenz\u00f3 diciendo que se sent\u00eda \u00abprofundamente insultada pero tristemente no sorprendida\u00bb por las acusaciones, describi\u00e9ndolas como el resultado de \u00abun comportamiento intimidatorio y mis\u00f3gino, centrado m\u00e1s en mi estado civil\u00bb que en sus habilidades.<\/p>\n\n\n\n<p class=\"wp-block-paragraph\">La FIA decidi\u00f3 entonces archivar el caso, alegando que, tras un an\u00e1lisis, no se hab\u00edan investigado cuestiones \u00e9ticas y disciplinarias relacionadas con Toto y Susie Wolff. El organismo afirm\u00f3 en un comunicado oficial que estaba satisfecho con el protocolo de cumplimiento de la F\u00f3rmula 1.<\/p>\n\n\n\n<p class=\"wp-block-paragraph\">La&nbsp;<strong><a href=\"https:\/\/es.grandepremio.com\/f1\/\" target=\"_blank\" rel=\"noreferrer noopener\"><\/a><a href=\"https:\/\/es.grandepremio.com\/f1\/\" target=\"_blank\" rel=\"noreferrer noopener\"><\/a><a href=\"https:\/\/es.grandepremio.com\/f1\/\" target=\"_blank\" rel=\"noreferrer noopener\">F\u00f3rmula 1<\/a><\/strong>&nbsp;regresa ahora del 14 al 16 de marzo para el&nbsp;<strong>Gran Premio de Australia<\/strong>, prueba inaugural de la&nbsp;<strong>temporada 2025<\/strong>.<\/p>\n","protected":false},"excerpt":{"rendered":"<p>Seg\u00fan la revista italiana Autosprint, Susie Wolff es una posible candidata al puesto que actualmente ocupa Mohammed Ben Sulayem en la FIA, pero fuentes cercanas a ella aseguran que la directora de F1 Academy no tiene inter\u00e9s en el puesto por el momento.<\/p>\n","protected":false},"author":0,"featured_media":1010317422,"comment_status":"closed","ping_status":"closed","sticky":false,"template":"","format":"standard","meta":{"42wp_featured_image_caption":"","42wp_featured_image_credits":"","42wp_featured_video":"","42wp_featured_image_hidden":false,"42wp_authors_list":[],"footnotes":""},"categories":[5],"tags":[773,1710,3989,263,179,197,1930,766,569,204],"42wp_author":[14240],"class_list":["post-8896","post","type-post","status-publish","format-standard","has-post-thumbnail","hentry","category-f1","tag-dtm","tag-f1-2025","tag-f1-academy","tag-fia","tag-formula-1","tag-mercedes","tag-mohammed-ben-sulayem","tag-susie-wolff","tag-toto-wolff","tag-williams","42wp_author-ignacio-bogado"],"_links":{"self":[{"href":"https:\/\/grandepremio.com\/es\/wp-json\/wp\/v2\/posts\/8896","targetHints":{"allow":["GET"]}}],"collection":[{"href":"https:\/\/grandepremio.com\/es\/wp-json\/wp\/v2\/posts"}],"about":[{"href":"https:\/\/grandepremio.com\/es\/wp-json\/wp\/v2\/types\/post"}],"replies":[{"embeddable":true,"href":"https:\/\/grandepremio.com\/es\/wp-json\/wp\/v2\/comments?post=8896"}],"version-history":[{"count":0,"href":"https:\/\/grandepremio.com\/es\/wp-json\/wp\/v2\/posts\/8896\/revisions"}],"wp:featuredmedia":[{"embeddable":true,"href":"https:\/\/grandepremio.com\/es\/wp-json\/wp\/v2\/media\/1010317422"}],"wp:attachment":[{"href":"https:\/\/grandepremio.com\/es\/wp-json\/wp\/v2\/media?parent=8896"}],"wp:term":[{"taxonomy":"category","embeddable":true,"href":"https:\/\/grandepremio.com\/es\/wp-json\/wp\/v2\/categories?post=8896"},{"taxonomy":"post_tag","embeddable":true,"href":"https:\/\/grandepremio.com\/es\/wp-json\/wp\/v2\/tags?post=8896"},{"taxonomy":"42wp_author","embeddable":true,"href":"https:\/\/grandepremio.com\/es\/wp-json\/wp\/v2\/42wp_author?post=8896"}],"curies":[{"name":"wp","href":"https:\/\/api.w.org\/{rel}","templated":true}]}}