{"id":8915,"date":"2025-03-05T10:12:00","date_gmt":"2025-03-05T13:12:00","guid":{"rendered":"https:\/\/grandepremio.com\/es\/2025\/03\/05\/guenther-steiner-lewis-hamilton-ferrari-rendimiento-temporada-2025-f1\/"},"modified":"2025-03-05T10:12:05","modified_gmt":"2025-03-05T13:12:05","slug":"guenther-steiner-lewis-hamilton-ferrari-rendimiento-temporada-2025-f1","status":"publish","type":"post","link":"https:\/\/grandepremio.com\/es\/f1\/guenther-steiner-lewis-hamilton-ferrari-rendimiento-temporada-2025-f1\/","title":{"rendered":"Steiner rechaza que la edad sea un problema para Hamilton en Ferrari: \u00abTal vez sea mejor\u00bb"},"content":{"rendered":"\n<p class=\"wp-block-paragraph\">Con <strong>Lewis Hamilton<\/strong> embarcado en un nuevo desaf\u00edo a partir de 2025 como piloto de <strong>Ferrari<\/strong>, tambi\u00e9n hay una nueva competencia interna en la carrera del ingl\u00e9s. Sin embargo, en lugar de <strong>George Russell<\/strong>, el siete veces campe\u00f3n tendr\u00e1 a <strong>Charles Leclerc<\/strong> al otro lado del garaje, y la diferencia de edad entre ambos ya ha suscitado cierto debate sobre c\u00f3mo ser\u00e1 la din\u00e1mica interna. Y el ex jefe de <strong>Haas, Guenther Steiner,<\/strong> no ve los 40 a\u00f1os del brit\u00e1nico como un problema.<\/p>\n\n\n\n<p class=\"wp-block-paragraph\">\ud83d\udfe5&nbsp;<strong><em>\u00a1Todas las novedades te esperan en el canal de&nbsp;<\/em><\/strong><a href=\"https:\/\/www.youtube.com\/@GrandePremioES\"><em>YouTube<\/em><\/a><strong><em>&nbsp;de Grande Pr\u00eamio en Espa\u00f1ol!<\/em><\/strong>&nbsp;\ud83d\udfe8<\/p>\n\n\n\n<p class=\"wp-block-paragraph\">Seg\u00fan \u00e9l, la cifra por s\u00ed sola no engloba la capacidad f\u00edsica de <strong>Hamilton<\/strong>, que sigue siendo alta incluso siendo un \u00abcuarent\u00f3n\u00bb. Como factor de comparaci\u00f3n, <strong>Steiner <\/strong>cit\u00f3 a <strong>Fernando Alonso<\/strong>, que cumplir\u00e1 44 a\u00f1os en julio y sigue en activo, como piloto estrella y jefe t\u00e9cnico de <strong>Aston Martin<\/strong>.<\/p>\n\n\n\n<p class=\"wp-block-paragraph\">\u00ab\u00bfQu\u00e9 tiene de malo tener 40 a\u00f1os? Yo voy a cumplir 60 el a\u00f1o que viene\u00bb, dijo Steiner durante una aparici\u00f3n en el programa de entrevistas australiano The Project. \u00bbCreo que est\u00e1 en buena forma. Obviamente, no podr\u00e1 correr hasta dentro de diez a\u00f1os, pero seguro que tiene algunos a\u00f1os m\u00e1s por delante, como <strong>Fernando Alonso<\/strong>. Ya ha pasado los 40, pero sigue haci\u00e9ndolo bien\u00bb, analiz\u00f3.<\/p>\n\n\n\n<p class=\"wp-block-paragraph\">Mientras que <strong>Hamilton <\/strong>cumpli\u00f3 los 40 a principios de 2025, <strong>Leclerc <\/strong>afronta la temporada con 27 a\u00f1os (cumplir\u00e1 28 en octubre). En cuanto a la diferencia, <strong>Steiner <\/strong>dijo que la experiencia que Lewis ha acumulado a lo largo de los a\u00f1os podr\u00eda marcar la diferencia y hacerlo a\u00fan mejor que cuando era m\u00e1s joven.<\/p>\n\n\n\n<p class=\"wp-block-paragraph\">\u23e9\u00a0<strong><em>\u00a1Seguinos en redes por\u00a0<\/em><\/strong><a href=\"https:\/\/twitter.com\/grandepremioES\"><em>Twitter\u00a0<\/em><\/a><strong><em>e\u00a0<\/em><\/strong><a href=\"https:\/\/www.instagram.com\/grandepremioes\/\"><em>Instagram!<\/em><\/a><br>\u23e9\u00a0<strong><em>Adem\u00e1s, tenemos nuestro\u00a0<\/em><\/strong><a href=\"https:\/\/whatsapp.com\/channel\/0029VaDZ5zb0gcfDxuwxBM05\"><em>canal de Whatsapp<\/em><\/a><strong><em>\u00a0con toda la informaci\u00f3n al instante<\/em><\/strong>\u00a0\ud83c\udfc1<\/p>\n\n\n\n<figure class=\"wp-block-image size-large\"><img decoding=\"async\" src=\"https:\/\/grandepremio.com\/es\/wp-content\/uploads\/2025\/03\/bahrain-2025-f1-teste-pre-temporada-ferrari-lewis-hamilton-07-1200x800-1-1024x683.jpg\" alt=\"\" class=\"wp-image-317326\"\/><figcaption class=\"wp-element-caption\">Hamilton conduce el monoplaza de Ferrari durante la pretemporada de F1 en Bahr\u00e9in (Foto: Ferrari)<\/figcaption><\/figure>\n\n\n\n<p class=\"wp-block-paragraph\">\u00abComo todos sabemos, a medida que envejeces adquieres m\u00e1s experiencia y evolucionas. As\u00ed que en t\u00e9rminos de carreras, quiz\u00e1 [<strong>Hamilton<\/strong>] sea incluso mejor que cuando ten\u00eda 30 a\u00f1os\u00bb, brome\u00f3.<\/p>\n\n\n\n<p class=\"wp-block-paragraph\">Por \u00faltimo, <strong>Steiner <\/strong>dijo que <strong>Leclerc <\/strong>puede tener cierta ventaja sobre Lewis en clasificaci\u00f3n, pero lo dej\u00f3 claro: Hamilton puede compensar esta deficiencia en las carreras, entre otras cosas porque es el piloto m\u00e1s experimentado de la pareja. En este caso, la edad ser\u00eda algo positivo para el siete veces campe\u00f3n del mundo.<\/p>\n\n\n\n<p class=\"wp-block-paragraph\">\u00abQuiz\u00e1 en clasificaci\u00f3n, a una sola vuelta, un joven es un poco mejor\u00bb, dijo el ex jefe de Haas. \u00abSin embargo, puede compensarlo siendo mejor en carrera, porque ya ha experimentado varias situaciones\u00bb, concluy\u00f3 Steiner.<\/p>\n\n\n\n<p class=\"wp-block-paragraph\"><strong>La pr\u00f3xima actividad de la&nbsp;<a href=\"https:\/\/es.grandepremio.com\/f1\/\" target=\"_blank\" rel=\"noreferrer noopener\"><\/a><a href=\"https:\/\/es.grandepremio.com\/f1\/\" target=\"_blank\" rel=\"noreferrer noopener\">F\u00f3rmula 1<\/a>&nbsp;es la apertura de la temporada, en el Gran Premio de Australia del 16 de marzo.<\/strong><\/p>\n\n\n\n<figure class=\"wp-block-embed is-type-video is-provider-youtube wp-block-embed-youtube wp-embed-aspect-16-9 wp-has-aspect-ratio\"><div class=\"wp-block-embed__wrapper\">\n<iframe loading=\"lazy\" title=\"\u00bfQU\u00c9 NOS DEJARON LOS TESTS DE PRETEMPORADA DE F1 EN BAHR\u00c9IN?\" width=\"500\" height=\"281\" src=\"https:\/\/www.youtube.com\/embed\/JWQ8E5_i7eo?feature=oembed\" frameborder=\"0\" allow=\"accelerometer; autoplay; clipboard-write; encrypted-media; gyroscope; picture-in-picture; web-share\" referrerpolicy=\"strict-origin-when-cross-origin\" allowfullscreen><\/iframe>\n<\/div><\/figure>\n","protected":false},"excerpt":{"rendered":"<p>El ex jefe de Haas F1, Guenther Steiner, afirma que tener 40 a\u00f1os no ser\u00e1 un problema para Lewis Hamilton en su disputa interna con Charles Leclerc, de 27. Seg\u00fan \u00e9l, el monegasco puede incluso tener ventaja en la clasificaci\u00f3n, pero la experiencia est\u00e1 del lado del ingl\u00e9s<\/p>\n","protected":false},"author":0,"featured_media":1010317325,"comment_status":"closed","ping_status":"closed","sticky":false,"template":"","format":"standard","meta":{"42wp_featured_image_caption":"","42wp_featured_image_credits":"","42wp_featured_video":"","42wp_featured_image_hidden":false,"42wp_authors_list":[],"footnotes":""},"categories":[5],"tags":[181,1710,185,179,8059,1488,1469,199,9647],"42wp_author":[14239],"class_list":["post-8915","post","type-post","status-publish","format-standard","has-post-thumbnail","hentry","category-f1","tag-f1","tag-f1-2025","tag-ferrari","tag-formula-1","tag-formula-1-2025","tag-grande-premio","tag-guenther-steiner","tag-lewis-hamilton","tag-temporada-2025-f1","42wp_author-jp-otrosky"],"_links":{"self":[{"href":"https:\/\/grandepremio.com\/es\/wp-json\/wp\/v2\/posts\/8915","targetHints":{"allow":["GET"]}}],"collection":[{"href":"https:\/\/grandepremio.com\/es\/wp-json\/wp\/v2\/posts"}],"about":[{"href":"https:\/\/grandepremio.com\/es\/wp-json\/wp\/v2\/types\/post"}],"replies":[{"embeddable":true,"href":"https:\/\/grandepremio.com\/es\/wp-json\/wp\/v2\/comments?post=8915"}],"version-history":[{"count":0,"href":"https:\/\/grandepremio.com\/es\/wp-json\/wp\/v2\/posts\/8915\/revisions"}],"wp:featuredmedia":[{"embeddable":true,"href":"https:\/\/grandepremio.com\/es\/wp-json\/wp\/v2\/media\/1010317325"}],"wp:attachment":[{"href":"https:\/\/grandepremio.com\/es\/wp-json\/wp\/v2\/media?parent=8915"}],"wp:term":[{"taxonomy":"category","embeddable":true,"href":"https:\/\/grandepremio.com\/es\/wp-json\/wp\/v2\/categories?post=8915"},{"taxonomy":"post_tag","embeddable":true,"href":"https:\/\/grandepremio.com\/es\/wp-json\/wp\/v2\/tags?post=8915"},{"taxonomy":"42wp_author","embeddable":true,"href":"https:\/\/grandepremio.com\/es\/wp-json\/wp\/v2\/42wp_author?post=8915"}],"curies":[{"name":"wp","href":"https:\/\/api.w.org\/{rel}","templated":true}]}}