{"id":8957,"date":"2025-03-02T14:13:34","date_gmt":"2025-03-02T17:13:34","guid":{"rendered":"https:\/\/grandepremio.com\/es\/2025\/03\/02\/alpine-williams-test-neumaticos-pirelli-f1-2026-bahrein\/"},"modified":"2025-03-02T14:13:37","modified_gmt":"2025-03-02T17:13:37","slug":"alpine-williams-test-neumaticos-pirelli-f1-2026-bahrein","status":"publish","type":"post","link":"https:\/\/grandepremio.com\/es\/f1\/alpine-williams-test-neumaticos-pirelli-f1-2026-bahrein\/","title":{"rendered":"Alpine y Williams salen a pista en Bahrein y prueban los neum\u00e1ticos de F1 2026"},"content":{"rendered":"\n<p class=\"wp-block-paragraph\">Aunque la pretemporada de la <strong>F1 <\/strong>termin\u00f3 el viernes por la tarde, la acci\u00f3n vuelve a <strong>Bahrein <\/strong>con las pruebas de neum\u00e1ticos de <strong>Pirelli<\/strong>. La empresa italiana, proveedora oficial del campeonato, evaluar\u00e1 los neum\u00e1ticos que se utilizar\u00e1n en la temporada 2026 con <strong>Alpine <\/strong>y <strong>Williams<\/strong>, que girar\u00e1n en <strong>Sakhir <\/strong>el 2 y 3 de marzo.<\/p>\n\n\n\n<p class=\"wp-block-paragraph\">\ud83d\udfe5&nbsp;<strong><em>\u00a1Todas las novedades te esperan en el canal de&nbsp;<\/em><\/strong><a href=\"https:\/\/www.youtube.com\/@GrandePremioES\"><em>YouTube<\/em><\/a><strong><em>&nbsp;de Grande Pr\u00eamio en Espa\u00f1ol!<\/em><\/strong>&nbsp;\ud83d\udfe8<\/p>\n\n\n\n<p class=\"wp-block-paragraph\"><strong>Pirelli <\/strong>mantendr\u00e1, en 2026, los neum\u00e1ticos de 18 pulgadas que se utilizan actualmente, pero los adaptar\u00e1 al nuevo reglamento de la F1 que se estrenar\u00e1 el pr\u00f3ximo a\u00f1o. El objetivo de estas pruebas es recopilar la mayor cantidad de informaci\u00f3n posible para modificar los compuestos y avanzar en su desarrollo antes del estreno.<\/p>\n\n\n\n<p class=\"wp-block-paragraph\">Seg\u00fan el medio Motorsport.com, tanto <strong>Alpine <\/strong>como <strong>Williams <\/strong>llevaron al <strong>Circuito Internacional de Sakhir<\/strong> un monoplaza adaptado para girar con carga aerodin\u00e1mica baja y con el <strong>DRS <\/strong>configurado para activarse al inicio de cada recta del trazado. Por otra parte, los coches tendr\u00e1n un limitador de velocidad para simular la conducci\u00f3n que tendr\u00e1n a partir de 2026 con los cambios previstos en la unidad de potencia y sus componentes.<\/p>\n\n\n\n<p class=\"wp-block-paragraph\">En cuanto a los pilotos, <strong>Williams <\/strong>alinear\u00e1 a sus dos titulares de 2025: <strong>Carlos Sainz<\/strong> y <strong>Alexander Albon<\/strong>. El espa\u00f1ol rodar\u00e1 el domingo, mientras que el anglo-tailand\u00e9s lo har\u00e1 el lunes. <\/p>\n\n\n\n<p class=\"wp-block-paragraph\">\u23e9\u00a0<strong><em>\u00a1Seguinos en redes por\u00a0<\/em><\/strong><a href=\"https:\/\/twitter.com\/grandepremioES\"><em>Twitter\u00a0<\/em><\/a><strong><em>e\u00a0<\/em><\/strong><a href=\"https:\/\/www.instagram.com\/grandepremioes\/\"><em>Instagram!<\/em><\/a><br>\u23e9\u00a0<strong><em>Adem\u00e1s, tenemos nuestro\u00a0<\/em><\/strong><a href=\"https:\/\/whatsapp.com\/channel\/0029VaDZ5zb0gcfDxuwxBM05\"><em>canal de Whatsapp<\/em><\/a><strong><em>\u00a0con toda la informaci\u00f3n al instante<\/em><\/strong>\u00a0\ud83c\udfc1<\/p>\n\n\n\n<figure class=\"wp-block-image size-full\"><img decoding=\"async\" src=\"https:\/\/grandepremio.com\/es\/wp-content\/uploads\/..\/gp_br_uploads\/2025\/02\/Carlos-Sainz-shakedown-Williams-FW47-2025-Foto-Reproducao.jpg\" alt=\"\" class=\"wp-image-316815\"\/><figcaption class=\"wp-element-caption\">Williams probar\u00e1, junto a Alpine, los neum\u00e1ticos de F1 2026 (Foto: Reproducci\u00f3n)<\/figcaption><\/figure>\n\n\n\n<p class=\"wp-block-paragraph\"><strong>Alpine<\/strong>, por su parte, pondr\u00e1 en pista a dos de sus reservas. El japon\u00e9s <strong>Ryo Hirakawa<\/strong> abrir\u00e1 la jornada de trabajo dominical con el <strong>A523<\/strong>, el coche utilizado en la temporada 2023 de F1, mientras que el lunes ser\u00e1 <strong>Paul Aron<\/strong> el que complete los trabajos.<\/p>\n\n\n\n<p class=\"wp-block-paragraph\">Con respecto a <strong>Franco Colapinto<\/strong>, tercer piloto reserva de la escuder\u00eda francesa, no participar\u00e1 en las pruebas de neum\u00e1ticos, ya que <strong>Alpine <\/strong>prioriza su trabajo en el simulador de <strong>Enstone<\/strong>. El argentino formar\u00e1 parte de las pruebas <strong>TPC <\/strong>(test con coches antiguos) que se llevar\u00e1n a cabo pr\u00f3ximamente.<\/p>\n\n\n\n<p class=\"wp-block-paragraph\">Con el periodo de pruebas oficialmente concluido, la siguiente actividad de la&nbsp;<strong>F1&nbsp;<\/strong>es el arranque de la temporada, el&nbsp;<strong>Gran Premio de Australia<\/strong>. La ronda est\u00e1 programada entre el 14 y el 16 de marzo, con cobertura completa de GRANDE PR\u00caMIO en ESPA\u00d1OL.<\/p>\n\n\n\n<figure class=\"wp-block-embed is-type-video is-provider-youtube wp-block-embed-youtube wp-embed-aspect-16-9 wp-has-aspect-ratio\"><div class=\"wp-block-embed__wrapper\">\n<iframe loading=\"lazy\" title=\"\u00bfQU\u00c9 NOS DEJARON LOS TESTS DE PRETEMPORADA DE F1 EN BAHR\u00c9IN?\" width=\"500\" height=\"281\" src=\"https:\/\/www.youtube.com\/embed\/JWQ8E5_i7eo?feature=oembed\" frameborder=\"0\" allow=\"accelerometer; autoplay; clipboard-write; encrypted-media; gyroscope; picture-in-picture; web-share\" referrerpolicy=\"strict-origin-when-cross-origin\" allowfullscreen><\/iframe>\n<\/div><\/figure>\n\n\n\n<p class=\"wp-block-paragraph\"><\/p>\n","protected":false},"excerpt":{"rendered":"<p>Pirelli avanza en el desarrollo de los compuestos para la temporada 2026 de F1, y realizar\u00e1 una doble jornada de pruebas en Bahrein con Williams y Alpine<\/p>\n","protected":false},"author":0,"featured_media":1010316923,"comment_status":"closed","ping_status":"closed","sticky":false,"template":"","format":"standard","meta":{"42wp_featured_image_caption":"","42wp_featured_image_credits":"","42wp_featured_video":"","42wp_featured_image_hidden":false,"42wp_authors_list":[],"footnotes":""},"categories":[5],"tags":[293,678,302,181,1710,1680,179,8059,2429,1488,1088,3326,9647,4010,204],"42wp_author":[14239],"class_list":["post-8957","post","type-post","status-publish","format-standard","has-post-thumbnail","hentry","category-f1","tag-alexander-albon","tag-alpine","tag-carlos-sainz","tag-f1","tag-f1-2025","tag-f1-2026","tag-formula-1","tag-formula-1-2025","tag-formula-1-2026","tag-grande-premio","tag-paul-aron","tag-ryo-hirakawa","tag-temporada-2025-f1","tag-temporada-2026-f1","tag-williams","42wp_author-jp-otrosky"],"_links":{"self":[{"href":"https:\/\/grandepremio.com\/es\/wp-json\/wp\/v2\/posts\/8957","targetHints":{"allow":["GET"]}}],"collection":[{"href":"https:\/\/grandepremio.com\/es\/wp-json\/wp\/v2\/posts"}],"about":[{"href":"https:\/\/grandepremio.com\/es\/wp-json\/wp\/v2\/types\/post"}],"replies":[{"embeddable":true,"href":"https:\/\/grandepremio.com\/es\/wp-json\/wp\/v2\/comments?post=8957"}],"version-history":[{"count":0,"href":"https:\/\/grandepremio.com\/es\/wp-json\/wp\/v2\/posts\/8957\/revisions"}],"wp:featuredmedia":[{"embeddable":true,"href":"https:\/\/grandepremio.com\/es\/wp-json\/wp\/v2\/media\/1010316923"}],"wp:attachment":[{"href":"https:\/\/grandepremio.com\/es\/wp-json\/wp\/v2\/media?parent=8957"}],"wp:term":[{"taxonomy":"category","embeddable":true,"href":"https:\/\/grandepremio.com\/es\/wp-json\/wp\/v2\/categories?post=8957"},{"taxonomy":"post_tag","embeddable":true,"href":"https:\/\/grandepremio.com\/es\/wp-json\/wp\/v2\/tags?post=8957"},{"taxonomy":"42wp_author","embeddable":true,"href":"https:\/\/grandepremio.com\/es\/wp-json\/wp\/v2\/42wp_author?post=8957"}],"curies":[{"name":"wp","href":"https:\/\/api.w.org\/{rel}","templated":true}]}}