{"id":9079,"date":"2025-02-23T11:05:59","date_gmt":"2025-02-23T14:05:59","guid":{"rendered":"https:\/\/grandepremio.com\/es\/2025\/02\/23\/jos-verstappen-exige-mejora-red-bull-formula-1-2025\/"},"modified":"2025-02-23T11:06:03","modified_gmt":"2025-02-23T14:06:03","slug":"jos-verstappen-exige-mejora-red-bull-formula-1-2025","status":"publish","type":"post","link":"https:\/\/grandepremio.com\/es\/f1\/jos-verstappen-exige-mejora-red-bull-formula-1-2025\/","title":{"rendered":"Jos Verstappen exige mejora de Red Bull para evitar &#8220;preocupaci\u00f3n: &#8220;\u00bfSer\u00e1n capaces?&#8221;"},"content":{"rendered":"\n<p class=\"wp-block-paragraph\">A diferencia de otros a\u00f1os, <strong>Red Bull <\/strong>encara el 2025 bajo presi\u00f3n y con la necesidad de ganar terreno frente a sus rivales, debido a que el a\u00f1o pasado dej\u00f3 de ser el dominador de la <strong>F\u00f3rmula 1<\/strong> y termin\u00f3 la campa\u00f1a en tercera posici\u00f3n en el <strong>Mundial de Constructores.<\/strong> Consciente de ello, <strong>Jos Verstappen<\/strong> ya reclama mejoras para evitar un escenario \u00abpreocupante\u00bb.<\/p>\n\n\n\n<p class=\"wp-block-paragraph\">El padre del tetracampe\u00f3n <strong>Max Verstappen<\/strong> asegur\u00f3 que a\u00fan no tiene forma de saber d\u00f3nde estar\u00e1 Red Bull en comparaci\u00f3n con el resto de las escuder\u00edas, pero recalc\u00f3 que tener un auto competitivo es \u00abincre\u00edblemente importante\u00bb para las aspiraciones del #1.<\/p>\n\n\n\n<p class=\"wp-block-paragraph\"><strong><em>\u00a1Todas las novedades te esperan en el canal de\u00a0<a href=\"https:\/\/www.youtube.com\/@GrandePremioES\" target=\"_blank\" rel=\"noreferrer noopener\">YouTube<\/a>\u00a0de Grande Pr\u00eamio en Espa\u00f1ol!<\/em><\/strong><\/p>\n\n\n\n<figure class=\"wp-block-embed is-type-video is-provider-youtube wp-block-embed-youtube wp-embed-aspect-16-9 wp-has-aspect-ratio\"><div class=\"wp-block-embed__wrapper\">\n<iframe loading=\"lazy\" title=\"\u00a1EN VIVO! SE LANZA LA F1 2025 Y SEGUIMOS EL SHOW MINUTO A MINUTO | [REACT]\" width=\"500\" height=\"281\" src=\"https:\/\/www.youtube.com\/embed\/6r_2NAMdxxk?feature=oembed\" frameborder=\"0\" allow=\"accelerometer; autoplay; clipboard-write; encrypted-media; gyroscope; picture-in-picture; web-share\" referrerpolicy=\"strict-origin-when-cross-origin\" allowfullscreen><\/iframe>\n<\/div><\/figure>\n\n\n\n<p class=\"wp-block-paragraph\">Recientemente, <a href=\"https:\/\/grandepremio.com\/es\/f1\/red-bull-oferta-max-verstappen-aston-martin-christian-horner-f1-2025\/\">tanto Verstappen como Red Bull negaron la existencia de una oferta multimillonaria de <strong>Aston Martin <\/strong>para fichar al campe\u00f3n<\/a>. Sin embargo, Jos ya advirti\u00f3 que el objetivo de su hijo es ganar carreras y que si esto ya no es posible con su actual equipo, un cambio no est\u00e1 descartado.<\/p>\n\n\n\n<p class=\"wp-block-paragraph\">\u00abNo sabemos c\u00f3mo van los dem\u00e1s, as\u00ed que todo es nuevo. La semana que viene har\u00e1n pruebas y entonces podremos ver un poco lo que pasa, pero todav\u00eda no del todo. As\u00ed que es cuesti\u00f3n de esperar y confiar en que Red Bull haya hecho un buen auto, porque eso es incre\u00edblemente importante para Max\u00bb, declar\u00f3.<\/p>\n\n\n\n<p class=\"wp-block-paragraph\"><strong><em>\u00a1Seguinos en redes por&nbsp;<\/em><\/strong><strong><em><a target=\"_blank\" href=\"https:\/\/twitter.com\/grandepremioES\" rel=\"noreferrer noopener\">Twitter&nbsp;<\/a><\/em><\/strong><strong><em>e&nbsp;<\/em><\/strong><strong><em><a target=\"_blank\" href=\"https:\/\/www.instagram.com\/grandepremioes\/\" rel=\"noreferrer noopener\">Instagram!<\/a><\/em><\/strong><br><strong><em>Adem\u00e1s, tenemos nuestro&nbsp;<\/em><\/strong><strong><em><a target=\"_blank\" href=\"https:\/\/whatsapp.com\/channel\/0029VaDZ5zb0gcfDxuwxBM05\" rel=\"noreferrer noopener\">canal de Whatsapp<\/a><\/em><\/strong><strong><em>&nbsp;con toda la informaci\u00f3n al instante<\/em><\/strong><\/p>\n\n\n\n<figure class=\"wp-block-embed is-type-video is-provider-youtube wp-block-embed-youtube wp-embed-aspect-16-9 wp-has-aspect-ratio\"><div class=\"wp-block-embed__wrapper\">\n<iframe loading=\"lazy\" title=\"ASTON MARTIN SE ENFRENTA A UN 2025 CRUCIAL PARA DEFINIR SU FUTURO EN F1\" width=\"500\" height=\"281\" src=\"https:\/\/www.youtube.com\/embed\/BpUiW3GNvEQ?feature=oembed\" frameborder=\"0\" allow=\"accelerometer; autoplay; clipboard-write; encrypted-media; gyroscope; picture-in-picture; web-share\" referrerpolicy=\"strict-origin-when-cross-origin\" allowfullscreen><\/iframe>\n<\/div><\/figure>\n\n\n\n<p class=\"wp-block-paragraph\">\u00ab\u00bfPuede [Red Bull] seguir haci\u00e9ndolo? Con esta gente nueva, para luego hacer un buen coche\u2026 \u00bfSer\u00e1n capaces de llevar eso tambi\u00e9n al a\u00f1o que viene, cuando todo sea nuevo? Si no pueden concretar esto ahora, es preocupante para los a\u00f1os siguientes. As\u00ed que somos optimistas, pero queremos que progrese\u00bb, concluy\u00f3 Jos.<\/p>\n\n\n\n<p class=\"wp-block-paragraph\">Verstappen termin\u00f3 2024 como campe\u00f3n del <strong>Mundial de Pilotos,<\/strong> m\u00e1s all\u00e1 de que en su momento m\u00e1s cr\u00edtico, a mitad de temporada, estuvo diez carreras sin ganar. En paralelo, su compa\u00f1ero <strong>Sergio P\u00e9rez<\/strong> se hundi\u00f3 en la clasificaci\u00f3n, <a href=\"https:\/\/grandepremio.com\/es\/f1\/liam-lawson-ascenso-red-bull-reemplazo-sergio-perez-temporada-2025-f1\/\">lo que culmin\u00f3 en su despido y el ascenso de <strong>Liam Lawson<\/strong> para 2025.<\/a><\/p>\n\n\n\n<p class=\"wp-block-paragraph\"><strong>La pr\u00f3xima actividad de la F\u00f3rmula 1 es la \u00fanica pretemporada, prevista para los d\u00edas 26, 27 y 28 de febrero en Bahr\u00e9in. El calendario 2025 arrancar\u00e1 con el Gran Premio de Australia, del 14 al 16 de marzo.<\/strong><\/p>\n\n\n\n<p class=\"wp-block-paragraph\"><\/p>\n","protected":false},"excerpt":{"rendered":"<p>Jos Verstappen se mostr\u00f3 dubitativo con respecto a la competitividad de Red Bull en la F1 2025, y resalt\u00f3 la importancia de que Max cuente con un auto que le permita ganar carreras.<\/p>\n","protected":false},"author":0,"featured_media":1010308822,"comment_status":"closed","ping_status":"closed","sticky":false,"template":"","format":"standard","meta":{"42wp_featured_image_caption":"","42wp_featured_image_credits":"","42wp_featured_video":"","42wp_featured_image_hidden":false,"42wp_authors_list":[],"footnotes":""},"categories":[5],"tags":[181,1710,179,823,249,206],"42wp_author":[14223],"class_list":["post-9079","post","type-post","status-publish","format-standard","has-post-thumbnail","hentry","category-f1","tag-f1","tag-f1-2025","tag-formula-1","tag-jos-verstappen","tag-max-verstappen","tag-red-bull","42wp_author-esteban-nieto"],"_links":{"self":[{"href":"https:\/\/grandepremio.com\/es\/wp-json\/wp\/v2\/posts\/9079","targetHints":{"allow":["GET"]}}],"collection":[{"href":"https:\/\/grandepremio.com\/es\/wp-json\/wp\/v2\/posts"}],"about":[{"href":"https:\/\/grandepremio.com\/es\/wp-json\/wp\/v2\/types\/post"}],"replies":[{"embeddable":true,"href":"https:\/\/grandepremio.com\/es\/wp-json\/wp\/v2\/comments?post=9079"}],"version-history":[{"count":0,"href":"https:\/\/grandepremio.com\/es\/wp-json\/wp\/v2\/posts\/9079\/revisions"}],"wp:featuredmedia":[{"embeddable":true,"href":"https:\/\/grandepremio.com\/es\/wp-json\/wp\/v2\/media\/1010308822"}],"wp:attachment":[{"href":"https:\/\/grandepremio.com\/es\/wp-json\/wp\/v2\/media?parent=9079"}],"wp:term":[{"taxonomy":"category","embeddable":true,"href":"https:\/\/grandepremio.com\/es\/wp-json\/wp\/v2\/categories?post=9079"},{"taxonomy":"post_tag","embeddable":true,"href":"https:\/\/grandepremio.com\/es\/wp-json\/wp\/v2\/tags?post=9079"},{"taxonomy":"42wp_author","embeddable":true,"href":"https:\/\/grandepremio.com\/es\/wp-json\/wp\/v2\/42wp_author?post=9079"}],"curies":[{"name":"wp","href":"https:\/\/api.w.org\/{rel}","templated":true}]}}