{"id":9141,"date":"2025-02-19T12:35:45","date_gmt":"2025-02-19T15:35:45","guid":{"rendered":"https:\/\/grandepremio.com\/es\/2025\/02\/19\/fenestraz-habla-cancelacion-test-suzuka-super-formula-2025\/"},"modified":"2025-02-19T12:35:48","modified_gmt":"2025-02-19T15:35:48","slug":"fenestraz-habla-cancelacion-test-suzuka-super-formula-2025","status":"publish","type":"post","link":"https:\/\/grandepremio.com\/es\/super-formula\/fenestraz-habla-cancelacion-test-suzuka-super-formula-2025\/","title":{"rendered":"Fenestraz habla tras la cancelaci\u00f3n de los test en Suzuka: &#8220;Me falta confianza en el auto&#8221;"},"content":{"rendered":"\n<p class=\"wp-block-paragraph\">Una copiosa nieve cay\u00f3 durante la noche y buena parte de la jornada de mi\u00e9rcoles en el circuito de <strong>Suzuka<\/strong>, por lo que las pruebas de pretemporada de la <strong>S\u00faper F\u00f3rmula<\/strong> se vieron suspendidas, provocando un final abrupto de los ensayos. Por esta raz\u00f3n, los autos no giraron y van con solo dos sesiones de test a la primera fecha, en tres semanas en el mismo circuito.<\/p>\n\n\n\n<p class=\"wp-block-paragraph\">\ud83d\udfe5&nbsp;<strong><em>\u00a1Todas las novedades te esperan en el canal de&nbsp;<\/em><\/strong><a href=\"https:\/\/www.youtube.com\/@GrandePremioES\"><em>YouTube<\/em><\/a><strong><em>&nbsp;de Grande Pr\u00eamio en Espa\u00f1ol!<\/em><\/strong>&nbsp;\ud83d\udfe8<\/p>\n\n\n\n<p class=\"wp-block-paragraph\"><strong>GRANDE PREMIO<\/strong> convers\u00f3 de manera exclusiva con <strong>Sacha Fenestraz<\/strong> luego de conocerse la cancelaci\u00f3n de la actividad en pista y sac\u00f3 algunas conclusiones positivas de lo realizado el martes: <strong>\u201cEs una pena que se hayan cancelado tan temprano las pruebas, aunque ahora ya no nieva, pero, bueno, obviamente que el circuito est\u00e1 todo blanco, as\u00ed que es una pena. Por suerte pudimos aprender bastante de ayer con la primera y segunda tanda, por m\u00e1s que nev\u00f3 un poco por la ma\u00f1ana y no se pudo girar en seco\u201d.<\/strong><\/p>\n\n\n\n<p class=\"wp-block-paragraph\"><strong>\u201cFueron dos d\u00edas muy positivos, m\u00e1s que todo ayer, donde pudimos aprender mucho porque las gomas cambiaron con respecto al a\u00f1o pasado, que eso es positivo para m\u00ed, porque las cambiaron a como estaban en 2022 cuando corr\u00ed yo, con menos degradaci\u00f3n, un poco menos grip en las gomas nuevas, hay que seguir agarrando confianza al auto, que es un poco lo que me falta, paso a paso, y vamos a tratar de tener una buena temporada\u201d<\/strong>, a\u00f1adi\u00f3 el piloto franco-argentino que viene de competir dos temporadas en la <strong>F\u00f3rmula E<\/strong> con <strong>Nissan<\/strong>.<\/p>\n\n\n\n<figure class=\"wp-block-embed is-type-video is-provider-youtube wp-block-embed-youtube wp-embed-aspect-16-9 wp-has-aspect-ratio\"><div class=\"wp-block-embed__wrapper\">\n<iframe loading=\"lazy\" title=\"\u00a1EN VIVO! SE LANZA LA F1 2025 Y SEGUIMOS EL SHOW MINUTO A MINUTO | [REACT]\" width=\"500\" height=\"281\" src=\"https:\/\/www.youtube.com\/embed\/6r_2NAMdxxk?feature=oembed\" frameborder=\"0\" allow=\"accelerometer; autoplay; clipboard-write; encrypted-media; gyroscope; picture-in-picture; web-share\" referrerpolicy=\"strict-origin-when-cross-origin\" allowfullscreen><\/iframe>\n<\/div><\/figure>\n\n\n\n<p class=\"wp-block-paragraph\">Si bien no pudo girar este mi\u00e9rcoles, Fenestraz revel\u00f3 que se llevar\u00e1n varios juegos nuevos de neum\u00e1ticos para probar en la primera fecha: <strong>\u201cCreo que lo bueno de todo, de cierta forma, es que vamos a estar en las mismas circunstancias para la primera carrera, todos nos llevamos 3 juegos de gomas de esta prueba para la primera carrera, lo que nos va a facilitar la comparaci\u00f3n con el resto en las primeras tandas. Pero s\u00ed que me hubiera gustado manejar hoy, porque me falta esa confianza y esa experiencia despu\u00e9s de dos a\u00f1os y medio sin manejar el auto. Las cosas se dieron as\u00ed y veremos c\u00f3mo encarar el primer fin de semana, pero, como ya lo dije en un par de entrevistas, lo m\u00e1s importante es reconstruir la confianza e ir de menos a m\u00e1s y tratar de tener una buena temporada en general\u201d.<\/strong><\/p>\n\n\n\n<p class=\"wp-block-paragraph\">Ante la pregunta de este medio sobre si cuenta con un ingeniero que hable ingl\u00e9s en el <strong>Tom\u2019s Racing<\/strong> para comunicarse, Sacha dijo: <strong>\u201cEn Super GT es que no tengo ingeniero que hable ingl\u00e9s, tuvimos pruebas la semana pasada y se complica porque no habla mucho el ingl\u00e9s. En Super F\u00f3rmula no pasa nada porque mi ingeniero habla bien ingl\u00e9s, ya hab\u00eda trabajado con \u00e9l en Tom\u2019s con (Ryo) Hirakawa y con (Ritomo) Miyata, nos conocemos bien y no es un problema\u201d.<\/strong><\/p>\n\n\n\n<p class=\"wp-block-paragraph\">Otro t\u00f3pico importante de cara a la temporada 2025 en S\u00faper F\u00f3rmula es el cambio de formato con m\u00e1s eventos dobles. Para el piloto criado en C\u00f3rdoba, esto es un beneficio: <strong>\u201cLa verdad es que, para m\u00ed, cuanto m\u00e1s manejo, m\u00e1s feliz estoy, como piloto siempre quer\u00e9s estar manejando y corriendo. Para m\u00ed es mejor, f\u00edsicamente es m\u00e1s dif\u00edcil, obviamente que es un auto muy f\u00edsico, las carreras son un poco largas, creo que va a estar bueno, me va a dar oportunidad de acostumbrarme de nuevo al auto, as\u00ed que va a ser interesante. Creo que van a ser fines de semana importantes para tener buena performance y poder sumar puntos\u201d.<\/strong><\/p>\n\n\n\n<figure class=\"wp-block-image size-large\"><img decoding=\"async\" src=\"https:\/\/grandepremio.com\/cdn-cgi\/image\/width=893,height=558,fit=contain,gravity=0.5x0.5,quality=75,format=webp\/es\/wp-content\/uploads\/2025\/02\/Gj_QzOCWsAAj8xs-1024x683.jpg\" alt=\"\" class=\"wp-image-315401\"\/><figcaption class=\"wp-element-caption\">Sacha Fenestraz vuelve a Jap\u00f3n en 2025 con doble programa. (Foto: Reproducci\u00f3n)<\/figcaption><\/figure>\n\n\n\n<p class=\"wp-block-paragraph\">Por \u00faltimo, Fenestraz habl\u00f3 sobre su alegr\u00eda de volver a manejar el<strong> Toyota Supra<\/strong> de la clase <strong>GT500 <\/strong>en las pruebas de neum\u00e1ticos de <strong>Super GT<\/strong>: <strong>\u201cLa verdad es que estoy muy contento, y, tambi\u00e9n, de cierta forma, estar con otro equipo que no es el Tom\u2019s, porque todos los a\u00f1os que hice SuperGT (Se refiere a GT500) fueron con ellos, es un cambio bastante importante porque cambia la forma en que el equipo trabaja. En Tom\u2019s son dos autos y compart\u00edamos la adquisici\u00f3n de datos todo el tiempo y la puesta a punto, por m\u00e1s que en Toyota compartimos todo, ciertas cosas, no. Por suerte, conozco bien a mi compa\u00f1ero, Yuhi (Sekiguchi), ya corr\u00ed con \u00e9l y habla bien ingl\u00e9s, es muy positivo, tenemos un estilo de manejo similar y eso ayuda en la puesta a punto. La semana pasada estuvimos probando y nos toca la semana que viene, y despu\u00e9s a encarar la temporada\u201d.<\/strong><\/p>\n\n\n\n<p class=\"wp-block-paragraph\">\u23e9&nbsp;<strong><em>\u00a1Seguinos en redes por&nbsp;<\/em><\/strong><a href=\"https:\/\/twitter.com\/grandepremioES\"><em>Twitter&nbsp;<\/em><\/a><strong><em>e&nbsp;<\/em><\/strong><a href=\"https:\/\/www.instagram.com\/grandepremioes\/\"><em>Instagram!<\/em><\/a><br>\u23e9&nbsp;<strong><em>Adem\u00e1s, tenemos nuestro&nbsp;<\/em><\/strong><a href=\"https:\/\/whatsapp.com\/channel\/0029VaDZ5zb0gcfDxuwxBM05\"><em>canal de Whatsapp<\/em><\/a><strong><em>&nbsp;con toda la informaci\u00f3n al instante<\/em><\/strong>&nbsp;\ud83c\udfc1<\/p>\n\n\n\n<p class=\"wp-block-paragraph\">La S\u00faper F\u00f3rmula volver\u00e1 a pista para la primera fecha del campeonato, del 7 al 9 de marzo en Suzuka, que ser\u00e1 con dos carreras durante el fin de semana. Cobertura de GRANDE PREMIO. &nbsp;<\/p>\n","protected":false},"excerpt":{"rendered":"<p>Sacha Fenestraz dialog\u00f3 mano a mano con GRANDE PREMIO despu\u00e9s de la cancelaci\u00f3n de la segunda jornada de pruebas de la S\u00faper F\u00f3rmula en Suzuka a causa de la nieve y coment\u00f3 que quiere seguir girando para recuperar la confianza en el manejo del auto del Tom\u2019s Racing. <\/p>\n","protected":false},"author":0,"featured_media":1010315398,"comment_status":"closed","ping_status":"closed","sticky":false,"template":"","format":"standard","meta":{"42wp_featured_image_caption":"","42wp_featured_image_credits":"","42wp_featured_video":"","42wp_featured_image_hidden":false,"42wp_authors_list":[],"footnotes":""},"categories":[45],"tags":[462,1488,6694,756,3007,7286,5562,3484,10295,11782],"42wp_author":[14237],"class_list":["post-9141","post","type-post","status-publish","format-standard","has-post-thumbnail","hentry","category-super-formula","tag-formula-e","tag-grande-premio","tag-gt500","tag-nissan","tag-sacha-fenestraz","tag-super-formula-2","tag-super-gt","tag-suzuka","tag-toms-racing","tag-toyota-supra","42wp_author-gabriel-garcia"],"_links":{"self":[{"href":"https:\/\/grandepremio.com\/es\/wp-json\/wp\/v2\/posts\/9141","targetHints":{"allow":["GET"]}}],"collection":[{"href":"https:\/\/grandepremio.com\/es\/wp-json\/wp\/v2\/posts"}],"about":[{"href":"https:\/\/grandepremio.com\/es\/wp-json\/wp\/v2\/types\/post"}],"replies":[{"embeddable":true,"href":"https:\/\/grandepremio.com\/es\/wp-json\/wp\/v2\/comments?post=9141"}],"version-history":[{"count":0,"href":"https:\/\/grandepremio.com\/es\/wp-json\/wp\/v2\/posts\/9141\/revisions"}],"wp:featuredmedia":[{"embeddable":true,"href":"https:\/\/grandepremio.com\/es\/wp-json\/wp\/v2\/media\/1010315398"}],"wp:attachment":[{"href":"https:\/\/grandepremio.com\/es\/wp-json\/wp\/v2\/media?parent=9141"}],"wp:term":[{"taxonomy":"category","embeddable":true,"href":"https:\/\/grandepremio.com\/es\/wp-json\/wp\/v2\/categories?post=9141"},{"taxonomy":"post_tag","embeddable":true,"href":"https:\/\/grandepremio.com\/es\/wp-json\/wp\/v2\/tags?post=9141"},{"taxonomy":"42wp_author","embeddable":true,"href":"https:\/\/grandepremio.com\/es\/wp-json\/wp\/v2\/42wp_author?post=9141"}],"curies":[{"name":"wp","href":"https:\/\/api.w.org\/{rel}","templated":true}]}}