{"id":9155,"date":"2025-02-19T08:00:00","date_gmt":"2025-02-19T11:00:00","guid":{"rendered":"https:\/\/grandepremio.com\/es\/2025\/02\/19\/perrone-completa-primera-jornada-pretemporada-moto3-tech3-jerez\/"},"modified":"2025-02-19T08:48:18","modified_gmt":"2025-02-19T11:48:18","slug":"perrone-completa-primera-jornada-pretemporada-moto3-tech3-jerez","status":"publish","type":"post","link":"https:\/\/grandepremio.com\/es\/motociclismo\/perrone-completa-primera-jornada-pretemporada-moto3-tech3-jerez\/","title":{"rendered":"Perrone completa primera jornada de pretemporada de Moto3 con Tech3 en Jerez"},"content":{"rendered":"\n<p class=\"wp-block-paragraph\"><strong>Valent\u00edn Perrone<\/strong> cumpli\u00f3 este martes su primer compromiso oficial de <strong>Moto3<\/strong> tras ser <a href=\"https:\/\/grandepremio.com\/es\/motociclismo\/ktm-tech3-confirma-valentin-perrone-moto3-dos-temporadas\/\">confirmado para disputar las <strong>temporadas 2025<\/strong> y <strong>2026<\/strong> con <strong>Tech3<\/strong><\/a>. En el circuito de <strong>Jerez<\/strong>, el argentino particip\u00f3 de las tres sesiones de entrenamientos de pretemporada luego de una <a href=\"https:\/\/grandepremio.com\/es\/motociclismo\/perrone-completa-dos-jornadas-ensayos-moto3-portimao\/\">primera salida a pista en <strong>Portimao<\/strong> con la <strong>KTM<\/strong><\/a> del equipo la semana pasada, como parte de un ensayo privado.<\/p>\n\n\n\n<p class=\"wp-block-paragraph\">La primera sesi\u00f3n de la ma\u00f1ana comenz\u00f3 con Valent\u00edn ubicado en el puesto 11 entre los 26 representantes de la categor\u00eda presentes en <strong>Jerez de la Frontera<\/strong>. El piloto nacido en <strong>Barcelona<\/strong>, pero nacionalizado argentino, marc\u00f3 un tiempo de <strong>1min46s060<\/strong> en la vuelta 27, la \u00faltima de todos los giros completados en la primera tanda. Con este registro, finaliz\u00f3 a <strong>1s117<\/strong> de la mejor marca cronometrada por el espa\u00f1ol <strong>\u00c1ngel Piqueras<\/strong>.<\/p>\n\n\n\n<p class=\"wp-block-paragraph\">En la segunda salida a pista, Perrone mantuvo un plan de trabajo m\u00e1s conservador y, tras completar 19 vueltas al <strong>Circuito \u00c1ngel Nieto<\/strong>, se ubic\u00f3 en el puesto 22 con <strong>1min47s141<\/strong>. En este segundo compromiso del d\u00eda, el l\u00edder volvi\u00f3 a ser Piqueras marcando <strong>1min44s442<\/strong>.<\/p>\n\n\n\n<p class=\"wp-block-paragraph\">\ud83d\udfe5&nbsp;<strong><em>\u00a1Todas las novedades te esperan en el canal de&nbsp;<\/em><\/strong><a href=\"https:\/\/www.youtube.com\/@GrandePremioES\" target=\"_blank\" rel=\"noreferrer noopener\"><em>YouTube<\/em><\/a><strong><em>&nbsp;de Grande Pr\u00eamio en Espa\u00f1ol!<\/em><\/strong>&nbsp;\ud83d\udfe8<\/p>\n\n\n\n<figure class=\"wp-block-image size-large\"><img decoding=\"async\" src=\"https:\/\/grandepremio.com\/cdn-cgi\/image\/width=893,height=558,fit=contain,gravity=0.5x0.5,quality=75,format=webp\/es\/wp-content\/uploads\/2025\/02\/GXwz0urWAAE_RuE-1024x683.jpeg\" alt=\"\" class=\"wp-image-315331\"\/><figcaption class=\"wp-element-caption\">Perrone llega a Moto3 tras participar de la Red Bull Rookies Cup y la European Talent Cup. (Foto: KTM)<\/figcaption><\/figure>\n\n\n\n<p class=\"wp-block-paragraph\">\u23e9\u00a0<em><strong>\u00a1Seguinos en redes por\u00a0<\/strong><\/em><a href=\"https:\/\/twitter.com\/grandepremioES\" target=\"_blank\" rel=\"noreferrer noopener\"><em>Twitter\u00a0<\/em><\/a><em><strong>e\u00a0<\/strong><\/em><a href=\"https:\/\/www.instagram.com\/grandepremioes\/\" target=\"_blank\" rel=\"noreferrer noopener\"><em>Instagram!<\/em><\/a><br><strong>\u23e9<\/strong>\u00a0<em><strong>Adem\u00e1s, tenemos nuestro\u00a0<\/strong><\/em><a href=\"https:\/\/whatsapp.com\/channel\/0029VaDZ5zb0gcfDxuwxBM05\" target=\"_blank\" rel=\"noreferrer noopener\"><em>canal de Whatsapp<\/em><\/a><em><strong>\u00a0con toda la informaci\u00f3n al instante<\/strong><\/em>\u00a0\ud83c\udfc1<\/p>\n\n\n\n<p class=\"wp-block-paragraph\">Finalmente, la actividad del martes se complet\u00f3 con una tercera sesi\u00f3n en la que Valent\u00edn marc\u00f3 un tiempo de <strong>1min47s451<\/strong> que lo coloc\u00f3 en el puesto 21 y sumando un total de 15 vueltas m\u00e1s, para cerrar la jornada con un acumulado de 61 giros fundamentales para la adaptaci\u00f3n del argentino a la KTM de Moto3. En lo m\u00e1s alto, <strong>M\u00e1ximo Quiles<\/strong> domin\u00f3 la \u00faltima tanda con <strong>1min44s896<\/strong>.<\/p>\n\n\n\n<p class=\"wp-block-paragraph\">\u00abMuy contento con las sensaciones, hemos dado otro pasito\u00bb, coment\u00f3 a <em>Coraz\u00f3n de F1<\/em>. \u00abHe mejorado mucho, me sent\u00ed muy c\u00f3modo con la moto. El equipo s\u00faper bien, encantado de seguir trabajando con ellos\u00bb, concluy\u00f3.<\/p>\n\n\n\n<p class=\"wp-block-paragraph\">La actividad de la pretemporada de <strong>Moto3<\/strong> contin\u00faa este mi\u00e9rcoles y jueves con tres sesiones m\u00e1s cada d\u00eda, antes de iniciar la temporada junto a <strong>Moto2<\/strong> y <strong>MotoGP<\/strong> con el <strong>Gran Premio de Tailandia<\/strong> en <strong>Buriram <\/strong>del 28 de febrero al 2 de marzo.<\/p>\n\n\n\n<figure class=\"wp-block-embed is-type-video is-provider-youtube wp-block-embed-youtube wp-embed-aspect-16-9 wp-has-aspect-ratio\"><div class=\"wp-block-embed__wrapper\">\n<iframe loading=\"lazy\" title=\"\u00a1EN VIVO! SE LANZA LA F1 2025 Y SEGUIMOS EL SHOW MINUTO A MINUTO | [REACT]\" width=\"500\" height=\"281\" src=\"https:\/\/www.youtube.com\/embed\/6r_2NAMdxxk?feature=oembed\" frameborder=\"0\" allow=\"accelerometer; autoplay; clipboard-write; encrypted-media; gyroscope; picture-in-picture; web-share\" referrerpolicy=\"strict-origin-when-cross-origin\" allowfullscreen><\/iframe>\n<\/div><\/figure>\n","protected":false},"excerpt":{"rendered":"<p>El motociclista argentino particip\u00f3 de las tres sesiones del martes en el circuito espa\u00f1ol con la KTM del equipo Tech3, cumpliendo su primera actividad oficial en la categor\u00eda soporte de MotoGP.<\/p>\n","protected":false},"author":0,"featured_media":1010315332,"comment_status":"closed","ping_status":"closed","sticky":false,"template":"","format":"standard","meta":{"42wp_featured_image_caption":"","42wp_featured_image_credits":"","42wp_featured_video":"","42wp_featured_image_hidden":false,"42wp_authors_list":[],"footnotes":""},"categories":[27],"tags":[11778,764,1381,11777,1366,10847,10848],"42wp_author":[14240],"class_list":["post-9155","post","type-post","status-publish","format-standard","has-post-thumbnail","hentry","category-motociclismo","tag-angel-piqueras","tag-jerez","tag-ktm","tag-maximo-quiles","tag-moto3","tag-moto3-2025","tag-valentin-perrone","42wp_author-ignacio-bogado"],"_links":{"self":[{"href":"https:\/\/grandepremio.com\/es\/wp-json\/wp\/v2\/posts\/9155","targetHints":{"allow":["GET"]}}],"collection":[{"href":"https:\/\/grandepremio.com\/es\/wp-json\/wp\/v2\/posts"}],"about":[{"href":"https:\/\/grandepremio.com\/es\/wp-json\/wp\/v2\/types\/post"}],"replies":[{"embeddable":true,"href":"https:\/\/grandepremio.com\/es\/wp-json\/wp\/v2\/comments?post=9155"}],"version-history":[{"count":0,"href":"https:\/\/grandepremio.com\/es\/wp-json\/wp\/v2\/posts\/9155\/revisions"}],"wp:featuredmedia":[{"embeddable":true,"href":"https:\/\/grandepremio.com\/es\/wp-json\/wp\/v2\/media\/1010315332"}],"wp:attachment":[{"href":"https:\/\/grandepremio.com\/es\/wp-json\/wp\/v2\/media?parent=9155"}],"wp:term":[{"taxonomy":"category","embeddable":true,"href":"https:\/\/grandepremio.com\/es\/wp-json\/wp\/v2\/categories?post=9155"},{"taxonomy":"post_tag","embeddable":true,"href":"https:\/\/grandepremio.com\/es\/wp-json\/wp\/v2\/tags?post=9155"},{"taxonomy":"42wp_author","embeddable":true,"href":"https:\/\/grandepremio.com\/es\/wp-json\/wp\/v2\/42wp_author?post=9155"}],"curies":[{"name":"wp","href":"https:\/\/api.w.org\/{rel}","templated":true}]}}