{"id":9168,"date":"2025-02-18T19:32:59","date_gmt":"2025-02-18T22:32:59","guid":{"rendered":"https:\/\/grandepremio.com\/es\/2025\/02\/18\/alpine-repite-dosis-lanza-coche-decoracion-azul-rosa-f1-2025\/"},"modified":"2025-02-18T19:33:03","modified_gmt":"2025-02-18T22:33:03","slug":"alpine-repite-dosis-lanza-coche-decoracion-azul-rosa-f1-2025","status":"publish","type":"post","link":"https:\/\/grandepremio.com\/es\/f1\/alpine-repite-dosis-lanza-coche-decoracion-azul-rosa-f1-2025\/","title":{"rendered":"Alpine repite dosis y lanza un coche con decoraci\u00f3n azul y rosa para la F1 2025"},"content":{"rendered":"\n<p class=\"wp-block-paragraph\">En busca de la redenci\u00f3n, <strong>Alpine<\/strong> fue el quinto equipo en pintar el escenario del <strong>F175<\/strong>, el evento de presentaci\u00f3n colectiva organizado por la <strong>F\u00f3rmula 1<\/strong>. En la noche del martes en <strong>Londres<\/strong>, el equipo mantuvo los colores que han aparecido en los \u00faltimos a\u00f1os, pero en una relaci\u00f3n muy diferente entre s\u00ed para un equipo que intenta volver al buen camino.<\/p>\n\n\n\n<p class=\"wp-block-paragraph\">Alpine hab\u00eda anunciado previamente que el coche de la <strong>temporada 2025<\/strong> se llamar\u00eda <strong>A525<\/strong>. El color azul, mucho m\u00e1s metalizado que en a\u00f1os anteriores, se ha apoderado del lateral del coche, que tiene acentos rosas. Pero el rosa domina el frontal del coche franc\u00e9s.<\/p>\n\n\n\n<p class=\"wp-block-paragraph\">\u00abLa sensaci\u00f3n es incre\u00edble. Pierre y yo vamos con la cabeza rapada. Gracias a todos los que han venido, es un gran evento para abrir el a\u00f1o\u00bb, dijo el debutante <strong>Jack Doohan<\/strong>. <strong>Pierre Gasly<\/strong> se limit\u00f3 a hablar del cambio de look, ahora con nuevo peinado. \u00abMe he rapado el pelo y ahora tengo un nuevo look para la temporada de este a\u00f1o\u00bb, brome\u00f3. \u00ab\u00bfQu\u00e9 puedo decir? La misi\u00f3n es mejorar [el sexto puesto en el Campeonato de Constructores en 2024]\u00bb, dijo el jefe <strong>Oliver Oakes<\/strong>.<\/p>\n\n\n\n<p class=\"wp-block-paragraph\">\ud83d\udfe5&nbsp;<strong><em>\u00a1Todas las novedades te esperan en el canal de&nbsp;<\/em><\/strong><a href=\"https:\/\/www.youtube.com\/@GrandePremioES\"><em>YouTube<\/em><\/a><strong><em>&nbsp;de Grande Pr\u00eamio en Espa\u00f1ol!<\/em><\/strong>&nbsp;\ud83d\udfe8<\/p>\n\n\n\n<figure class=\"wp-block-image size-large\"><img decoding=\"async\" src=\"https:\/\/grandepremio.com\/cdn-cgi\/image\/width=893,height=558,fit=contain,gravity=0.5x0.5,quality=75,format=webp\/es\/wp-content\/uploads\/2025\/02\/GkGTGqwWQAATIXz-1024x683.jpg\" alt=\"\" class=\"wp-image-315117\"\/><figcaption class=\"wp-element-caption\">El Alpine A525 fue presentado en Londres en el \u00e1mbito del evento F175. (Foto: Alpine)<\/figcaption><\/figure>\n\n\n\n<p class=\"wp-block-paragraph\">\u23e9\u00a0<strong><em>\u00a1Seguinos en redes por\u00a0<\/em><\/strong><a href=\"https:\/\/twitter.com\/grandepremioES\"><em>Twitter\u00a0<\/em><\/a><strong><em>e\u00a0<\/em><\/strong><a href=\"https:\/\/www.instagram.com\/grandepremioes\/\"><em>Instagram!<\/em><\/a><br>\u23e9\u00a0<strong><em>Adem\u00e1s, tenemos nuestro\u00a0<\/em><\/strong><a href=\"https:\/\/whatsapp.com\/channel\/0029VaDZ5zb0gcfDxuwxBM05\"><em>canal de Whatsapp<\/em><\/a><strong><em>\u00a0con toda la informaci\u00f3n al instante<\/em><\/strong>\u00a0\ud83c\udfc1<\/p>\n\n\n\n<p class=\"wp-block-paragraph\">La escuadra francesa llega a 2025 desesperada por la estabilidad. Tras m\u00faltiples cambios de gesti\u00f3n en los \u00faltimos tres a\u00f1os, Alpine cuenta ahora con <strong>Flavio Briatore<\/strong> como consejero ejecutivo -y CEO de facto- y Oakes como jefe, cargos que no asumieron hasta mediados del a\u00f1o pasado. Adem\u00e1s, afrontan su \u00faltimo campeonato con sus propios motores <strong>Renault<\/strong>. A partir de 2026, el equipo ser\u00e1 cliente de <strong>Mercedes<\/strong>.<\/p>\n\n\n\n<p class=\"wp-block-paragraph\">En la alineaci\u00f3n de pilotos, una certeza y una gran duda. Gasly afronta su tercer a\u00f1o en el equipo y termin\u00f3 2024 en lo m\u00e1s alto, acumulando una serie de resultados positivos y logrando superar a su antiguo compa\u00f1ero Ocon. Mientras tanto, el otro asiento es la cara del caos. Jack Doohan, pupilo de Renault durante a\u00f1os, fue el elegido, pero la posterior llegada de Franco Colapinto como reserva y las numerosas muestras de favoritismo de Briatore hacia Colapinto plantean la duda de cu\u00e1nta cuerda tendr\u00e1 Doohan.<\/p>\n\n\n\n<p class=\"wp-block-paragraph\">Alpine es uno de los pocos equipos que a\u00fan no ha anunciado una fecha para su presentaci\u00f3n privada m\u00e1s all\u00e1 de la F1.<\/p>\n\n\n\n<p class=\"wp-block-paragraph\">La&nbsp;<strong><a href=\"https:\/\/es.grandepremio.com\/f1\/\" target=\"_blank\" rel=\"noreferrer noopener\"><\/a><a href=\"https:\/\/es.grandepremio.com\/f1\/\" target=\"_blank\" rel=\"noreferrer noopener\"><\/a><a href=\"https:\/\/es.grandepremio.com\/f1\/\" target=\"_blank\" rel=\"noreferrer noopener\"><\/a><a href=\"https:\/\/es.grandepremio.com\/f1\/\" target=\"_blank\" rel=\"noreferrer noopener\"><\/a><a href=\"https:\/\/es.grandepremio.com\/f1\/\" target=\"_blank\" rel=\"noreferrer noopener\"><\/a><a href=\"https:\/\/es.grandepremio.com\/f1\/\" target=\"_blank\" rel=\"noreferrer noopener\"><\/a><a href=\"https:\/\/es.grandepremio.com\/f1\/\" target=\"_blank\" rel=\"noreferrer noopener\"><\/a><a href=\"https:\/\/es.grandepremio.com\/f1\/\" target=\"_blank\" rel=\"noreferrer noopener\"><\/a><a href=\"https:\/\/es.grandepremio.com\/f1\/\" target=\"_blank\" rel=\"noreferrer noopener\"><\/a><a href=\"https:\/\/es.grandepremio.com\/f1\/\" target=\"_blank\" rel=\"noreferrer noopener\"><\/a><a href=\"https:\/\/es.grandepremio.com\/f1\/\" target=\"_blank\" rel=\"noreferrer noopener\"><\/a><a href=\"https:\/\/es.grandepremio.com\/f1\/\" target=\"_blank\" rel=\"noreferrer noopener\"><\/a><a href=\"https:\/\/es.grandepremio.com\/f1\/\" target=\"_blank\" rel=\"noreferrer noopener\"><\/a><a href=\"https:\/\/es.grandepremio.com\/f1\/\" target=\"_blank\" rel=\"noreferrer noopener\"><\/a><a href=\"https:\/\/es.grandepremio.com\/f1\/\" target=\"_blank\" rel=\"noreferrer noopener\"><\/a><a href=\"https:\/\/es.grandepremio.com\/f1\/\" target=\"_blank\" rel=\"noreferrer noopener\"><\/a><a href=\"https:\/\/es.grandepremio.com\/f1\/\" target=\"_blank\" rel=\"noreferrer noopener\"><\/a><a href=\"https:\/\/es.grandepremio.com\/f1\/\" target=\"_blank\" rel=\"noreferrer noopener\"><\/a><a href=\"https:\/\/es.grandepremio.com\/f1\/\" target=\"_blank\" rel=\"noreferrer noopener\"><\/a><a href=\"https:\/\/es.grandepremio.com\/f1\/\" target=\"_blank\" rel=\"noreferrer noopener\"><\/a><a href=\"https:\/\/es.grandepremio.com\/f1\/\" target=\"_blank\" rel=\"noreferrer noopener\"><\/a><a href=\"https:\/\/es.grandepremio.com\/f1\/\" target=\"_blank\" rel=\"noreferrer noopener\"><\/a><a href=\"https:\/\/es.grandepremio.com\/f1\/\" target=\"_blank\" rel=\"noreferrer noopener\"><\/a><a href=\"https:\/\/es.grandepremio.com\/f1\/\" target=\"_blank\" rel=\"noreferrer noopener\"><\/a><a href=\"https:\/\/es.grandepremio.com\/f1\/\" target=\"_blank\" rel=\"noreferrer noopener\"><\/a><a href=\"https:\/\/es.grandepremio.com\/f1\/\" target=\"_blank\" rel=\"noreferrer noopener\">F\u00f3rmula 1<\/a><\/strong>&nbsp;se encuentra de vacaciones y volver\u00e1 para las pruebas de pretemporada, previstas en&nbsp;<strong>Bahr\u00e9in&nbsp;<\/strong>entre el 26 y el 28 de febrero. La temporada 2025 comienza con el&nbsp;<strong>Gran Premio de Australia<\/strong>, del 14 al 16 de marzo.<\/p>\n\n\n\n<figure class=\"wp-block-embed is-type-video is-provider-youtube wp-block-embed-youtube wp-embed-aspect-16-9 wp-has-aspect-ratio\"><div class=\"wp-block-embed__wrapper\">\n<iframe loading=\"lazy\" title=\"\u00a1EN VIVO! SE LANZA LA F1 2025 Y SEGUIMOS EL SHOW MINUTO A MINUTO | [REACT]\" width=\"500\" height=\"281\" src=\"https:\/\/www.youtube.com\/embed\/6r_2NAMdxxk?feature=oembed\" frameborder=\"0\" allow=\"accelerometer; autoplay; clipboard-write; encrypted-media; gyroscope; picture-in-picture; web-share\" referrerpolicy=\"strict-origin-when-cross-origin\" allowfullscreen><\/iframe>\n<\/div><\/figure>\n","protected":false},"excerpt":{"rendered":"<p>Alpine ha mostrado la cara del A525, el coche para la temporada 2025. En la pista, contar\u00e1 con Pierre Gasly y Jack Doohan como titulares. Al menos para empezar el a\u00f1o.<\/p>\n","protected":false},"author":0,"featured_media":1010315118,"comment_status":"closed","ping_status":"closed","sticky":false,"template":"","format":"standard","meta":{"42wp_featured_image_caption":"","42wp_featured_image_credits":"","42wp_featured_video":"","42wp_featured_image_hidden":false,"42wp_authors_list":[],"footnotes":""},"categories":[5],"tags":[678,1710,11774,179,1011,10593,427,210],"42wp_author":[14240],"class_list":["post-9168","post","type-post","status-publish","format-standard","has-post-thumbnail","hentry","category-f1","tag-alpine","tag-f1-2025","tag-flavio-dorna","tag-formula-1","tag-jack-doohan","tag-oliver-oakes","tag-pierre-gasly","tag-renault","42wp_author-ignacio-bogado"],"_links":{"self":[{"href":"https:\/\/grandepremio.com\/es\/wp-json\/wp\/v2\/posts\/9168","targetHints":{"allow":["GET"]}}],"collection":[{"href":"https:\/\/grandepremio.com\/es\/wp-json\/wp\/v2\/posts"}],"about":[{"href":"https:\/\/grandepremio.com\/es\/wp-json\/wp\/v2\/types\/post"}],"replies":[{"embeddable":true,"href":"https:\/\/grandepremio.com\/es\/wp-json\/wp\/v2\/comments?post=9168"}],"version-history":[{"count":0,"href":"https:\/\/grandepremio.com\/es\/wp-json\/wp\/v2\/posts\/9168\/revisions"}],"wp:featuredmedia":[{"embeddable":true,"href":"https:\/\/grandepremio.com\/es\/wp-json\/wp\/v2\/media\/1010315118"}],"wp:attachment":[{"href":"https:\/\/grandepremio.com\/es\/wp-json\/wp\/v2\/media?parent=9168"}],"wp:term":[{"taxonomy":"category","embeddable":true,"href":"https:\/\/grandepremio.com\/es\/wp-json\/wp\/v2\/categories?post=9168"},{"taxonomy":"post_tag","embeddable":true,"href":"https:\/\/grandepremio.com\/es\/wp-json\/wp\/v2\/tags?post=9168"},{"taxonomy":"42wp_author","embeddable":true,"href":"https:\/\/grandepremio.com\/es\/wp-json\/wp\/v2\/42wp_author?post=9168"}],"curies":[{"name":"wp","href":"https:\/\/api.w.org\/{rel}","templated":true}]}}