{"id":9169,"date":"2025-02-18T18:44:55","date_gmt":"2025-02-18T21:44:55","guid":{"rendered":"https:\/\/grandepremio.com\/es\/2025\/02\/18\/haas-opta-tradicional-blanco-negro-librea-f1-2025\/"},"modified":"2025-02-18T18:45:01","modified_gmt":"2025-02-18T21:45:01","slug":"haas-opta-tradicional-blanco-negro-librea-f1-2025","status":"publish","type":"post","link":"https:\/\/grandepremio.com\/es\/f1\/haas-opta-tradicional-blanco-negro-librea-f1-2025\/","title":{"rendered":"Haas opta por el tradicional blanco y negro y hace oficial la librea del F1 de 2025"},"content":{"rendered":"\n<p class=\"wp-block-paragraph\"><strong>Haas<\/strong>, el s\u00e9ptimo clasificado en el <strong>Campeonato de Constructores 2024<\/strong>, fue el cuarto equipo en presentarse en el <strong>O2 Arena<\/strong> de <strong>Londres<\/strong> durante la <strong>F175<\/strong>, el evento colectivo de presentaci\u00f3n de equipos organizado por la <strong>F\u00f3rmula 1<\/strong> el martes. En la pr\u00e1ctica, el equipo confirm\u00f3 la librea que se hab\u00eda filtrado la semana pasada. Es el \u00fanico que lo ha hecho entre los diez de la parrilla.<\/p>\n\n\n\n<p class=\"wp-block-paragraph\">Haas ya hab\u00eda anunciado el nombre del coche de <strong>2025<\/strong>, el <strong>VF-25<\/strong>. El esquema de colores es el tradicional, con los habituales blanco y negro, adem\u00e1s de m\u00e1s rojo. Una especie de tricolor, con un pico bastante corpulento.<\/p>\n\n\n\n<p class=\"wp-block-paragraph\">\u00abHa sido incre\u00edble conducir el coche por primera vez. Estoy feliz de estar aqu\u00ed esta noche, para mostrar esta hermosa librea. Preciosa, espero que sea igual de r\u00e1pida en la pista. Estoy deseando que llegue Bahr\u00e9in\u00bb, dijo <strong>Esteban Ocon<\/strong>. \u00abEstoy impaciente [por empezar la primera temporada completa]. El a\u00f1o pasado lo prob\u00e9 un poco, pero ahora va a ser un poco m\u00e1s. Tengo muchas ganas, sobre todo de correr en Silverstone delante de mi p\u00fablico\u00bb, a\u00f1adi\u00f3 <strong>Oliver Bearman<\/strong>.<\/p>\n\n\n\n<p class=\"wp-block-paragraph\">\u00abEstamos creando una gran familia\u00bb, afirma el jefe <strong>Ayao Komatsu<\/strong>. Tenemos un buen viaje por delante. Hemos hecho algunos progresos, as\u00ed que creo que tambi\u00e9n podemos mejorar nuestro rendimiento a lo largo del a\u00f1o. Tendremos una nueva pareja de pilotos y espero que podamos evolucionar juntos para conseguir grandes cosas\u00bb, concluy\u00f3.<\/p>\n\n\n\n<p class=\"wp-block-paragraph\">\ud83d\udfe5&nbsp;<strong><em>\u00a1Todas las novedades te esperan en el canal de&nbsp;<\/em><\/strong><a href=\"https:\/\/www.youtube.com\/@GrandePremioES\"><em>YouTube<\/em><\/a><strong><em>&nbsp;de Grande Pr\u00eamio en Espa\u00f1ol!<\/em><\/strong>&nbsp;\ud83d\udfe8<\/p>\n\n\n\n<figure class=\"wp-block-image size-large\"><img decoding=\"async\" src=\"https:\/\/grandepremio.com\/cdn-cgi\/image\/width=893,height=558,fit=contain,gravity=0.5x0.5,quality=75,format=webp\/es\/wp-content\/uploads\/2025\/02\/GkGQwH4XoAAI8_G-1024x683.jpg\" alt=\"\" class=\"wp-image-315110\"\/><figcaption class=\"wp-element-caption\">El dise\u00f1o del VF-25 ya hab\u00eda sido filtrado en un test privado en Silverstone. (Foto: Haas)<\/figcaption><\/figure>\n\n\n\n<p class=\"wp-block-paragraph\">\u23e9\u00a0<strong><em>\u00a1Seguinos en redes por\u00a0<\/em><\/strong><a href=\"https:\/\/twitter.com\/grandepremioES\"><em>Twitter\u00a0<\/em><\/a><strong><em>e\u00a0<\/em><\/strong><a href=\"https:\/\/www.instagram.com\/grandepremioes\/\"><em>Instagram!<\/em><\/a><br>\u23e9\u00a0<strong><em>Adem\u00e1s, tenemos nuestro\u00a0<\/em><\/strong><a href=\"https:\/\/whatsapp.com\/channel\/0029VaDZ5zb0gcfDxuwxBM05\"><em>canal de Whatsapp<\/em><\/a><strong><em>\u00a0con toda la informaci\u00f3n al instante<\/em><\/strong>\u00a0\ud83c\udfc1<\/p>\n\n\n\n<p class=\"wp-block-paragraph\">Pocas veces en su d\u00e9cada de historia Haas ha abierto una temporada con una nota tan positiva. El a\u00f1o pasado fue un paso adelante, impulsado por el cambio en la direcci\u00f3n: Guenther Steiner fuera, Komatsu dentro.<\/p>\n\n\n\n<p class=\"wp-block-paragraph\">Eso no quiere decir que todo siga igual: la alineaci\u00f3n de pilotos ha cambiado por completo. <strong>Nico H\u00fclkenberg<\/strong> fue seducido por el proyecto <strong>Audi<\/strong>, mientras que <strong>Kevin Magnussen<\/strong> fue despedido. Entran Ocon, ganador de una carrera en el Campeonato del Mundo, y el novato Bearman, que particip\u00f3 en algunas carreras el a\u00f1o pasado tanto para Haas, cuando Magnussen fue suspendido, como para <strong>Ferrari<\/strong>, de quien es pupilo, tras la apendicitis de <strong>Carlos Sainz<\/strong>.<\/p>\n\n\n\n<p class=\"wp-block-paragraph\">Haas anunci\u00f3 una presentaci\u00f3n privada para hoy, pero sali\u00f3 a la pista con el VF-25 el domingo en <strong>Silverstone<\/strong>. El acto se celebr\u00f3 a puerta cerrada, pero algunas personas filtraron fotos desconociendo los planes de la escuder\u00eda estadounidense. Ocon estuvo presente en la actividad.<\/p>\n\n\n\n<p class=\"wp-block-paragraph\">La&nbsp;<strong><a href=\"https:\/\/es.grandepremio.com\/f1\/\" target=\"_blank\" rel=\"noreferrer noopener\"><\/a><a href=\"https:\/\/es.grandepremio.com\/f1\/\" target=\"_blank\" rel=\"noreferrer noopener\"><\/a><a href=\"https:\/\/es.grandepremio.com\/f1\/\" target=\"_blank\" rel=\"noreferrer noopener\"><\/a><a href=\"https:\/\/es.grandepremio.com\/f1\/\" target=\"_blank\" rel=\"noreferrer noopener\"><\/a><a href=\"https:\/\/es.grandepremio.com\/f1\/\" target=\"_blank\" rel=\"noreferrer noopener\"><\/a><a href=\"https:\/\/es.grandepremio.com\/f1\/\" target=\"_blank\" rel=\"noreferrer noopener\"><\/a><a href=\"https:\/\/es.grandepremio.com\/f1\/\" target=\"_blank\" rel=\"noreferrer noopener\"><\/a><a href=\"https:\/\/es.grandepremio.com\/f1\/\" target=\"_blank\" rel=\"noreferrer noopener\"><\/a><a href=\"https:\/\/es.grandepremio.com\/f1\/\" target=\"_blank\" rel=\"noreferrer noopener\"><\/a><a href=\"https:\/\/es.grandepremio.com\/f1\/\" target=\"_blank\" rel=\"noreferrer noopener\"><\/a><a href=\"https:\/\/es.grandepremio.com\/f1\/\" target=\"_blank\" rel=\"noreferrer noopener\"><\/a><a href=\"https:\/\/es.grandepremio.com\/f1\/\" target=\"_blank\" rel=\"noreferrer noopener\"><\/a><a href=\"https:\/\/es.grandepremio.com\/f1\/\" target=\"_blank\" rel=\"noreferrer noopener\"><\/a><a href=\"https:\/\/es.grandepremio.com\/f1\/\" target=\"_blank\" rel=\"noreferrer noopener\"><\/a><a href=\"https:\/\/es.grandepremio.com\/f1\/\" target=\"_blank\" rel=\"noreferrer noopener\"><\/a><a href=\"https:\/\/es.grandepremio.com\/f1\/\" target=\"_blank\" rel=\"noreferrer noopener\"><\/a><a href=\"https:\/\/es.grandepremio.com\/f1\/\" target=\"_blank\" rel=\"noreferrer noopener\"><\/a><a href=\"https:\/\/es.grandepremio.com\/f1\/\" target=\"_blank\" rel=\"noreferrer noopener\"><\/a><a href=\"https:\/\/es.grandepremio.com\/f1\/\" target=\"_blank\" rel=\"noreferrer noopener\"><\/a><a href=\"https:\/\/es.grandepremio.com\/f1\/\" target=\"_blank\" rel=\"noreferrer noopener\"><\/a><a href=\"https:\/\/es.grandepremio.com\/f1\/\" target=\"_blank\" rel=\"noreferrer noopener\"><\/a><a href=\"https:\/\/es.grandepremio.com\/f1\/\" target=\"_blank\" rel=\"noreferrer noopener\"><\/a><a href=\"https:\/\/es.grandepremio.com\/f1\/\" target=\"_blank\" rel=\"noreferrer noopener\"><\/a><a href=\"https:\/\/es.grandepremio.com\/f1\/\" target=\"_blank\" rel=\"noreferrer noopener\"><\/a><a href=\"https:\/\/es.grandepremio.com\/f1\/\" target=\"_blank\" rel=\"noreferrer noopener\"><\/a><a href=\"https:\/\/es.grandepremio.com\/f1\/\" target=\"_blank\" rel=\"noreferrer noopener\">F\u00f3rmula 1<\/a><\/strong>&nbsp;se encuentra de vacaciones y volver\u00e1 para las pruebas de pretemporada, previstas en&nbsp;<strong>Bahr\u00e9in&nbsp;<\/strong>entre el 26 y el 28 de febrero. La temporada 2025 comienza con el&nbsp;<strong>Gran Premio de Australia<\/strong>, del 14 al 16 de marzo.<\/p>\n\n\n\n<figure class=\"wp-block-embed is-type-video is-provider-youtube wp-block-embed-youtube wp-embed-aspect-16-9 wp-has-aspect-ratio\"><div class=\"wp-block-embed__wrapper\">\n<iframe loading=\"lazy\" title=\"FIA REPITE POL\u00c9MICA F\u00d3RMULA Y COQUETEA CON EL PAPEL\u00d3N EN F1\" width=\"500\" height=\"281\" src=\"https:\/\/www.youtube.com\/embed\/9-V1mn_83HM?feature=oembed\" frameborder=\"0\" allow=\"accelerometer; autoplay; clipboard-write; encrypted-media; gyroscope; picture-in-picture; web-share\" referrerpolicy=\"strict-origin-when-cross-origin\" allowfullscreen><\/iframe>\n<\/div><\/figure>\n","protected":false},"excerpt":{"rendered":"<p>Haas ha sido el cuarto equipo en lanzar el coche, el VF-25, sobre el F175. El equipo contar\u00e1 con Esteban Ocon y Oliver Bearman en el coche durante toda la temporada.<\/p>\n","protected":false},"author":0,"featured_media":1010315111,"comment_status":"closed","ping_status":"closed","sticky":false,"template":"","format":"standard","meta":{"42wp_featured_image_caption":"","42wp_featured_image_credits":"","42wp_featured_video":"","42wp_featured_image_hidden":false,"42wp_authors_list":[],"footnotes":""},"categories":[5],"tags":[9736,362,1710,179,414,430,486,3129,11754],"42wp_author":[14240],"class_list":["post-9169","post","type-post","status-publish","format-standard","has-post-thumbnail","hentry","category-f1","tag-ayao-komatsu","tag-esteban-ocon","tag-f1-2025","tag-formula-1","tag-haas","tag-kevin-magnussen","tag-nico-hulkenberg","tag-oliver-bearman","tag-vf-25","42wp_author-ignacio-bogado"],"_links":{"self":[{"href":"https:\/\/grandepremio.com\/es\/wp-json\/wp\/v2\/posts\/9169","targetHints":{"allow":["GET"]}}],"collection":[{"href":"https:\/\/grandepremio.com\/es\/wp-json\/wp\/v2\/posts"}],"about":[{"href":"https:\/\/grandepremio.com\/es\/wp-json\/wp\/v2\/types\/post"}],"replies":[{"embeddable":true,"href":"https:\/\/grandepremio.com\/es\/wp-json\/wp\/v2\/comments?post=9169"}],"version-history":[{"count":0,"href":"https:\/\/grandepremio.com\/es\/wp-json\/wp\/v2\/posts\/9169\/revisions"}],"wp:featuredmedia":[{"embeddable":true,"href":"https:\/\/grandepremio.com\/es\/wp-json\/wp\/v2\/media\/1010315111"}],"wp:attachment":[{"href":"https:\/\/grandepremio.com\/es\/wp-json\/wp\/v2\/media?parent=9169"}],"wp:term":[{"taxonomy":"category","embeddable":true,"href":"https:\/\/grandepremio.com\/es\/wp-json\/wp\/v2\/categories?post=9169"},{"taxonomy":"post_tag","embeddable":true,"href":"https:\/\/grandepremio.com\/es\/wp-json\/wp\/v2\/tags?post=9169"},{"taxonomy":"42wp_author","embeddable":true,"href":"https:\/\/grandepremio.com\/es\/wp-json\/wp\/v2\/42wp_author?post=9169"}],"curies":[{"name":"wp","href":"https:\/\/api.w.org\/{rel}","templated":true}]}}