{"id":9221,"date":"2025-02-15T11:49:33","date_gmt":"2025-02-15T14:49:33","guid":{"rendered":"https:\/\/grandepremio.com\/es\/2025\/02\/15\/williams-dice-sainz-contento-pidio-equilibrio-fw47\/"},"modified":"2025-02-15T11:49:38","modified_gmt":"2025-02-15T14:49:38","slug":"williams-dice-sainz-contento-pidio-equilibrio-fw47","status":"publish","type":"post","link":"https:\/\/grandepremio.com\/es\/f1\/williams-dice-sainz-contento-pidio-equilibrio-fw47\/","title":{"rendered":"Williams dice que Sainz est\u00e1 contento, pero pidi\u00f3 \u00abm\u00e1s equilibrio\u00bb en el FW47"},"content":{"rendered":"\n<p class=\"wp-block-paragraph\">Hace pocas horas que se desvel\u00f3 el <strong>FW47 <\/strong>de <strong>Williams <\/strong>para la <strong>F1 2025<\/strong>, aunque no su dise\u00f1o, que ser\u00e1 presentado el martes en el <strong>O2 Arena<\/strong> de Londres, en el evento colectivo con el resto de las escuder\u00edas de la categor\u00eda, pero <strong>Carlos Sainz<\/strong> ya ha dado sus primeras devoluciones sobre el auto.<\/p>\n\n\n\n<p class=\"wp-block-paragraph\">\ud83d\udfe5&nbsp;<strong><em>\u00a1Todas las novedades te esperan en el canal de&nbsp;<\/em><\/strong><a href=\"https:\/\/www.youtube.com\/@GrandePremioES\"><em>YouTube<\/em><\/a><strong><em>&nbsp;de Grande Pr\u00eamio en Espa\u00f1ol!<\/em><\/strong>&nbsp;\ud83d\udfe8<\/p>\n\n\n\n<p class=\"wp-block-paragraph\">Y es que el espa\u00f1ol, que llega proveniente desde <strong>Ferrari<\/strong>, hizo un Shakedown para asegurarse que todo est\u00e1 en orden y dijo que pretende m\u00e1s equilibrio en el auto, seg\u00fan ha revelado <strong>James Vowles<\/strong>, el jefe del equipo de <strong>Grove<\/strong>. El directivo piensa que Carlos le puede dar un salto de calidad en el rendimiento a un coche que ha sido bastante problem\u00e1tico en 2024.<\/p>\n\n\n\n<p class=\"wp-block-paragraph\">Vowles habl\u00f3 despu\u00e9s de las vueltas de prueba en <strong>Silverstone<\/strong> sobre los comentarios de Sainz: <strong>\u201cNo es tan sencillo como a\u00f1adir carga aerodin\u00e1mica, tambi\u00e9n se trata de equilibrar el coche. Pero tambi\u00e9n hay algunos peque\u00f1os elementos que quiere mejorar, como las salidas y la sensaci\u00f3n dentro del cockpit\u201d.<\/strong><\/p>\n\n\n\n<figure class=\"wp-block-embed is-type-video is-provider-youtube wp-block-embed-youtube wp-embed-aspect-16-9 wp-has-aspect-ratio\"><div class=\"wp-block-embed__wrapper\">\n<iframe loading=\"lazy\" title=\"FIA REPITE POL\u00c9MICA F\u00d3RMULA Y COQUETEA CON EL PAPEL\u00d3N EN F1\" width=\"500\" height=\"281\" src=\"https:\/\/www.youtube.com\/embed\/9-V1mn_83HM?feature=oembed\" frameborder=\"0\" allow=\"accelerometer; autoplay; clipboard-write; encrypted-media; gyroscope; picture-in-picture; web-share\" referrerpolicy=\"strict-origin-when-cross-origin\" allowfullscreen><\/iframe>\n<\/div><\/figure>\n\n\n\n<p class=\"wp-block-paragraph\"><strong>\u201cEstaba contento con varios aspectos, como la estabilidad en frenada, pero nos pidi\u00f3 mejorar el equilibrio, especialmente en las curvas de alta velocidad. La buena noticia es que es un camino que ya est\u00e1bamos siguiendo\u201d<\/strong>, finaliz\u00f3 Vowles.<\/p>\n\n\n\n<p class=\"wp-block-paragraph\">Para este a\u00f1o, Williams buscar\u00e1 salir del 9\u00b0 puesto en el que finaliz\u00f3 el <strong>Mundial de Constructores<\/strong> de la F\u00f3rmula 1 en 2024 y escalar hasta liderar la zona media de la grilla. Adem\u00e1s de Sainz, <strong>Alexander Albon<\/strong> permanecer\u00e1 un a\u00f1o m\u00e1s en la escuder\u00eda.<\/p>\n\n\n\n<p class=\"wp-block-paragraph\">\u23e9&nbsp;<strong><em>\u00a1Seguinos en redes por&nbsp;<\/em><\/strong><a href=\"https:\/\/twitter.com\/grandepremioES\"><em>Twitter&nbsp;<\/em><\/a><strong><em>e&nbsp;<\/em><\/strong><a href=\"https:\/\/www.instagram.com\/grandepremioes\/\"><em>Instagram!<\/em><\/a><br>\u23e9&nbsp;<strong><em>Adem\u00e1s, tenemos nuestro&nbsp;<\/em><\/strong><a href=\"https:\/\/whatsapp.com\/channel\/0029VaDZ5zb0gcfDxuwxBM05\"><em>canal de Whatsapp<\/em><\/a><strong><em>&nbsp;con toda la informaci\u00f3n al instante<\/em><\/strong>&nbsp;\ud83c\udfc1<\/p>\n\n\n\n<p class=\"wp-block-paragraph\">La F\u00f3rmula 1 volver\u00e1 para las pruebas de pretemporada, previstas en Bahr\u00e9in entre el 26 y el 28 de febrero. La temporada 2025 comienza con el Gran Premio de Australia, del 14 al 16 de marzo.<\/p>\n","protected":false},"excerpt":{"rendered":"<p>El jefe de Williams, James Vowles, ha valorado la opini\u00f3n de Carlos Sainz y ha dicho que el espa\u00f1ol ha pedido m\u00e1s equilibrio en el FW47 para la temporada 2025 de F\u00f3rmula 1.<\/p>\n","protected":false},"author":0,"featured_media":1010314833,"comment_status":"closed","ping_status":"closed","sticky":false,"template":"","format":"standard","meta":{"42wp_featured_image_caption":"","42wp_featured_image_credits":"","42wp_featured_video":"","42wp_featured_image_hidden":false,"42wp_authors_list":[],"footnotes":""},"categories":[5],"tags":[293,302,1710,185,10680,2094,1799,1203,11669,480,204],"42wp_author":[14237],"class_list":["post-9221","post","type-post","status-publish","format-standard","has-post-thumbnail","hentry","category-f1","tag-alexander-albon","tag-carlos-sainz","tag-f1-2025","tag-ferrari","tag-fw47","tag-grove","tag-james-vowles","tag-mundial-de-constructores","tag-o2-arena","tag-silverstone","tag-williams","42wp_author-gabriel-garcia"],"_links":{"self":[{"href":"https:\/\/grandepremio.com\/es\/wp-json\/wp\/v2\/posts\/9221","targetHints":{"allow":["GET"]}}],"collection":[{"href":"https:\/\/grandepremio.com\/es\/wp-json\/wp\/v2\/posts"}],"about":[{"href":"https:\/\/grandepremio.com\/es\/wp-json\/wp\/v2\/types\/post"}],"replies":[{"embeddable":true,"href":"https:\/\/grandepremio.com\/es\/wp-json\/wp\/v2\/comments?post=9221"}],"version-history":[{"count":0,"href":"https:\/\/grandepremio.com\/es\/wp-json\/wp\/v2\/posts\/9221\/revisions"}],"wp:featuredmedia":[{"embeddable":true,"href":"https:\/\/grandepremio.com\/es\/wp-json\/wp\/v2\/media\/1010314833"}],"wp:attachment":[{"href":"https:\/\/grandepremio.com\/es\/wp-json\/wp\/v2\/media?parent=9221"}],"wp:term":[{"taxonomy":"category","embeddable":true,"href":"https:\/\/grandepremio.com\/es\/wp-json\/wp\/v2\/categories?post=9221"},{"taxonomy":"post_tag","embeddable":true,"href":"https:\/\/grandepremio.com\/es\/wp-json\/wp\/v2\/tags?post=9221"},{"taxonomy":"42wp_author","embeddable":true,"href":"https:\/\/grandepremio.com\/es\/wp-json\/wp\/v2\/42wp_author?post=9221"}],"curies":[{"name":"wp","href":"https:\/\/api.w.org\/{rel}","templated":true}]}}