{"id":9225,"date":"2025-02-14T16:44:28","date_gmt":"2025-02-14T19:44:28","guid":{"rendered":"https:\/\/grandepremio.com\/es\/2025\/02\/14\/honda-detalla-negociaciones-fallidas-red-bull-f1\/"},"modified":"2025-02-14T16:44:32","modified_gmt":"2025-02-14T19:44:32","slug":"honda-detalla-negociaciones-fallidas-red-bull-f1","status":"publish","type":"post","link":"https:\/\/grandepremio.com\/es\/f1\/honda-detalla-negociaciones-fallidas-red-bull-f1\/","title":{"rendered":"Honda detalla las negociaciones fallidas con Red Bull en F1 y revela inter\u00e9s de otros equipos"},"content":{"rendered":"\n<p class=\"wp-block-paragraph\">La <strong>F1 2025<\/strong> marcar\u00e1 el final de la asociaci\u00f3n de <strong>Honda<\/strong> y <strong>Red Bull<\/strong> en la <strong>F\u00f3rmula 1<\/strong>, que lleva cuatro t\u00edtulos mundiales de la mano de <strong>Max Verstappen<\/strong>, m\u00e1s otros tres de constructores en este per\u00edodo. A pesar de un retiro de la categor\u00eda, se ir\u00e1n con<strong> Aston Martin<\/strong> desde el a\u00f1o que viene.<\/p>\n\n\n\n<p class=\"wp-block-paragraph\">\ud83d\udfe5&nbsp;<strong><em>\u00a1Todas las novedades te esperan en el canal de&nbsp;<\/em><\/strong><a href=\"https:\/\/www.youtube.com\/@GrandePremioES\"><em>YouTube<\/em><\/a><strong><em>&nbsp;de Grande Pr\u00eamio en Espa\u00f1ol!<\/em><\/strong>&nbsp;\ud83d\udfe8<\/p>\n\n\n\n<p class=\"wp-block-paragraph\"><strong>Koji Watanabe<\/strong>, presidente de la divisi\u00f3n de competici\u00f3n de <strong>Honda<\/strong>, revel\u00f3 en una entrevista a la revista brit\u00e1nica <em>Autosport<\/em> que ambas partes hab\u00edan hablado sobre una posible ampliaci\u00f3n de la asociaci\u00f3n. Sin embargo, el equipo de <strong>Milton Keynes<\/strong> quer\u00eda producir sus propios motores, lo que hizo caer las negociaciones.<\/p>\n\n\n\n<p class=\"wp-block-paragraph\"><strong>\u201cDurante las conversaciones, tambi\u00e9n discutimos la posibilidad de que Red Bull hiciera el motor de combusti\u00f3n y nosotros las partes el\u00e9ctricas. Pero eso no habr\u00eda sido f\u00e1cil. As\u00ed que, al final, llegamos a la conclusi\u00f3n de que ser\u00eda imposible trabajar juntos de esta manera\u201d<\/strong>, revel\u00f3 Watanabe.<\/p>\n\n\n\n<p class=\"wp-block-paragraph\"><strong>\u201cCuando dejamos la F\u00f3rmula 1, Red Bull cre\u00f3 su propia empresa de motores. Eso b\u00e1sicamente no nos dej\u00f3 margen para continuar juntos\u201d<\/strong>, a\u00f1adi\u00f3 el directivo, que no ve\u00eda viable una continuidad de la fruct\u00edfera asociaci\u00f3n. \u00a0<\/p>\n\n\n\n<figure class=\"wp-block-embed is-type-video is-provider-youtube wp-block-embed-youtube wp-embed-aspect-16-9 wp-has-aspect-ratio\"><div class=\"wp-block-embed__wrapper\">\n<iframe loading=\"lazy\" title=\"\u00bfRUSSELL PUEDE SER EL HEREDERO DE HAMILTON EN MERCEDES?\" width=\"500\" height=\"281\" src=\"https:\/\/www.youtube.com\/embed\/ule6LTH8GB0?feature=oembed\" frameborder=\"0\" allow=\"accelerometer; autoplay; clipboard-write; encrypted-media; gyroscope; picture-in-picture; web-share\" referrerpolicy=\"strict-origin-when-cross-origin\" allowfullscreen><\/iframe>\n<\/div><\/figure>\n\n\n\n<p class=\"wp-block-paragraph\">Watanabe tambi\u00e9n revel\u00f3 que hab\u00eda estado en contacto con otros equipos de la parrilla que estaban interesados en firmar un acuerdo con el fabricante japon\u00e9s para permanecer como proveedora de motores en la categor\u00eda, que se termin\u00f3 decantando por la escuder\u00eda de <strong>Lawrence Stroll<\/strong>.<\/p>\n\n\n\n<p class=\"wp-block-paragraph\"><strong>\u201cInicialmente, s\u00f3lo ten\u00edamos conversaciones entre Honda y Red Bull. Las conversaciones con otros equipos comenzaron cuando solicitamos ser proveedor de motores a partir de 2026. Luego, algunos otros equipos tambi\u00e9n se acercaron a nosotros porque estaban interesados en los motores Honda. Hablamos con todas estas partes y tomamos una decisi\u00f3n\u201d<\/strong>, coment\u00f3. \u00a0<\/p>\n\n\n\n<p class=\"wp-block-paragraph\"><strong>\u201cNo puedo darte un n\u00famero exacto, pero hab\u00eda varios equipos. Con algunos, s\u00f3lo tuvimos contacto una vez, y con otros, hablamos varias veces<\/strong>\u201d, concluy\u00f3.<\/p>\n\n\n\n<p class=\"wp-block-paragraph\">\u23e9&nbsp;<strong><em>\u00a1Seguinos en redes por&nbsp;<\/em><\/strong><a href=\"https:\/\/twitter.com\/grandepremioES\"><em>Twitter&nbsp;<\/em><\/a><strong><em>e&nbsp;<\/em><\/strong><a href=\"https:\/\/www.instagram.com\/grandepremioes\/\"><em>Instagram!<\/em><\/a><br>\u23e9&nbsp;<strong><em>Adem\u00e1s, tenemos nuestro&nbsp;<\/em><\/strong><a href=\"https:\/\/whatsapp.com\/channel\/0029VaDZ5zb0gcfDxuwxBM05\"><em>canal de Whatsapp<\/em><\/a><strong><em>&nbsp;con toda la informaci\u00f3n al instante<\/em><\/strong>&nbsp;\ud83c\udfc1<\/p>\n\n\n\n<p class=\"wp-block-paragraph\">La F\u00f3rmula 1 volver\u00e1 para las pruebas de pretemporada, previstas en Bahr\u00e9in entre el 26 y el 28 de febrero. La temporada 2025 comienza con el <strong>Gran Premio de Australia<\/strong>, del 14 al 16 de marzo.<\/p>\n","protected":false},"excerpt":{"rendered":"<p>Koji Watanabe, presidente de la divisi\u00f3n de competici\u00f3n de Honda, revel\u00f3 que intent\u00f3 renovar el acuerdo con Red Bull, pero la idea del equipo de producir su propio motor desanim\u00f3 a las partes.<\/p>\n","protected":false},"author":0,"featured_media":1010314807,"comment_status":"closed","ping_status":"closed","sticky":false,"template":"","format":"standard","meta":{"42wp_featured_image_caption":"","42wp_featured_image_credits":"","42wp_featured_video":"","42wp_featured_image_hidden":false,"42wp_authors_list":[],"footnotes":""},"categories":[5],"tags":[10197,1710,179,10983,221,1719,970,249,2648,206],"42wp_author":[14237],"class_list":["post-9225","post","type-post","status-publish","format-standard","has-post-thumbnail","hentry","category-f1","tag-aston-martin-2","tag-f1-2025","tag-formula-1","tag-gran-premio-de-australia","tag-honda","tag-koji-watanabe","tag-lawrence-stroll","tag-max-verstappen","tag-milton-keynes","tag-red-bull","42wp_author-gabriel-garcia"],"_links":{"self":[{"href":"https:\/\/grandepremio.com\/es\/wp-json\/wp\/v2\/posts\/9225","targetHints":{"allow":["GET"]}}],"collection":[{"href":"https:\/\/grandepremio.com\/es\/wp-json\/wp\/v2\/posts"}],"about":[{"href":"https:\/\/grandepremio.com\/es\/wp-json\/wp\/v2\/types\/post"}],"replies":[{"embeddable":true,"href":"https:\/\/grandepremio.com\/es\/wp-json\/wp\/v2\/comments?post=9225"}],"version-history":[{"count":0,"href":"https:\/\/grandepremio.com\/es\/wp-json\/wp\/v2\/posts\/9225\/revisions"}],"wp:featuredmedia":[{"embeddable":true,"href":"https:\/\/grandepremio.com\/es\/wp-json\/wp\/v2\/media\/1010314807"}],"wp:attachment":[{"href":"https:\/\/grandepremio.com\/es\/wp-json\/wp\/v2\/media?parent=9225"}],"wp:term":[{"taxonomy":"category","embeddable":true,"href":"https:\/\/grandepremio.com\/es\/wp-json\/wp\/v2\/categories?post=9225"},{"taxonomy":"post_tag","embeddable":true,"href":"https:\/\/grandepremio.com\/es\/wp-json\/wp\/v2\/tags?post=9225"},{"taxonomy":"42wp_author","embeddable":true,"href":"https:\/\/grandepremio.com\/es\/wp-json\/wp\/v2\/42wp_author?post=9225"}],"curies":[{"name":"wp","href":"https:\/\/api.w.org\/{rel}","templated":true}]}}