{"id":9286,"date":"2025-02-10T14:10:50","date_gmt":"2025-02-10T17:10:50","guid":{"rendered":"https:\/\/grandepremio.com\/es\/2025\/02\/10\/fia-ben-sulayem-rechaza-politicas-diversidad-formula-1-2025\/"},"modified":"2025-02-10T14:10:53","modified_gmt":"2025-02-10T17:10:53","slug":"fia-ben-sulayem-rechaza-politicas-diversidad-formula-1-2025","status":"publish","type":"post","link":"https:\/\/grandepremio.com\/es\/f1\/fia-ben-sulayem-rechaza-politicas-diversidad-formula-1-2025\/","title":{"rendered":"Presidente de FIA rechaza aplicar pol\u00edticas de diversidad: &#8220;Contratamos por m\u00e9rito&#8221;"},"content":{"rendered":"\n<p class=\"wp-block-paragraph\">El presidente de la <strong>Federaci\u00f3n Internacional del Autom\u00f3vil (FIA), Mohammed Ben Sulayem,<\/strong> protagoniz\u00f3 una nueva pol\u00e9mica. Esta vez, respecto el proceso de contrataci\u00f3n de empleados, insisti\u00f3 en la importancia de contar con personas basadas en el m\u00e9rito. Y para defender este punto, critic\u00f3 los programas de diversidad, al calificarlos como \u00abun insulto\u00bb.<\/p>\n\n\n\n<p class=\"wp-block-paragraph\">Sulayem afirm\u00f3 que contrata a mujeres y a personas no europeas, por ejemplo, bas\u00e1ndose en \u00abel m\u00e9rito y la credibilidad\u00bb y no para cubrir una cuota espec\u00edfica. Tambi\u00e9n afirm\u00f3 que la FIA ser\u00eda \u00abd\u00e9bil\u00bb si pensara en la diversidad a la hora de contratar.<\/p>\n\n\n\n<p class=\"wp-block-paragraph\">La semana pasada, Sulayem hab\u00eda vuelto a ser cuestionado al sugerir que se suprimiera la comunicaci\u00f3n por radio de las retransmisiones de F\u00f3rmula 1 para ocultar al p\u00fablico los excesos verbales de los pilotos.<\/p>\n\n\n\n<p class=\"wp-block-paragraph\"><strong><em>\u00a1Todas las novedades te esperan en el canal de\u00a0<a href=\"https:\/\/www.youtube.com\/@GrandePremioES\" target=\"_blank\" rel=\"noreferrer noopener\">YouTube<\/a>\u00a0de Grande Pr\u00eamio en Espa\u00f1ol!<\/em><\/strong><\/p>\n\n\n\n<figure class=\"wp-block-image size-large\"><img decoding=\"async\" src=\"https:\/\/grandepremio.com\/es\/wp-content\/uploads\/2024\/08\/FIA-1024x617.jpg\" alt=\"\" class=\"wp-image-250479\"\/><figcaption class=\"wp-element-caption\">La FIA no aplicar\u00e1 pol\u00edticas de diversidad en sus contrataciones. (Foto: FIA)<\/figcaption><\/figure>\n\n\n\n<p class=\"wp-block-paragraph\">Tambi\u00e9n habl\u00f3 de la rotaci\u00f3n de los directores de carrera, critic\u00f3 a los equipos y garantiz\u00f3 que mantiene una buena relaci\u00f3n con los pilotos a pesar de todas las turbulencias recientes.<\/p>\n\n\n\n<p class=\"wp-block-paragraph\">\u00abLa soluci\u00f3n est\u00e1 en la formaci\u00f3n al incorporar gente. \u00bfSe trata de diversidad? No\u00bb, expres\u00f3. \u00abSobre la diversidad, lo siento, pero dicen: &#8216;Trae a esta persona de este pa\u00eds o a esta mujer o algo as\u00ed&#8217;. Eso es un insulto\u00bb, afirm\u00f3.<\/p>\n\n\n\n<p class=\"wp-block-paragraph\">\u00abNo contratamos mujeres s\u00f3lo porque tengamos que aceptar el 30%. Contratamos a mujeres por sus m\u00e9ritos y credibilidad, porque son buenas. Contratamos a personas no europeas de otros pa\u00edses porque son buenas, est\u00e1n formadas, tienen pasi\u00f3n por competir. No porque tenga que tener este color, aquella religi\u00f3n\u00bb, asegur\u00f3.<\/p>\n\n\n\n<p class=\"wp-block-paragraph\"><strong><em>\u00a1Seguinos en redes por\u00a0<a href=\"https:\/\/twitter.com\/grandepremioES\" target=\"_blank\" rel=\"noreferrer noopener\">Twitter\u00a0<\/a>e\u00a0<a href=\"https:\/\/www.instagram.com\/grandepremioes\/\" target=\"_blank\" rel=\"noreferrer noopener\">Instagram!<\/a><\/em><\/strong><br><strong><em>Adem\u00e1s, tenemos nuestro\u00a0<a href=\"https:\/\/whatsapp.com\/channel\/0029VaDZ5zb0gcfDxuwxBM05\" target=\"_blank\" rel=\"noreferrer noopener\">canal de Whatsapp<\/a>\u00a0con toda la informaci\u00f3n al instante<\/em><\/strong><\/p>\n\n\n\n<figure class=\"wp-block-embed is-type-video is-provider-youtube wp-block-embed-youtube wp-embed-aspect-16-9 wp-has-aspect-ratio\"><div class=\"wp-block-embed__wrapper\">\n<iframe loading=\"lazy\" title=\"\u00bfRUSSELL PUEDE SER EL HEREDERO DE HAMILTON EN MERCEDES?\" width=\"500\" height=\"281\" src=\"https:\/\/www.youtube.com\/embed\/ule6LTH8GB0?feature=oembed\" frameborder=\"0\" allow=\"accelerometer; autoplay; clipboard-write; encrypted-media; gyroscope; picture-in-picture; web-share\" referrerpolicy=\"strict-origin-when-cross-origin\" allowfullscreen><\/iframe>\n<\/div><\/figure>\n\n\n\n<p class=\"wp-block-paragraph\">\u00abEntonces no tendr\u00e1s una buena FIA, una FIA fuerte. Tendr\u00e1s una FIA d\u00e9bil, porque no cumplir\u00e1 lo que promete. Es un gran reto para nosotros\u00bb, concluy\u00f3.<\/p>\n\n\n\n<p class=\"wp-block-paragraph\"><strong>La pr\u00f3xima actividad de la F\u00f3rmula 1 es la pretemporada, prevista para los d\u00edas 26, 27 y 28 de febrero en Bahr\u00e9in. El calendario 2025 arrancar\u00e1 con el Gran Premio de Australia, del 14 al 16 de marzo.<\/strong><\/p>\n\n\n\n<p class=\"wp-block-paragraph\"><\/p>\n","protected":false},"excerpt":{"rendered":"<p>El presidente de la FIA, Mohammed Ben Sulayem, manifest\u00f3 que la entidad contrata profesionales en base al m\u00e9rito y que los programas de diversidad son &#8220;un insulto&#8221;<\/p>\n","protected":false},"author":0,"featured_media":1010308758,"comment_status":"closed","ping_status":"closed","sticky":false,"template":"","format":"standard","meta":{"42wp_featured_image_caption":"","42wp_featured_image_credits":"","42wp_featured_video":"","42wp_featured_image_hidden":false,"42wp_authors_list":[],"footnotes":""},"categories":[5],"tags":[181,1710,263,179,1930],"42wp_author":[14223],"class_list":["post-9286","post","type-post","status-publish","format-standard","has-post-thumbnail","hentry","category-f1","tag-f1","tag-f1-2025","tag-fia","tag-formula-1","tag-mohammed-ben-sulayem","42wp_author-esteban-nieto"],"_links":{"self":[{"href":"https:\/\/grandepremio.com\/es\/wp-json\/wp\/v2\/posts\/9286","targetHints":{"allow":["GET"]}}],"collection":[{"href":"https:\/\/grandepremio.com\/es\/wp-json\/wp\/v2\/posts"}],"about":[{"href":"https:\/\/grandepremio.com\/es\/wp-json\/wp\/v2\/types\/post"}],"replies":[{"embeddable":true,"href":"https:\/\/grandepremio.com\/es\/wp-json\/wp\/v2\/comments?post=9286"}],"version-history":[{"count":0,"href":"https:\/\/grandepremio.com\/es\/wp-json\/wp\/v2\/posts\/9286\/revisions"}],"wp:featuredmedia":[{"embeddable":true,"href":"https:\/\/grandepremio.com\/es\/wp-json\/wp\/v2\/media\/1010308758"}],"wp:attachment":[{"href":"https:\/\/grandepremio.com\/es\/wp-json\/wp\/v2\/media?parent=9286"}],"wp:term":[{"taxonomy":"category","embeddable":true,"href":"https:\/\/grandepremio.com\/es\/wp-json\/wp\/v2\/categories?post=9286"},{"taxonomy":"post_tag","embeddable":true,"href":"https:\/\/grandepremio.com\/es\/wp-json\/wp\/v2\/tags?post=9286"},{"taxonomy":"42wp_author","embeddable":true,"href":"https:\/\/grandepremio.com\/es\/wp-json\/wp\/v2\/42wp_author?post=9286"}],"curies":[{"name":"wp","href":"https:\/\/api.w.org\/{rel}","templated":true}]}}