{"id":9290,"date":"2025-02-10T11:36:44","date_gmt":"2025-02-10T14:36:44","guid":{"rendered":"https:\/\/grandepremio.com\/es\/2025\/02\/10\/sauber-showcar-londres-remate-formula-1-2025\/"},"modified":"2025-02-10T11:36:47","modified_gmt":"2025-02-10T14:36:47","slug":"sauber-showcar-londres-remate-formula-1-2025","status":"publish","type":"post","link":"https:\/\/grandepremio.com\/es\/f1\/sauber-showcar-londres-remate-formula-1-2025\/","title":{"rendered":"Sauber anuncia que rematar\u00e1 su showcar de la presentaci\u00f3n colectiva de la F1 2025"},"content":{"rendered":"\n<p class=\"wp-block-paragraph\">El equipo <strong>Sauber<\/strong> anunci\u00f3 que subastar\u00e1 el auto que exhibir\u00e1 en el evento de presentaci\u00f3n de la temporada del <strong>Campeonato del Mundo<\/strong> en Londres, <a href=\"https:\/\/grandepremio.com\/es\/f1\/presentacion-colectiva-temporada-2025-f1-o2-arena-londres\/\">previsto para el d\u00eda 18<\/a>. El remate estar\u00e1 organizado por la <strong>F1 Authentics.<\/strong><\/p>\n\n\n\n<p class=\"wp-block-paragraph\">Esta empresa, que vende desde monoplazas hasta art\u00edculos referentes a la m\u00e1xima, tambi\u00e9n fue responsable de la construcci\u00f3n del monoplaza que<strong> Sauber<\/strong> presentar\u00e1 en este evento. Este <em>showcar <\/em>estar\u00e1 fabricado en fibra de carbono, al igual que los actuales modelos de la categor\u00eda, y desarrollado a trav\u00e9s de software CAD.<\/p>\n\n\n\n<p class=\"wp-block-paragraph\">\u00abEstamos encantados de ofrecerle a los aficionados y coleccionistas la oportunidad de adquirir una pieza verdaderamente \u00fanica de la historia de la F1\u00bb, expres\u00f3 <strong>Stefano Battiston<\/strong>, director comercial de<strong> Sauber Motorsports<\/strong>. \u00abEstamos deseando develar este coche y nuestra nueva decoraci\u00f3n en el O2 Arena, marcando el comienzo de una nueva y emocionante temporada para el equipo\u00bb, continu\u00f3.<\/p>\n\n\n\n<p class=\"wp-block-paragraph\"><strong><em>\u00a1Todas las novedades te esperan en el canal de\u00a0<a href=\"https:\/\/www.youtube.com\/@GrandePremioES\" target=\"_blank\" rel=\"noreferrer noopener\">YouTube<\/a>\u00a0de Grande Pr\u00eamio en Espa\u00f1ol!<\/em><\/strong><\/p>\n\n\n\n<figure class=\"wp-block-embed is-type-video is-provider-youtube wp-block-embed-youtube wp-embed-aspect-16-9 wp-has-aspect-ratio\"><div class=\"wp-block-embed__wrapper\">\n<iframe loading=\"lazy\" title=\"\u00bfRUSSELL PUEDE SER EL HEREDERO DE HAMILTON EN MERCEDES?\" width=\"500\" height=\"281\" src=\"https:\/\/www.youtube.com\/embed\/ule6LTH8GB0?feature=oembed\" frameborder=\"0\" allow=\"accelerometer; autoplay; clipboard-write; encrypted-media; gyroscope; picture-in-picture; web-share\" referrerpolicy=\"strict-origin-when-cross-origin\" allowfullscreen><\/iframe>\n<\/div><\/figure>\n\n\n\n<p class=\"wp-block-paragraph\"><strong><em>\u00a1Seguinos en redes por\u00a0<a href=\"https:\/\/twitter.com\/grandepremioES\" target=\"_blank\" rel=\"noreferrer noopener\">Twitter\u00a0<\/a>e\u00a0<a href=\"https:\/\/www.instagram.com\/grandepremioes\/\" target=\"_blank\" rel=\"noreferrer noopener\">Instagram!<\/a><\/em><\/strong><br><strong><em>Adem\u00e1s, tenemos nuestro\u00a0<a href=\"https:\/\/whatsapp.com\/channel\/0029VaDZ5zb0gcfDxuwxBM05\" target=\"_blank\" rel=\"noreferrer noopener\">canal de Whatsapp<\/a>\u00a0con toda la informaci\u00f3n al instante<\/em><\/strong><\/p>\n\n\n\n<p class=\"wp-block-paragraph\">Como parte de las celebraciones del 75 aniversario de la F\u00f3rmula 1, la categor\u00eda decidi\u00f3, de forma in\u00e9dita, presentar la librea de los 10 coches en un evento exclusivo en Londres, Inglaterra, el 18 de febrero. Las entradas se agotaron r\u00e1pidamente.<\/p>\n\n\n\n<p class=\"wp-block-paragraph\">Sauber, por su parte, llegar\u00e1 a esta temporada con una alineaci\u00f3n renovada. Al volante estar\u00e1n<strong> Nico H\u00fclkenberg,<\/strong> de <strong>Haas<\/strong>, y el novato brasile\u00f1o<strong> Gabriel Bortoleto. <\/strong>Sus pilotos en 2024, <strong>Valtteri Bottas y Guanyu Zhou, <\/strong>quedaron fuera de la parrilla y fueron contratados como pilotos reserva de<strong> Mercedes<\/strong> y <strong>Ferrari<\/strong> respectivamente.<\/p>\n\n\n\n<p class=\"wp-block-paragraph\"><strong>La pr\u00f3xima actividad en pista de la F\u00f3rmula 1 es la pretemporada, prevista para los d\u00edas 26, 27 y 28 de febrero en Bahr\u00e9in. El calendario 2025 comienza con el Gran Premio de Australia, del 14 al 16 de marzo.<\/strong><\/p>\n","protected":false},"excerpt":{"rendered":"<p>Luego del evento colectivo de presentaci\u00f3n de los autos de la temporada de F1 2025, que se llevar\u00e1 a cabo el 18 de febrero en Londres, Sauber pondr\u00e1 a remate el showcar que mostrar\u00e1 en la exhibici\u00f3n.<\/p>\n","protected":false},"author":0,"featured_media":1010311239,"comment_status":"closed","ping_status":"closed","sticky":false,"template":"","format":"standard","meta":{"42wp_featured_image_caption":"","42wp_featured_image_credits":"","42wp_featured_video":"","42wp_featured_image_hidden":false,"42wp_authors_list":[],"footnotes":""},"categories":[5],"tags":[181,1710,11712,179,2222,497,11711],"42wp_author":[14223],"class_list":["post-9290","post","type-post","status-publish","format-standard","has-post-thumbnail","hentry","category-f1","tag-f1","tag-f1-2025","tag-f1-authentics","tag-formula-1","tag-londres","tag-sauber","tag-showcar","42wp_author-esteban-nieto"],"_links":{"self":[{"href":"https:\/\/grandepremio.com\/es\/wp-json\/wp\/v2\/posts\/9290","targetHints":{"allow":["GET"]}}],"collection":[{"href":"https:\/\/grandepremio.com\/es\/wp-json\/wp\/v2\/posts"}],"about":[{"href":"https:\/\/grandepremio.com\/es\/wp-json\/wp\/v2\/types\/post"}],"replies":[{"embeddable":true,"href":"https:\/\/grandepremio.com\/es\/wp-json\/wp\/v2\/comments?post=9290"}],"version-history":[{"count":0,"href":"https:\/\/grandepremio.com\/es\/wp-json\/wp\/v2\/posts\/9290\/revisions"}],"wp:featuredmedia":[{"embeddable":true,"href":"https:\/\/grandepremio.com\/es\/wp-json\/wp\/v2\/media\/1010311239"}],"wp:attachment":[{"href":"https:\/\/grandepremio.com\/es\/wp-json\/wp\/v2\/media?parent=9290"}],"wp:term":[{"taxonomy":"category","embeddable":true,"href":"https:\/\/grandepremio.com\/es\/wp-json\/wp\/v2\/categories?post=9290"},{"taxonomy":"post_tag","embeddable":true,"href":"https:\/\/grandepremio.com\/es\/wp-json\/wp\/v2\/tags?post=9290"},{"taxonomy":"42wp_author","embeddable":true,"href":"https:\/\/grandepremio.com\/es\/wp-json\/wp\/v2\/42wp_author?post=9290"}],"curies":[{"name":"wp","href":"https:\/\/api.w.org\/{rel}","templated":true}]}}