{"id":9302,"date":"2025-02-09T12:24:33","date_gmt":"2025-02-09T15:24:33","guid":{"rendered":"https:\/\/grandepremio.com\/es\/2025\/02\/09\/russell-dice-antonelli-tiene-velocidad-f1-2025\/"},"modified":"2025-02-09T12:24:36","modified_gmt":"2025-02-09T15:24:36","slug":"russell-dice-antonelli-tiene-velocidad-f1-2025","status":"publish","type":"post","link":"https:\/\/grandepremio.com\/es\/f1\/russell-dice-antonelli-tiene-velocidad-f1-2025\/","title":{"rendered":"Russell dice que Antonelli tiene velocidad y garantiza: \u00abMe mantendr\u00e1 alerta\u00bb"},"content":{"rendered":"\n<p class=\"wp-block-paragraph\">Despu\u00e9s de tres a\u00f1os como compa\u00f1ero de equipo de <strong>Lewis Hamilton<\/strong>, <strong>George Russell<\/strong> compartir\u00e1 protagonismo en <strong>Mercedes<\/strong> con el reci\u00e9n llegado <strong>Andrea Kimi Antonelli<\/strong>. El #63 descart\u00f3 la posibilidad de que la juventud del italiano de 18 a\u00f1os pudiera obstaculizarlo en la <strong>temporada 2025<\/strong> de <strong>F\u00f3rmula 1<\/strong>. Para el brit\u00e1nico, su nuevo compa\u00f1ero de equipo tiene la velocidad necesaria para mantenerlo alerta.<\/p>\n\n\n\n<p class=\"wp-block-paragraph\">Antonelli es una gran apuesta de Mercedes para 2025, lo que elevar\u00e1 a Russell a la posici\u00f3n de piloto m\u00e1s experimentado del d\u00fao. El italiano tiene algunas dudas sobre su rendimiento despu\u00e9s de da\u00f1ar su coche durante las dos <strong>FP1<\/strong> en los que particip\u00f3 en <strong>2024<\/strong>: choc\u00f3 en <strong>Italia<\/strong> y golpe\u00f3 escombros durante la ronda de <strong>Ciudad de M\u00e9xico<\/strong>.<\/p>\n\n\n\n<p class=\"wp-block-paragraph\">Por no hablar de su campa\u00f1a en la <strong>F\u00f3rmula 2<\/strong>, en la que gan\u00f3 dos carreras y acab\u00f3 sexto en el campeonato, pero muy lejos de la lucha por el t\u00edtulo, que gan\u00f3 <strong>Gabriel Bortoleto<\/strong>. Cabe destacar que la planificaci\u00f3n de Mercedes le hizo saltarse la <strong>F\u00f3rmula 3<\/strong>, saliendo directamente de la <strong>F\u00f3rmula Regional Europea (FRECA)<\/strong>.<\/p>\n\n\n\n<p class=\"wp-block-paragraph\">\ud83d\udfe5&nbsp;<strong><em>\u00a1Todas las novedades te esperan en el canal de&nbsp;<\/em><\/strong><a href=\"https:\/\/www.youtube.com\/@GrandePremioES\"><em>YouTube<\/em><\/a><strong><em>&nbsp;de Grande Pr\u00eamio en Espa\u00f1ol!<\/em><\/strong>&nbsp;\ud83d\udfe8<\/p>\n\n\n\n<figure class=\"wp-block-image size-large\"><img decoding=\"async\" src=\"https:\/\/grandepremio.com\/es\/wp-content\/uploads\/2024\/12\/Andrea-Kimi-Antonelli-e-George-Russell-1024x582.jpg\" alt=\"\" class=\"wp-image-306948\"\/><figcaption class=\"wp-element-caption\">Andrea Kimi Antonelli y George Russell ser\u00e1n compa\u00f1eros de equipo en Mercedes en 2025 (Foto: Mercedes)<\/figcaption><\/figure>\n\n\n\n<p class=\"wp-block-paragraph\">\u23e9\u00a0<strong><em>\u00a1Seguinos en redes por\u00a0<\/em><\/strong><a href=\"https:\/\/twitter.com\/grandepremioES\"><em>Twitter\u00a0<\/em><\/a><strong><em>e\u00a0<\/em><\/strong><a href=\"https:\/\/www.instagram.com\/grandepremioes\/\"><em>Instagram!<\/em><\/a><br>\u23e9\u00a0<strong><em>Adem\u00e1s, tenemos nuestro\u00a0<\/em><\/strong><a href=\"https:\/\/whatsapp.com\/channel\/0029VaDZ5zb0gcfDxuwxBM05\"><em>canal de Whatsapp<\/em><\/a><strong><em>\u00a0con toda la informaci\u00f3n al instante<\/em><\/strong>\u00a0\ud83c\udfc1<\/p>\n\n\n\n<p class=\"wp-block-paragraph\">Russell estableci\u00f3 paralelismos con su propia carrera y afirm\u00f3 que no se siente m\u00e1s r\u00e1pido que cuando ten\u00eda 18 a\u00f1os. Para \u00e9l, la diferencia desde entonces es s\u00f3lo la experiencia.<\/p>\n\n\n\n<p class=\"wp-block-paragraph\">\u00abCreo que me va a mantener alerta, no tengo ninguna duda. Cuando pienso en cuando ten\u00eda 18 a\u00f1os, no me siento m\u00e1s r\u00e1pido hoy, me siento m\u00e1s experimentado, s\u00e9 c\u00f3mo lidiar con la presi\u00f3n de la F\u00f3rmula 1 y todo lo que conlleva trabajar con un equipo de 2000 personas. En t\u00e9rminos de velocidad, o la tienes o no la tienes. Creo que \u00e9l la tiene, as\u00ed que le tengo mucho respeto\u00bb, declar\u00f3 Russell a la web alemana <em>sport.de<\/em>.<\/p>\n\n\n\n<p class=\"wp-block-paragraph\">\u00abTrabajaremos bien como equipo, estoy ansioso por ver lo que puede conseguir. Pero nunca podemos ser inocentes, sobre todo cuando llegan muchos novatos, porque recuerdo cuando yo ten\u00eda esta edad y uno lleva mucho fuego dentro\u00bb, finaliz\u00f3.<\/p>\n\n\n\n<p class=\"wp-block-paragraph\">La&nbsp;<strong><a href=\"https:\/\/es.grandepremio.com\/f1\/\" target=\"_blank\" rel=\"noreferrer noopener\"><\/a><a href=\"https:\/\/es.grandepremio.com\/f1\/\" target=\"_blank\" rel=\"noreferrer noopener\"><\/a><a href=\"https:\/\/es.grandepremio.com\/f1\/\" target=\"_blank\" rel=\"noreferrer noopener\"><\/a><a href=\"https:\/\/es.grandepremio.com\/f1\/\" target=\"_blank\" rel=\"noreferrer noopener\"><\/a><a href=\"https:\/\/es.grandepremio.com\/f1\/\" target=\"_blank\" rel=\"noreferrer noopener\"><\/a><a href=\"https:\/\/es.grandepremio.com\/f1\/\" target=\"_blank\" rel=\"noreferrer noopener\"><\/a><a href=\"https:\/\/es.grandepremio.com\/f1\/\" target=\"_blank\" rel=\"noreferrer noopener\"><\/a><a href=\"https:\/\/es.grandepremio.com\/f1\/\" target=\"_blank\" rel=\"noreferrer noopener\"><\/a><a href=\"https:\/\/es.grandepremio.com\/f1\/\" target=\"_blank\" rel=\"noreferrer noopener\"><\/a><a href=\"https:\/\/es.grandepremio.com\/f1\/\" target=\"_blank\" rel=\"noreferrer noopener\"><\/a><a href=\"https:\/\/es.grandepremio.com\/f1\/\" target=\"_blank\" rel=\"noreferrer noopener\"><\/a><a href=\"https:\/\/es.grandepremio.com\/f1\/\" target=\"_blank\" rel=\"noreferrer noopener\"><\/a><a href=\"https:\/\/es.grandepremio.com\/f1\/\" target=\"_blank\" rel=\"noreferrer noopener\"><\/a><a href=\"https:\/\/es.grandepremio.com\/f1\/\" target=\"_blank\" rel=\"noreferrer noopener\"><\/a><a href=\"https:\/\/es.grandepremio.com\/f1\/\" target=\"_blank\" rel=\"noreferrer noopener\"><\/a><a href=\"https:\/\/es.grandepremio.com\/f1\/\" target=\"_blank\" rel=\"noreferrer noopener\"><\/a><a href=\"https:\/\/es.grandepremio.com\/f1\/\" target=\"_blank\" rel=\"noreferrer noopener\"><\/a><a href=\"https:\/\/es.grandepremio.com\/f1\/\" target=\"_blank\" rel=\"noreferrer noopener\"><\/a><a href=\"https:\/\/es.grandepremio.com\/f1\/\" target=\"_blank\" rel=\"noreferrer noopener\"><\/a><a href=\"https:\/\/es.grandepremio.com\/f1\/\" target=\"_blank\" rel=\"noreferrer noopener\"><\/a><a href=\"https:\/\/es.grandepremio.com\/f1\/\" target=\"_blank\" rel=\"noreferrer noopener\"><\/a><a href=\"https:\/\/es.grandepremio.com\/f1\/\" target=\"_blank\" rel=\"noreferrer noopener\"><\/a><a href=\"https:\/\/es.grandepremio.com\/f1\/\" target=\"_blank\" rel=\"noreferrer noopener\"><\/a><a href=\"https:\/\/es.grandepremio.com\/f1\/\" target=\"_blank\" rel=\"noreferrer noopener\">F\u00f3rmula 1<\/a><\/strong>&nbsp;se encuentra de vacaciones y volver\u00e1 para las pruebas de pretemporada, previstas en&nbsp;<strong>Bahr\u00e9in&nbsp;<\/strong>entre el 26 y el 28 de febrero. La temporada 2025 comienza con el&nbsp;<strong>Gran Premio de Australia<\/strong>, del 14 al 16 de marzo.<\/p>\n\n\n\n<figure class=\"wp-block-embed is-type-video is-provider-youtube wp-block-embed-youtube wp-embed-aspect-16-9 wp-has-aspect-ratio\"><div class=\"wp-block-embed__wrapper\">\n<iframe loading=\"lazy\" title=\"\u00bfRUSSELL PUEDE SER EL HEREDERO DE HAMILTON EN MERCEDES?\" width=\"500\" height=\"281\" src=\"https:\/\/www.youtube.com\/embed\/ule6LTH8GB0?feature=oembed\" frameborder=\"0\" allow=\"accelerometer; autoplay; clipboard-write; encrypted-media; gyroscope; picture-in-picture; web-share\" referrerpolicy=\"strict-origin-when-cross-origin\" allowfullscreen><\/iframe>\n<\/div><\/figure>\n","protected":false},"excerpt":{"rendered":"<p>George Russell destac\u00f3 la velocidad de su nuevo compa\u00f1ero de equipo, Andrea Kimi Antonelli, y subray\u00f3 el \u00abfuego interior\u00bb inherente a los j\u00f3venes pilotos.<\/p>\n","protected":false},"author":0,"featured_media":1010314096,"comment_status":"closed","ping_status":"closed","sticky":false,"template":"","format":"standard","meta":{"42wp_featured_image_caption":"","42wp_featured_image_credits":"","42wp_featured_video":"","42wp_featured_image_hidden":false,"42wp_authors_list":[],"footnotes":""},"categories":[5],"tags":[6800,1710,179,211,1660,253,197],"42wp_author":[14240],"class_list":["post-9302","post","type-post","status-publish","format-standard","has-post-thumbnail","hentry","category-f1","tag-andrea-kimi-antonelli","tag-f1-2025","tag-formula-1","tag-formula-2","tag-freca","tag-george-russell","tag-mercedes","42wp_author-ignacio-bogado"],"_links":{"self":[{"href":"https:\/\/grandepremio.com\/es\/wp-json\/wp\/v2\/posts\/9302","targetHints":{"allow":["GET"]}}],"collection":[{"href":"https:\/\/grandepremio.com\/es\/wp-json\/wp\/v2\/posts"}],"about":[{"href":"https:\/\/grandepremio.com\/es\/wp-json\/wp\/v2\/types\/post"}],"replies":[{"embeddable":true,"href":"https:\/\/grandepremio.com\/es\/wp-json\/wp\/v2\/comments?post=9302"}],"version-history":[{"count":0,"href":"https:\/\/grandepremio.com\/es\/wp-json\/wp\/v2\/posts\/9302\/revisions"}],"wp:featuredmedia":[{"embeddable":true,"href":"https:\/\/grandepremio.com\/es\/wp-json\/wp\/v2\/media\/1010314096"}],"wp:attachment":[{"href":"https:\/\/grandepremio.com\/es\/wp-json\/wp\/v2\/media?parent=9302"}],"wp:term":[{"taxonomy":"category","embeddable":true,"href":"https:\/\/grandepremio.com\/es\/wp-json\/wp\/v2\/categories?post=9302"},{"taxonomy":"post_tag","embeddable":true,"href":"https:\/\/grandepremio.com\/es\/wp-json\/wp\/v2\/tags?post=9302"},{"taxonomy":"42wp_author","embeddable":true,"href":"https:\/\/grandepremio.com\/es\/wp-json\/wp\/v2\/42wp_author?post=9302"}],"curies":[{"name":"wp","href":"https:\/\/api.w.org\/{rel}","templated":true}]}}