{"id":9313,"date":"2025-02-08T14:10:49","date_gmt":"2025-02-08T17:10:49","guid":{"rendered":"https:\/\/grandepremio.com\/es\/2025\/02\/08\/fia-anuncia-director-carrera-formula-e-abandonara-2025\/"},"modified":"2025-02-08T14:10:53","modified_gmt":"2025-02-08T17:10:53","slug":"fia-anuncia-director-carrera-formula-e-abandonara-2025","status":"publish","type":"post","link":"https:\/\/grandepremio.com\/es\/formula-e\/fia-anuncia-director-carrera-formula-e-abandonara-2025\/","title":{"rendered":"La FIA anuncia que el director de carrera de la F\u00f3rmula E abandonar\u00e1 su puesto este a\u00f1o"},"content":{"rendered":"\n<p class=\"wp-block-paragraph\">La <strong>F\u00f3rmula E<\/strong> regresar\u00e1 la semana que viene a las pistas con el doble <strong>eP de Jeddah<\/strong> y la introducci\u00f3n del <strong><a href=\"https:\/\/grandepremio.com\/es\/formula-e\/la-formula-e-confirma-introduccion-pit-boost-ep-jeddah\/\" target=\"_blank\" rel=\"noreferrer noopener\">Pit Boost<\/a><\/strong>, pero perder\u00e1 a su director de carrera, <strong>Scot Elkins<\/strong>, que ya se hab\u00eda ausentado del<a href=\"https:\/\/grandepremio.com\/es\/formula-e\/jefe-ds-penske-inquietud-pit-boost-tecnologia-robusta-formula-e\/\" target=\"_blank\" rel=\"noreferrer noopener\"> <strong>eP de Sao Paulo<\/strong><\/a>, la primera fecha de la temporada 11, a partir del mes de abril, cuando acabe la visita inaugural a Homestead. <\/p>\n\n\n\n<p class=\"wp-block-paragraph\">\ud83d\udfe5&nbsp;<strong><em>\u00a1Todas las novedades te esperan en el canal de&nbsp;<\/em><\/strong><a href=\"https:\/\/www.youtube.com\/@GrandePremioES\"><em>YouTube<\/em><\/a><strong><em>&nbsp;de Grande Pr\u00eamio en Espa\u00f1ol!<\/em><\/strong>&nbsp;\ud83d\udfe8<\/p>\n\n\n\n<p class=\"wp-block-paragraph\">Mediante un comunicado, la <strong>FIA<\/strong> comunic\u00f3 que Elkins estar\u00e1 por \u00faltima vez en el <strong>eP de Miami<\/strong>, el 12 de abril, para dejar su lugar <em>\u201cpor motivos personales\u201d<\/em>, seg\u00fan la entidad que regula el deporte motor a nivel mundial, a <strong>Marek Hanaczewski<\/strong>, que es el actual subdirector de carrera desde la octava temporada y se desempe\u00f1aba en los inicios de la categor\u00eda el\u00e9ctrica, en 2014, en funciones del control de carrera.<\/p>\n\n\n\n<p class=\"wp-block-paragraph\">Para evitar problemas, Elkins y Hanaczewski van a intercambiar roles en el <strong>eP de Jeddah<\/strong> de la semana venidera. Hay que recordar que el polaco reemplaz\u00f3 a Scot en Brasil y su actual puesto ser\u00e1 ocupado por <strong>Benoit Dupont<\/strong>, quien es responsable de operaciones de circuito en F\u00f3rmula E y asuntos deportivos en el WEC. <\/p>\n\n\n\n<p class=\"wp-block-paragraph\">Hanaczewski coment\u00f3 lo siguiente tras su nombramiento: <strong>\u201cAsumir el rol de Director de Carrera es un nuevo y emocionante cap\u00edtulo en mi carrera en el automovilismo y la continuaci\u00f3n de un viaje que comenz\u00f3 hace 13 a\u00f1os. Desde 2017, he tenido el privilegio de trabajar junto a Scot, quien no solo ha sido un gran l\u00edder, sino tambi\u00e9n un mentor, maestro y amigo. Estoy incre\u00edblemente agradecido por el conocimiento, la experiencia y la confianza que ha compartido conmigo a lo largo de los a\u00f1os. Su contribuci\u00f3n a la F\u00f3rmula E es innegable y agradezco profundamente el tiempo que hemos pasado trabajando juntos\u201d.<\/strong><\/p>\n\n\n\n<figure class=\"wp-block-embed is-type-video is-provider-youtube wp-block-embed-youtube wp-embed-aspect-16-9 wp-has-aspect-ratio\"><div class=\"wp-block-embed__wrapper\">\n<iframe loading=\"lazy\" title=\"\u00bfRUSSELL PUEDE SER EL HEREDERO DE HAMILTON EN MERCEDES?\" width=\"500\" height=\"281\" src=\"https:\/\/www.youtube.com\/embed\/ule6LTH8GB0?feature=oembed\" frameborder=\"0\" allow=\"accelerometer; autoplay; clipboard-write; encrypted-media; gyroscope; picture-in-picture; web-share\" referrerpolicy=\"strict-origin-when-cross-origin\" allowfullscreen><\/iframe>\n<\/div><\/figure>\n\n\n\n<p class=\"wp-block-paragraph\">Elkins, que se uni\u00f3 a Al Kamel, una empresa de cronometraje habitual en varias categor\u00edas de automovilismo en la rama de Norteam\u00e9rica, se\u00f1al\u00f3: <strong>\u201cDespu\u00e9s de diez a\u00f1os en la F\u00f3rmula E, ha llegado el momento de retirarme como director de Carrera. Con la reciente p\u00e9rdida de mi padre en diciembre pasado, tengo nuevas responsabilidades que requieren mi tiempo y atenci\u00f3n en casa. Si bien esperaba completar la temporada 11 y retirarme al finalizar, mis planes ahora se han acelerado y mi enfoque sigue estando en mi familia. Ha sido un honor para m\u00ed ser parte del paddock de la F\u00f3rmula E y estoy agradecido por las amistades que han crecido a lo largo de los a\u00f1os. Aunque estoy muy triste por irme, conf\u00edo en el personal que permanecer\u00e1\u201d.<\/strong><\/p>\n\n\n\n<p class=\"wp-block-paragraph\">Se destacan, entre las contribuciones de Elkins a la F\u00f3rmula E, haber podido acabar con la temporada 2019\/2020 en plena pandemia en Berl\u00edn, la introducci\u00f3n de circuitos como Hong Kong, Londres y Roma, y se hab\u00eda convertido en una figura respetada en el paddock, a pesar de la intensidad de muchas carreras y la volatilidad de los reglamentos t\u00e9cnicos y deportivos.<\/p>\n\n\n\n<p class=\"wp-block-paragraph\">\u23e9&nbsp;<strong><em>\u00a1Seguinos en redes por&nbsp;<\/em><\/strong><a href=\"https:\/\/twitter.com\/grandepremioES\"><em>Twitter&nbsp;<\/em><\/a><strong><em>e&nbsp;<\/em><\/strong><a href=\"https:\/\/www.instagram.com\/grandepremioes\/\"><em>Instagram!<\/em><\/a><br>\u23e9&nbsp;<strong><em>Adem\u00e1s, tenemos nuestro&nbsp;<\/em><\/strong><a href=\"https:\/\/whatsapp.com\/channel\/0029VaDZ5zb0gcfDxuwxBM05\"><em>canal de Whatsapp<\/em><\/a><strong><em>&nbsp;con toda la informaci\u00f3n al instante<\/em><\/strong>&nbsp;\ud83c\udfc1<\/p>\n\n\n\n<p class=\"wp-block-paragraph\">La F\u00f3rmula E volver\u00e1 a las pistas la semana que viene, del 13 al 15 de febrero con la doble cita del <a href=\"https:\/\/grandepremio.com\/es\/formula-e\/jefe-ds-penske-anticipa-temporada-apretada-formula-e-2025\/\" target=\"_blank\" rel=\"noreferrer noopener\">eP de Jeddah<\/a>, que ver\u00e1 la introducci\u00f3n del Pit Boost en la primera carrera. <strong>GRANDE PR\u00caMIO<\/strong> ofrece una cobertura completa del evento.<\/p>\n","protected":false},"excerpt":{"rendered":"<p>A trav\u00e9s de un comunicado, la Federaci\u00f3n Internacional del Autom\u00f3vil (FIA) dio a conocer que Scot Elkins, el director de carrera de la F\u00f3rmula E, dejar\u00e1 definitivamente su puesto luego de siete a\u00f1os a partir del eP de M\u00f3naco. <\/p>\n","protected":false},"author":0,"featured_media":1010313922,"comment_status":"closed","ping_status":"closed","sticky":false,"template":"","format":"standard","meta":{"42wp_featured_image_caption":"","42wp_featured_image_credits":"","42wp_featured_video":"","42wp_featured_image_hidden":false,"42wp_authors_list":[],"footnotes":""},"categories":[18],"tags":[11689,11561,10413,5711,263,462,1488,11688,11108,6866],"42wp_author":[14237],"class_list":["post-9313","post","type-post","status-publish","format-standard","has-post-thumbnail","hentry","category-formula-e","tag-benoit-dupont","tag-ep-de-jeddah","tag-ep-de-miami","tag-ep-de-sao-paulo-2","tag-fia","tag-formula-e","tag-grande-premio","tag-marek-hanaczewski","tag-pit-boost","tag-scot-elkins","42wp_author-gabriel-garcia"],"_links":{"self":[{"href":"https:\/\/grandepremio.com\/es\/wp-json\/wp\/v2\/posts\/9313","targetHints":{"allow":["GET"]}}],"collection":[{"href":"https:\/\/grandepremio.com\/es\/wp-json\/wp\/v2\/posts"}],"about":[{"href":"https:\/\/grandepremio.com\/es\/wp-json\/wp\/v2\/types\/post"}],"replies":[{"embeddable":true,"href":"https:\/\/grandepremio.com\/es\/wp-json\/wp\/v2\/comments?post=9313"}],"version-history":[{"count":0,"href":"https:\/\/grandepremio.com\/es\/wp-json\/wp\/v2\/posts\/9313\/revisions"}],"wp:featuredmedia":[{"embeddable":true,"href":"https:\/\/grandepremio.com\/es\/wp-json\/wp\/v2\/media\/1010313922"}],"wp:attachment":[{"href":"https:\/\/grandepremio.com\/es\/wp-json\/wp\/v2\/media?parent=9313"}],"wp:term":[{"taxonomy":"category","embeddable":true,"href":"https:\/\/grandepremio.com\/es\/wp-json\/wp\/v2\/categories?post=9313"},{"taxonomy":"post_tag","embeddable":true,"href":"https:\/\/grandepremio.com\/es\/wp-json\/wp\/v2\/tags?post=9313"},{"taxonomy":"42wp_author","embeddable":true,"href":"https:\/\/grandepremio.com\/es\/wp-json\/wp\/v2\/42wp_author?post=9313"}],"curies":[{"name":"wp","href":"https:\/\/api.w.org\/{rel}","templated":true}]}}