{"id":9331,"date":"2025-02-07T12:18:02","date_gmt":"2025-02-07T15:18:02","guid":{"rendered":"https:\/\/grandepremio.com\/es\/2025\/02\/07\/wolff-antonelli-reinvencion-mercedes-formula-1-2025\/"},"modified":"2025-02-07T12:18:07","modified_gmt":"2025-02-07T15:18:07","slug":"wolff-antonelli-reinvencion-mercedes-formula-1-2025","status":"publish","type":"post","link":"https:\/\/grandepremio.com\/es\/f1\/wolff-antonelli-reinvencion-mercedes-formula-1-2025\/","title":{"rendered":"Wolff se\u00f1ala a Antonelli como s\u00edmbolo de la &#8220;reinvenci\u00f3n&#8221; de Mercedes en la F\u00f3rmula 1"},"content":{"rendered":"\n<p class=\"wp-block-paragraph\">Sin dudas que una de las historias de la temporada 2025 de la <strong>F\u00f3rmula 1<\/strong> ser\u00e1 como <strong>Mercedes<\/strong> es capaz de rendir al m\u00e1s alto nivel sin <strong>Lewis Hamilton<\/strong>, que se march\u00f3 a<strong> Ferrari<\/strong> tras no haber renovado con la escuder\u00eda comandada por <strong>Toto Wolff.<\/strong><\/p>\n\n\n\n<p class=\"wp-block-paragraph\">\ud83d\udfe5&nbsp;<em><strong>\u00a1Todas las novedades te esperan en el canal de&nbsp;<\/strong><\/em><a href=\"https:\/\/www.youtube.com\/@GrandePremioES\"><em>YouTube<\/em><\/a><em><strong>&nbsp;de Grande Pr\u00eamio en Espa\u00f1ol!<\/strong><\/em>&nbsp;\ud83d\udfe8<\/p>\n\n\n\n<p class=\"wp-block-paragraph\">Wolff volvi\u00f3 a hablar sobre <strong>Andrea Kimi Antonelli<\/strong>, piloto de 18 a\u00f1os, que reemplazar\u00e1 a Hamilton y ser\u00e1 compa\u00f1ero de <strong>George Russell<\/strong>, que deber\u00e1 liderar el proyecto a partir de este a\u00f1o, y dijo que el italiano es un s\u00edmbolo de un cambio que quiere hacer en el equipo con sede en <strong>Brackley<\/strong>, con la mirada puesta en el futuro.<\/p>\n\n\n\n<p class=\"wp-block-paragraph\">En una entrevista con Sky Sports, el directivo austr\u00edaco coment\u00f3 que es un \u201creinicio\u201d para ellos y para Lewis: <strong>\u201cFue lo mejor para los dos. Creo que cuando ves las primeras fotos de Hamilton en el Ferrari, tienes sentido del estilo. Al mismo tiempo, nos embarcamos en una ruta diferente, tratando de reinventarnos con un piloto joven adem\u00e1s de George, a quien no se menciona lo suficiente. Contamos con uno experimentado, que ya ha ganado carreras, y uno joven que viene en ascenso. Y al mismo tiempo, Lewis est\u00e1 haciendo algo por s\u00ed mismo, algo nuevo. Es un nuevo comienzo para ambos\u201d.<\/strong><\/p>\n\n\n\n<figure class=\"wp-block-embed is-type-video is-provider-youtube wp-block-embed-youtube wp-embed-aspect-16-9 wp-has-aspect-ratio\"><div class=\"wp-block-embed__wrapper\">\n<iframe loading=\"lazy\" title=\"LOS DESAF\u00cdOS DE DOOHAN EN SU DEBUT CON ALPINE EN F1 2025\" width=\"500\" height=\"281\" src=\"https:\/\/www.youtube.com\/embed\/DPt1oc190BY?feature=oembed\" frameborder=\"0\" allow=\"accelerometer; autoplay; clipboard-write; encrypted-media; gyroscope; picture-in-picture; web-share\" referrerpolicy=\"strict-origin-when-cross-origin\" allowfullscreen><\/iframe>\n<\/div><\/figure>\n\n\n\n<p class=\"wp-block-paragraph\">Otra novedad que lleg\u00f3 con la salida del siete veces campe\u00f3n del mundo fue el arribo de <strong>Adidas<\/strong> como proveedora de ropa y Toto destac\u00f3 la uni\u00f3n con la ic\u00f3nica marca, que sustituye a la empresa Puma: <strong>\u201cNo podr\u00eda ser mejor en t\u00e9rminos de marcas ic\u00f3nicas del deporte. Es algo que demuestra la confianza en que este equipo seguir\u00e1 adelante. Cuando habl\u00e9 con el CEO sobre la salida de Lewis y la llegada de Kimi, me respondi\u00f3 que era muy emocionante. Y as\u00ed es como nos sentimos. Tenemos una fuerte vibra con los socios que est\u00e1n con nosotros y quieren estar en el equipo. No sentimos la resaca\u201d<\/strong><\/p>\n\n\n\n<p class=\"wp-block-paragraph\">\u23e9&nbsp;<em><strong>\u00a1Seguinos en redes por&nbsp;<\/strong><\/em><a href=\"https:\/\/twitter.com\/grandepremioES\"><em>Twitter&nbsp;<\/em><\/a><em><strong>e&nbsp;<\/strong><\/em><a href=\"https:\/\/www.instagram.com\/grandepremioes\/\"><em>Instagram!<\/em><\/a><br>\u23e9&nbsp;<em><strong>Adem\u00e1s, tenemos nuestro&nbsp;<\/strong><\/em><a href=\"https:\/\/whatsapp.com\/channel\/0029VaDZ5zb0gcfDxuwxBM05\"><em>canal de Whatsapp<\/em><\/a><em><strong>&nbsp;con toda la informaci\u00f3n al instante<\/strong><\/em>&nbsp;\ud83c\udfc1<\/p>\n\n\n\n<p class=\"wp-block-paragraph\">La F\u00f3rmula 1 volver\u00e1 para las pruebas de pretemporada, previstas en Bahr\u00e9in entre el 26 y el 28 de febrero. La temporada 2025 comienza con el Gran Premio de Australia, del 14 al 16 de marzo.<\/p>\n","protected":false},"excerpt":{"rendered":"<p>Toto Wolff volvi\u00f3 a hablar sobre el divorcio de Mercedes de Lewis Hamilton y dijo que Andrea Kimi Antonelli es el s\u00edmbolo de un camino diferente y de la reinvenci\u00f3n del equipo.<\/p>\n","protected":false},"author":0,"featured_media":1010313764,"comment_status":"closed","ping_status":"closed","sticky":false,"template":"","format":"standard","meta":{"42wp_featured_image_caption":"","42wp_featured_image_credits":"","42wp_featured_video":"","42wp_featured_image_hidden":false,"42wp_authors_list":[],"footnotes":""},"categories":[5],"tags":[11414,6800,399,185,179,253,199,197,569],"42wp_author":[14237],"class_list":["post-9331","post","type-post","status-publish","format-standard","has-post-thumbnail","hentry","category-f1","tag-adidas","tag-andrea-kimi-antonelli","tag-brackley","tag-ferrari","tag-formula-1","tag-george-russell","tag-lewis-hamilton","tag-mercedes","tag-toto-wolff","42wp_author-gabriel-garcia"],"_links":{"self":[{"href":"https:\/\/grandepremio.com\/es\/wp-json\/wp\/v2\/posts\/9331","targetHints":{"allow":["GET"]}}],"collection":[{"href":"https:\/\/grandepremio.com\/es\/wp-json\/wp\/v2\/posts"}],"about":[{"href":"https:\/\/grandepremio.com\/es\/wp-json\/wp\/v2\/types\/post"}],"replies":[{"embeddable":true,"href":"https:\/\/grandepremio.com\/es\/wp-json\/wp\/v2\/comments?post=9331"}],"version-history":[{"count":0,"href":"https:\/\/grandepremio.com\/es\/wp-json\/wp\/v2\/posts\/9331\/revisions"}],"wp:featuredmedia":[{"embeddable":true,"href":"https:\/\/grandepremio.com\/es\/wp-json\/wp\/v2\/media\/1010313764"}],"wp:attachment":[{"href":"https:\/\/grandepremio.com\/es\/wp-json\/wp\/v2\/media?parent=9331"}],"wp:term":[{"taxonomy":"category","embeddable":true,"href":"https:\/\/grandepremio.com\/es\/wp-json\/wp\/v2\/categories?post=9331"},{"taxonomy":"post_tag","embeddable":true,"href":"https:\/\/grandepremio.com\/es\/wp-json\/wp\/v2\/tags?post=9331"},{"taxonomy":"42wp_author","embeddable":true,"href":"https:\/\/grandepremio.com\/es\/wp-json\/wp\/v2\/42wp_author?post=9331"}],"curies":[{"name":"wp","href":"https:\/\/api.w.org\/{rel}","templated":true}]}}