{"id":9350,"date":"2025-02-06T09:40:43","date_gmt":"2025-02-06T12:40:43","guid":{"rendered":"https:\/\/grandepremio.com\/es\/2025\/02\/06\/michelin-niega-problema-neumaticos-en-caida-martin\/"},"modified":"2025-02-06T09:40:46","modified_gmt":"2025-02-06T12:40:46","slug":"michelin-niega-problema-neumaticos-en-caida-martin","status":"publish","type":"post","link":"https:\/\/grandepremio.com\/es\/motogp\/michelin-niega-problema-neumaticos-en-caida-martin\/","title":{"rendered":"Michelin niega problema de neum\u00e1ticos en la ca\u00edda de Mart\u00edn: \u00abLa evidencia no lo indica\u00bb"},"content":{"rendered":"\n<p class=\"wp-block-paragraph\">Apenas ha comenzado la <strong>temporada 2025<\/strong> de <strong>MotoGP<\/strong>, pero la pol\u00e9mica ya est\u00e1 servida. Despu\u00e9s de que <strong>Aprilia<\/strong> insinuara que la ca\u00edda de <strong>Jorge Mart\u00edn<\/strong> en el primer d\u00eda de test en <strong>Malasia<\/strong> se debi\u00f3 a un problema con los neum\u00e1ticos, <strong>Michelin<\/strong> ha intentado contraatacar y garantizar que no es eso lo que demuestran las pruebas.<\/p>\n\n\n\n<p class=\"wp-block-paragraph\">Mart\u00edn se cay\u00f3 dos veces durante las 13 vueltas que complet\u00f3 el mi\u00e9rcoles, pero la segunda vez que se cay\u00f3 <a href=\"https:\/\/grandepremio.com\/es\/motogp\/jorge-martin-fractura-mano-pie-malasia-motogp\/\">sufri\u00f3 fracturas en la mano y el pie<\/a> y tuvo que abandonar la prueba. El espa\u00f1ol necesitar\u00e1 cirug\u00eda y a\u00fan no tiene fecha para volver a la <strong>RS-GP<\/strong>.<\/p>\n\n\n\n<p class=\"wp-block-paragraph\">Tambi\u00e9n el mi\u00e9rcoles, <strong>Massimo Rivola<\/strong>, consejero delegado de Aprilia, afirm\u00f3 que el accidente no se debi\u00f3 a un fallo de la moto ni a un error del piloto. \u00abAparentemente, ocurri\u00f3 sin motivo alguno\u00bb, sugiri\u00f3.<\/p>\n\n\n\n<p class=\"wp-block-paragraph\">El equipo de <strong>Noale<\/strong>, sin embargo, exigi\u00f3 una respuesta de Michelin sobre la antig\u00fcedad del neum\u00e1tico utilizado por Mart\u00edn en el momento del accidente. Rivola ya hab\u00eda se\u00f1alado que las dos ca\u00eddas se produjeron con el mismo neum\u00e1tico asim\u00e9trico.<\/p>\n\n\n\n<p class=\"wp-block-paragraph\">\u00abLo \u00fanico que ped\u00ed a Michelin fue el historial del compuesto [trasero]\u00bb, dijo Rivola. \u201cNo me gustar\u00eda saber que hab\u00eda estado almacenado durante 11 meses\u00bb, a\u00f1adi\u00f3.<\/p>\n\n\n\n<p class=\"wp-block-paragraph\">\ud83d\udfe5&nbsp;<strong><em>\u00a1Todas las novedades te esperan en el canal de&nbsp;<\/em><\/strong><a href=\"https:\/\/www.youtube.com\/@GrandePremioES\"><em>YouTube<\/em><\/a><strong><em>&nbsp;de Grande Pr\u00eamio en Espa\u00f1ol!<\/em><\/strong>&nbsp;\ud83d\udfe8<\/p>\n\n\n\n<figure class=\"wp-block-image size-full\"><img decoding=\"async\" src=\"https:\/\/grandepremio.com\/es\/wp-content\/uploads\/2025\/02\/Jorge-Martin-caida.jpg\" alt=\"\" class=\"wp-image-313553\"\/><figcaption class=\"wp-element-caption\">Jorge Mart\u00edn tuvo duras lesiones tras caerse en el primer d\u00eda de pretemporada. (Foto: Reproducci\u00f3n)<\/figcaption><\/figure>\n\n\n\n<p class=\"wp-block-paragraph\">\u23e9\u00a0<strong><em>\u00a1Seguinos en redes por\u00a0<\/em><\/strong><a href=\"https:\/\/twitter.com\/grandepremioES\"><em>Twitter\u00a0<\/em><\/a><strong><em>e\u00a0<\/em><\/strong><a href=\"https:\/\/www.instagram.com\/grandepremioes\/\"><em>Instagram!<\/em><\/a><br>\u23e9\u00a0<strong><em>Adem\u00e1s, tenemos nuestro\u00a0<\/em><\/strong><a href=\"https:\/\/whatsapp.com\/channel\/0029VaDZ5zb0gcfDxuwxBM05\"><em>canal de Whatsapp<\/em><\/a><strong><em>\u00a0con toda la informaci\u00f3n al instante<\/em><\/strong>\u00a0\ud83c\udfc1<\/p>\n\n\n\n<p class=\"wp-block-paragraph\">El jefe de Michelin, <strong>Piero Taramasso<\/strong>, reconoci\u00f3 que el neum\u00e1tico se fabric\u00f3 el a\u00f1o pasado, pero descart\u00f3 que hubiera un problema con la pieza.<\/p>\n\n\n\n<p class=\"wp-block-paragraph\">\u00abLa goma se fabric\u00f3 en <strong>Clermont Ferrand [Francia]<\/strong> justo antes del <strong>GP de Pa\u00edses Bajos<\/strong> [celebrado el 30 de junio]\u00bb, explic\u00f3 Taramasso. \u00abSe llev\u00f3 a <strong>Assen<\/strong>, pero no se utiliz\u00f3. Se almacen\u00f3 y se trajo aqu\u00ed para el test\u00bb, prosigui\u00f3.<\/p>\n\n\n\n<p class=\"wp-block-paragraph\">\u00abTodo este tiempo ha estado en un contenedor con temperatura controlada. Las pruebas no indican ning\u00fan problema\u00bb, subray\u00f3.<\/p>\n\n\n\n<p class=\"wp-block-paragraph\">En opini\u00f3n de Taramasso, la ca\u00edda pudo producirse por la temperatura ambiente, m\u00e1s baja de lo normal para la \u00e9poca.<\/p>\n\n\n\n<p class=\"wp-block-paragraph\">\u00abQuiz\u00e1 influy\u00f3 la temperatura, que era m\u00e1s baja de lo normal, y que el neum\u00e1tico estaba todav\u00eda fr\u00edo\u00bb, dijo. \u00abJorge es uno de esos pilotos que, si hubiera notado algo diferente, habr\u00eda pedido inmediatamente un cambio de neum\u00e1ticos, pero sigui\u00f3 adelante e hizo 13 vueltas\u00bb, a\u00f1adi\u00f3.<\/p>\n\n\n\n<p class=\"wp-block-paragraph\"><strong>MotoGP<\/strong>&nbsp;celebra su primer test de la&nbsp;<strong>pretemporada 2025<\/strong>&nbsp;entre el 5 y el 7 de febrero en&nbsp;<strong>Sepang<\/strong>,&nbsp;<strong>Malasia<\/strong>.<\/p>\n\n\n\n<figure class=\"wp-block-embed is-type-video is-provider-youtube wp-block-embed-youtube wp-embed-aspect-16-9 wp-has-aspect-ratio\"><div class=\"wp-block-embed__wrapper\">\n<iframe loading=\"lazy\" title=\"LOS DESAF\u00cdOS DE DOOHAN EN SU DEBUT CON ALPINE EN F1 2025\" width=\"500\" height=\"281\" src=\"https:\/\/www.youtube.com\/embed\/DPt1oc190BY?feature=oembed\" frameborder=\"0\" allow=\"accelerometer; autoplay; clipboard-write; encrypted-media; gyroscope; picture-in-picture; web-share\" referrerpolicy=\"strict-origin-when-cross-origin\" allowfullscreen><\/iframe>\n<\/div><\/figure>\n","protected":false},"excerpt":{"rendered":"<p>Despu\u00e9s de que Aprilia insinuara que la ca\u00edda de Jorge Mart\u00edn hab\u00eda sido causada por un fallo de los neum\u00e1ticos, Piero Taramasso garantiz\u00f3 que el compuesto no ten\u00eda ning\u00fan defecto. Sin embargo, Michelin se pleg\u00f3 a los deseos de Massimo Rivola y confirm\u00f3 que el neum\u00e1tico utilizado por el espa\u00f1ol hab\u00eda sido fabricado hace m\u00e1s de seis meses.<\/p>\n","protected":false},"author":0,"featured_media":1010313649,"comment_status":"closed","ping_status":"closed","sticky":false,"template":"","format":"standard","meta":{"42wp_featured_image_caption":"","42wp_featured_image_credits":"","42wp_featured_video":"","42wp_featured_image_hidden":false,"42wp_authors_list":[],"footnotes":""},"categories":[8],"tags":[1394,1526,4701,1293,9621,9560,2199,2077],"42wp_author":[14240],"class_list":["post-9350","post","type-post","status-publish","format-standard","has-post-thumbnail","hentry","category-motogp","tag-aprilia","tag-jorge-martin","tag-massimo-rivola","tag-motogp","tag-motogp-2025","tag-piero-taramasso","tag-rs-gp","tag-sepang","42wp_author-ignacio-bogado"],"_links":{"self":[{"href":"https:\/\/grandepremio.com\/es\/wp-json\/wp\/v2\/posts\/9350","targetHints":{"allow":["GET"]}}],"collection":[{"href":"https:\/\/grandepremio.com\/es\/wp-json\/wp\/v2\/posts"}],"about":[{"href":"https:\/\/grandepremio.com\/es\/wp-json\/wp\/v2\/types\/post"}],"replies":[{"embeddable":true,"href":"https:\/\/grandepremio.com\/es\/wp-json\/wp\/v2\/comments?post=9350"}],"version-history":[{"count":0,"href":"https:\/\/grandepremio.com\/es\/wp-json\/wp\/v2\/posts\/9350\/revisions"}],"wp:featuredmedia":[{"embeddable":true,"href":"https:\/\/grandepremio.com\/es\/wp-json\/wp\/v2\/media\/1010313649"}],"wp:attachment":[{"href":"https:\/\/grandepremio.com\/es\/wp-json\/wp\/v2\/media?parent=9350"}],"wp:term":[{"taxonomy":"category","embeddable":true,"href":"https:\/\/grandepremio.com\/es\/wp-json\/wp\/v2\/categories?post=9350"},{"taxonomy":"post_tag","embeddable":true,"href":"https:\/\/grandepremio.com\/es\/wp-json\/wp\/v2\/tags?post=9350"},{"taxonomy":"42wp_author","embeddable":true,"href":"https:\/\/grandepremio.com\/es\/wp-json\/wp\/v2\/42wp_author?post=9350"}],"curies":[{"name":"wp","href":"https:\/\/api.w.org\/{rel}","templated":true}]}}