{"id":9351,"date":"2025-02-06T09:19:47","date_gmt":"2025-02-06T12:19:47","guid":{"rendered":"https:\/\/grandepremio.com\/es\/2025\/02\/06\/aprilia-revela-dificultades-calmar-martin-tras-accidente\/"},"modified":"2025-02-06T09:19:51","modified_gmt":"2025-02-06T12:19:51","slug":"aprilia-revela-dificultades-calmar-martin-tras-accidente","status":"publish","type":"post","link":"https:\/\/grandepremio.com\/es\/motogp\/aprilia-revela-dificultades-calmar-martin-tras-accidente\/","title":{"rendered":"Aprilia revela dificultades para calmar a Mart\u00edn tras el accidente: \u00abQuer\u00eda volver a pista\u00bb"},"content":{"rendered":"\n<p class=\"wp-block-paragraph\">El jefe de <strong>Aprilia<\/strong>, <strong>Paolo Bonora<\/strong>, ha informado sobre su estado y ha revelado que le cost\u00f3 mucho calmar a <strong>Jorge Mart\u00edn<\/strong> tras el accidente que apart\u00f3 al espa\u00f1ol de los primeros entrenamientos de pretemporada. Seg\u00fan el directivo, el vigente campe\u00f3n quer\u00eda volver a la pista y saber c\u00f3mo iban los test.<\/p>\n\n\n\n<p class=\"wp-block-paragraph\">Mart\u00edn s\u00f3lo pudo completar 13 vueltas en el primer d\u00eda de actividades en <strong>Malasia<\/strong>, pero se cay\u00f3 dos veces. En la segunda de ellas, en la curva 2, el fuerte high-side <a href=\"https:\/\/grandepremio.com\/es\/motogp\/jorge-martin-fractura-mano-pie-malasia-motogp\/\">le provoc\u00f3 una fractura en la mano derecha y otras en el pie izquierdo<\/a>. Como consecuencia, el piloto madrile\u00f1o regresar\u00e1 a <strong>Espa\u00f1a<\/strong> para operarse y a\u00fan no tiene fecha para volver a la <strong>RS-GP<\/strong>.<\/p>\n\n\n\n<p class=\"wp-block-paragraph\">A consecuencia del golpe en la cabeza, Mart\u00edn pas\u00f3 la noche en observaci\u00f3n en el hospital, pero, seg\u00fan Bonora, no tuvo ning\u00fan problema.<\/p>\n\n\n\n<p class=\"wp-block-paragraph\">\ud83d\udfe5&nbsp;<strong><em>\u00a1Todas las novedades te esperan en el canal de&nbsp;<\/em><\/strong><a href=\"https:\/\/www.youtube.com\/@GrandePremioES\"><em>YouTube<\/em><\/a><strong><em>&nbsp;de Grande Pr\u00eamio en Espa\u00f1ol!<\/em><\/strong>&nbsp;\ud83d\udfe8<\/p>\n\n\n\n<figure class=\"wp-block-image size-full\"><img decoding=\"async\" src=\"https:\/\/grandepremio.com\/es\/wp-content\/uploads\/2025\/02\/Jorge-Martin-caida.jpg\" alt=\"\" class=\"wp-image-313553\"\/><figcaption class=\"wp-element-caption\">Jorge Mart\u00edn tuvo duras lesiones tras caerse en el primer d\u00eda de pretemporada. (Foto: Reproducci\u00f3n)<\/figcaption><\/figure>\n\n\n\n<p class=\"wp-block-paragraph\">\u23e9\u00a0<strong><em>\u00a1Seguinos en redes por\u00a0<\/em><\/strong><a href=\"https:\/\/twitter.com\/grandepremioES\"><em>Twitter\u00a0<\/em><\/a><strong><em>e\u00a0<\/em><\/strong><a href=\"https:\/\/www.instagram.com\/grandepremioes\/\"><em>Instagram!<\/em><\/a><br>\u23e9\u00a0<strong><em>Adem\u00e1s, tenemos nuestro\u00a0<\/em><\/strong><a href=\"https:\/\/whatsapp.com\/channel\/0029VaDZ5zb0gcfDxuwxBM05\"><em>canal de Whatsapp<\/em><\/a><strong><em>\u00a0con toda la informaci\u00f3n al instante<\/em><\/strong>\u00a0\ud83c\udfc1<\/p>\n\n\n\n<p class=\"wp-block-paragraph\">\u00abPara ser honesto, me gustar\u00eda ver el lado positivo de esto\u00bb, dijo a la web oficial de MotoGP. \u00abCiertamente, en primer lugar, estamos contentos de que Jorge est\u00e9 bien hoy. Se siente c\u00f3modo, ha dormido bien esta noche y no ha tenido ning\u00fan problema en particular. As\u00ed que estamos contentos por eso, porque despu\u00e9s de esa ca\u00edda, todo el mundo estaba pensando en \u00e9l\u00bb, continu\u00f3.<\/p>\n\n\n\n<p class=\"wp-block-paragraph\">\u00abAs\u00ed que estamos contentos. Para ser sincero, lo dif\u00edcil ayer fue mantenerlo tranquilo, porque quer\u00eda volver a la pista, saber c\u00f3mo iba la prueba, qu\u00e9 est\u00e1bamos probando\u00bb, asegur\u00f3. \u00abFue divertido porque su recuperaci\u00f3n fue muy buena. Ma\u00f1ana ser\u00e1 operado en Espa\u00f1a. Ahora estamos esperando la evaluaci\u00f3n m\u00e9dica y su comunicado oficial. As\u00ed que estamos esperando lo \u00fanico positivo sobre \u00e9l, porque necesitamos su fuerza, su talento. Y lo estamos esperando\u00bb, concluy\u00f3.<\/p>\n\n\n\n<p class=\"wp-block-paragraph\"><strong>MotoGP<\/strong> celebra su primer test de la <strong>pretemporada 2025<\/strong> entre el 5 y el 7 de febrero en <strong>Sepang<\/strong>, <strong>Malasia<\/strong>.<\/p>\n\n\n\n<figure class=\"wp-block-embed is-type-video is-provider-youtube wp-block-embed-youtube wp-embed-aspect-16-9 wp-has-aspect-ratio\"><div class=\"wp-block-embed__wrapper\">\n<iframe loading=\"lazy\" title=\"LOS DESAF\u00cdOS DE DOOHAN EN SU DEBUT CON ALPINE EN F1 2025\" width=\"500\" height=\"281\" src=\"https:\/\/www.youtube.com\/embed\/DPt1oc190BY?feature=oembed\" frameborder=\"0\" allow=\"accelerometer; autoplay; clipboard-write; encrypted-media; gyroscope; picture-in-picture; web-share\" referrerpolicy=\"strict-origin-when-cross-origin\" allowfullscreen><\/iframe>\n<\/div><\/figure>\n","protected":false},"excerpt":{"rendered":"<p>El jefe de Aprilia, Paolo Bonora, ha informado sobre el estado de Jorge Mart\u00edn y ha dicho que el espa\u00f1ol ha pasado la noche en el hospital y que ser\u00e1 operado el viernes en Espa\u00f1a.<\/p>\n","protected":false},"author":0,"featured_media":1010311099,"comment_status":"closed","ping_status":"closed","sticky":false,"template":"","format":"standard","meta":{"42wp_featured_image_caption":"","42wp_featured_image_credits":"","42wp_featured_video":"","42wp_featured_image_hidden":false,"42wp_authors_list":[],"footnotes":""},"categories":[8],"tags":[1394,1526,1293,9621,9627,2199,2077],"42wp_author":[14240],"class_list":["post-9351","post","type-post","status-publish","format-standard","has-post-thumbnail","hentry","category-motogp","tag-aprilia","tag-jorge-martin","tag-motogp","tag-motogp-2025","tag-paolo-bonora","tag-rs-gp","tag-sepang","42wp_author-ignacio-bogado"],"_links":{"self":[{"href":"https:\/\/grandepremio.com\/es\/wp-json\/wp\/v2\/posts\/9351","targetHints":{"allow":["GET"]}}],"collection":[{"href":"https:\/\/grandepremio.com\/es\/wp-json\/wp\/v2\/posts"}],"about":[{"href":"https:\/\/grandepremio.com\/es\/wp-json\/wp\/v2\/types\/post"}],"replies":[{"embeddable":true,"href":"https:\/\/grandepremio.com\/es\/wp-json\/wp\/v2\/comments?post=9351"}],"version-history":[{"count":0,"href":"https:\/\/grandepremio.com\/es\/wp-json\/wp\/v2\/posts\/9351\/revisions"}],"wp:featuredmedia":[{"embeddable":true,"href":"https:\/\/grandepremio.com\/es\/wp-json\/wp\/v2\/media\/1010311099"}],"wp:attachment":[{"href":"https:\/\/grandepremio.com\/es\/wp-json\/wp\/v2\/media?parent=9351"}],"wp:term":[{"taxonomy":"category","embeddable":true,"href":"https:\/\/grandepremio.com\/es\/wp-json\/wp\/v2\/categories?post=9351"},{"taxonomy":"post_tag","embeddable":true,"href":"https:\/\/grandepremio.com\/es\/wp-json\/wp\/v2\/tags?post=9351"},{"taxonomy":"42wp_author","embeddable":true,"href":"https:\/\/grandepremio.com\/es\/wp-json\/wp\/v2\/42wp_author?post=9351"}],"curies":[{"name":"wp","href":"https:\/\/api.w.org\/{rel}","templated":true}]}}