{"id":9352,"date":"2025-02-06T08:54:58","date_gmt":"2025-02-06T11:54:58","guid":{"rendered":"https:\/\/grandepremio.com\/es\/2025\/02\/06\/mercedes-controla-expectativas-2025-esperar-pruebas-f1\/"},"modified":"2025-02-06T08:55:02","modified_gmt":"2025-02-06T11:55:02","slug":"mercedes-controla-expectativas-2025-esperar-pruebas-f1","status":"publish","type":"post","link":"https:\/\/grandepremio.com\/es\/f1\/mercedes-controla-expectativas-2025-esperar-pruebas-f1\/","title":{"rendered":"Mercedes controla las expectativas para 2025 y habla de \u00abesperar pruebas\u00bb de la F1"},"content":{"rendered":"\n<p class=\"wp-block-paragraph\"><strong>Mercedes<\/strong> ha visto c\u00f3mo su dominio en la <strong>F\u00f3rmula 1<\/strong> llegaba a su fin con el cambio de reglamento. Tras ocho t\u00edtulos consecutivos del <strong>Mundial de Constructores<\/strong> -algo \u00fanico en la historia-, la escuder\u00eda s\u00f3lo gan\u00f3 cinco carreras entre <strong>2022<\/strong> y <strong>2024<\/strong>, los a\u00f1os de vigencia de los coches con efecto suelo. Para <strong>2025<\/strong>, <strong>Toto Wolff<\/strong>, jefe de la escuder\u00eda, promete hablar menos de expectativas y espera a los test de pretemporada para trazar un pron\u00f3stico de lo que se puede esperar del equipo de <strong>Brackley<\/strong>.<\/p>\n\n\n\n<p class=\"wp-block-paragraph\">Mercedes fue uno de los equipos que m\u00e1s sufri\u00f3 con el cambio de reglamento para 2022. Perdi\u00f3 mucho rendimiento respecto a lo que ven\u00eda mostrando en la F\u00f3rmula 1, adem\u00e1s de convivir con el porpoising de forma m\u00e1s severa en los primeros compases del actual reglamento t\u00e9cnico de la categor\u00eda.<\/p>\n\n\n\n<p class=\"wp-block-paragraph\">Wolff justific\u00f3 su silencio a la hora de hablar del modelo de 2025 debido al historial, alegando que estos coches actuales son dif\u00edciles de llevar al punto ideal de rendimiento. El jefe de Mercedes esperar\u00e1 a los test de pretemporada, previstos para los d\u00edas 26, 27 y 28 de febrero en el circuito de <strong>Sakhir, Bahr\u00e9in<\/strong>, para hablar del <strong>W16<\/strong>.<\/p>\n\n\n\n<p class=\"wp-block-paragraph\">\ud83d\udfe5&nbsp;<em><strong>\u00a1Todas las novedades te esperan en el canal de&nbsp;<\/strong><\/em><a href=\"https:\/\/www.youtube.com\/@GrandePremioES\"><em>YouTube<\/em><\/a><em><strong>&nbsp;de Grande Pr\u00eamio en Espa\u00f1ol!<\/strong><\/em>&nbsp;\ud83d\udfe8<\/p>\n\n\n\n<figure class=\"wp-block-image size-full\"><img decoding=\"async\" src=\"https:\/\/grandepremio.com\/es\/wp-content\/uploads\/..\/gp_br_uploads\/2024\/12\/abu-dhabi-2024-f1-quinta-feira-mercedes-george-russell-afp-02.jpg\" alt=\"\" class=\"wp-image-304949\"\/><figcaption class=\"wp-element-caption\">Wolff asegura que Russell tiene todo para luchar por el t\u00edtulo y espera darle un buen coche. (Foto: AFP)<\/figcaption><\/figure>\n\n\n\n<p class=\"wp-block-paragraph\">\u23e9\u00a0<em><strong>\u00a1Seguinos en redes por\u00a0<\/strong><\/em><a href=\"https:\/\/twitter.com\/grandepremioES\"><em>Twitter\u00a0<\/em><\/a><em><strong>e\u00a0<\/strong><\/em><a href=\"https:\/\/www.instagram.com\/grandepremioes\/\"><em>Instagram!<\/em><\/a><br>\u23e9\u00a0<em><strong>Adem\u00e1s, tenemos nuestro\u00a0<\/strong><\/em><a href=\"https:\/\/whatsapp.com\/channel\/0029VaDZ5zb0gcfDxuwxBM05\"><em>canal de Whatsapp<\/em><\/a><em><strong>\u00a0con toda la informaci\u00f3n al instante<\/strong><\/em>\u00a0\ud83c\udfc1<\/p>\n\n\n\n<p class=\"wp-block-paragraph\">\u00abEstos coches son muy dif\u00edciles de alcanzar el punto ideal, algo que s\u00f3lo hemos conseguido unas pocas veces. Fuimos ultradominantes en <strong>Las Vegas<\/strong>, pero no hemos podido luchar por el podio en otros circuitos\u00bb, coment\u00f3 Wolff.<\/p>\n\n\n\n<p class=\"wp-block-paragraph\">\u00abNo voy a hablar demasiado de expectativas. Es para ver c\u00f3mo ser\u00e1 el rendimiento en las pruebas, para entender si vamos a resolver algunos problemas de equilibrio, encontrar una mejor forma con los neum\u00e1ticos y luego ya veremos\u00bb, continu\u00f3 el austr\u00edaco.<\/p>\n\n\n\n<p class=\"wp-block-paragraph\">Cuando se le pregunt\u00f3 por la pareja de pilotos, Wolff no se equivoc\u00f3 y cree que <strong>George Russell<\/strong> tiene todo lo que un aspirante necesita para ser campe\u00f3n, al tiempo que espera que Mercedes le entregue un buen coche a \u00e9l y a <strong>Andrea Kimi Antonelli<\/strong> en 2025.<\/p>\n\n\n\n<p class=\"wp-block-paragraph\">\u00abGeorge est\u00e1 listo para luchar por el t\u00edtulo, d\u00e9mosle a Kimi y a \u00e9l el coche lo antes posible\u00bb, concluy\u00f3.<\/p>\n\n\n\n<p class=\"wp-block-paragraph\">La&nbsp;<strong><a href=\"https:\/\/es.grandepremio.com\/f1\/\" target=\"_blank\" rel=\"noreferrer noopener\"><\/a><a href=\"https:\/\/es.grandepremio.com\/f1\/\" target=\"_blank\" rel=\"noreferrer noopener\"><\/a><a href=\"https:\/\/es.grandepremio.com\/f1\/\" target=\"_blank\" rel=\"noreferrer noopener\"><\/a><a href=\"https:\/\/es.grandepremio.com\/f1\/\" target=\"_blank\" rel=\"noreferrer noopener\"><\/a><a href=\"https:\/\/es.grandepremio.com\/f1\/\" target=\"_blank\" rel=\"noreferrer noopener\"><\/a><a href=\"https:\/\/es.grandepremio.com\/f1\/\" target=\"_blank\" rel=\"noreferrer noopener\"><\/a><a href=\"https:\/\/es.grandepremio.com\/f1\/\" target=\"_blank\" rel=\"noreferrer noopener\"><\/a><a href=\"https:\/\/es.grandepremio.com\/f1\/\" target=\"_blank\" rel=\"noreferrer noopener\"><\/a><a href=\"https:\/\/es.grandepremio.com\/f1\/\" target=\"_blank\" rel=\"noreferrer noopener\"><\/a><a href=\"https:\/\/es.grandepremio.com\/f1\/\" target=\"_blank\" rel=\"noreferrer noopener\"><\/a><a href=\"https:\/\/es.grandepremio.com\/f1\/\" target=\"_blank\" rel=\"noreferrer noopener\"><\/a><a href=\"https:\/\/es.grandepremio.com\/f1\/\" target=\"_blank\" rel=\"noreferrer noopener\"><\/a><a href=\"https:\/\/es.grandepremio.com\/f1\/\" target=\"_blank\" rel=\"noreferrer noopener\"><\/a><a href=\"https:\/\/es.grandepremio.com\/f1\/\" target=\"_blank\" rel=\"noreferrer noopener\"><\/a><a href=\"https:\/\/es.grandepremio.com\/f1\/\" target=\"_blank\" rel=\"noreferrer noopener\"><\/a><a href=\"https:\/\/es.grandepremio.com\/f1\/\" target=\"_blank\" rel=\"noreferrer noopener\"><\/a><a href=\"https:\/\/es.grandepremio.com\/f1\/\" target=\"_blank\" rel=\"noreferrer noopener\"><\/a><a href=\"https:\/\/es.grandepremio.com\/f1\/\" target=\"_blank\" rel=\"noreferrer noopener\"><\/a><a href=\"https:\/\/es.grandepremio.com\/f1\/\" target=\"_blank\" rel=\"noreferrer noopener\"><\/a><a href=\"https:\/\/es.grandepremio.com\/f1\/\" target=\"_blank\" rel=\"noreferrer noopener\"><\/a><a href=\"https:\/\/es.grandepremio.com\/f1\/\" target=\"_blank\" rel=\"noreferrer noopener\"><\/a><a href=\"https:\/\/es.grandepremio.com\/f1\/\" target=\"_blank\" rel=\"noreferrer noopener\"><\/a><a href=\"https:\/\/es.grandepremio.com\/f1\/\" target=\"_blank\" rel=\"noreferrer noopener\">F\u00f3rmula 1<\/a><\/strong>&nbsp;se encuentra de vacaciones y volver\u00e1 para las pruebas de pretemporada, previstas en&nbsp;<strong>Bahr\u00e9in&nbsp;<\/strong>entre el 26 y el 28 de febrero. La temporada 2025 comienza con el&nbsp;<strong>Gran Premio de Australia<\/strong>, del 14 al 16 de marzo.<\/p>\n\n\n\n<figure class=\"wp-block-embed is-type-video is-provider-youtube wp-block-embed-youtube wp-embed-aspect-16-9 wp-has-aspect-ratio\"><div class=\"wp-block-embed__wrapper\">\n<iframe loading=\"lazy\" title=\"LOS DESAF\u00cdOS DE DOOHAN EN SU DEBUT CON ALPINE EN F1 2025\" width=\"500\" height=\"281\" src=\"https:\/\/www.youtube.com\/embed\/DPt1oc190BY?feature=oembed\" frameborder=\"0\" allow=\"accelerometer; autoplay; clipboard-write; encrypted-media; gyroscope; picture-in-picture; web-share\" referrerpolicy=\"strict-origin-when-cross-origin\" allowfullscreen><\/iframe>\n<\/div><\/figure>\n","protected":false},"excerpt":{"rendered":"<p>Toto Wolff afirm\u00f3 que los coches actuales son \u00abcomplicados\u00bb y esperar\u00e1 a los test de pretemporada antes de hablar de las expectativas de Mercedes para 2025.<\/p>\n","protected":false},"author":0,"featured_media":1010306949,"comment_status":"closed","ping_status":"closed","sticky":false,"template":"","format":"standard","meta":{"42wp_featured_image_caption":"","42wp_featured_image_credits":"","42wp_featured_video":"","42wp_featured_image_hidden":false,"42wp_authors_list":[],"footnotes":""},"categories":[5],"tags":[6800,1710,179,253,197,569,11524],"42wp_author":[14240],"class_list":["post-9352","post","type-post","status-publish","format-standard","has-post-thumbnail","hentry","category-f1","tag-andrea-kimi-antonelli","tag-f1-2025","tag-formula-1","tag-george-russell","tag-mercedes","tag-toto-wolff","tag-w16","42wp_author-ignacio-bogado"],"_links":{"self":[{"href":"https:\/\/grandepremio.com\/es\/wp-json\/wp\/v2\/posts\/9352","targetHints":{"allow":["GET"]}}],"collection":[{"href":"https:\/\/grandepremio.com\/es\/wp-json\/wp\/v2\/posts"}],"about":[{"href":"https:\/\/grandepremio.com\/es\/wp-json\/wp\/v2\/types\/post"}],"replies":[{"embeddable":true,"href":"https:\/\/grandepremio.com\/es\/wp-json\/wp\/v2\/comments?post=9352"}],"version-history":[{"count":0,"href":"https:\/\/grandepremio.com\/es\/wp-json\/wp\/v2\/posts\/9352\/revisions"}],"wp:featuredmedia":[{"embeddable":true,"href":"https:\/\/grandepremio.com\/es\/wp-json\/wp\/v2\/media\/1010306949"}],"wp:attachment":[{"href":"https:\/\/grandepremio.com\/es\/wp-json\/wp\/v2\/media?parent=9352"}],"wp:term":[{"taxonomy":"category","embeddable":true,"href":"https:\/\/grandepremio.com\/es\/wp-json\/wp\/v2\/categories?post=9352"},{"taxonomy":"post_tag","embeddable":true,"href":"https:\/\/grandepremio.com\/es\/wp-json\/wp\/v2\/tags?post=9352"},{"taxonomy":"42wp_author","embeddable":true,"href":"https:\/\/grandepremio.com\/es\/wp-json\/wp\/v2\/42wp_author?post=9352"}],"curies":[{"name":"wp","href":"https:\/\/api.w.org\/{rel}","templated":true}]}}