{"id":9375,"date":"2025-02-04T12:17:42","date_gmt":"2025-02-04T15:17:42","guid":{"rendered":"https:\/\/grandepremio.com\/es\/2025\/02\/04\/cadillac-mueve-ficha-proyecto-f1-confirma-ex-haas-jefe-equipo\/"},"modified":"2025-02-04T12:17:46","modified_gmt":"2025-02-04T15:17:46","slug":"cadillac-mueve-ficha-proyecto-f1-confirma-ex-haas-jefe-equipo","status":"publish","type":"post","link":"https:\/\/grandepremio.com\/es\/f1\/cadillac-mueve-ficha-proyecto-f1-confirma-ex-haas-jefe-equipo\/","title":{"rendered":"Cadillac mueve ficha para su proyecto de F1 y confirma a un ex-Haas como jefe de equipo"},"content":{"rendered":"\n<p class=\"wp-block-paragraph\"><strong>Cadillac<\/strong> pretende formar parte de la parrilla de <strong>F\u00f3rmula 1<\/strong> en <strong>2026<\/strong> y est\u00e1 realizando algunas contrataciones para conformar el staff t\u00e9cnico del equipo. Y <strong>Peter Crolla<\/strong>, un ingeniero brit\u00e1nico con experiencia en <strong>McLaren<\/strong> y <strong>Haas<\/strong>, ha sido elegido para asumir el cargo de director del equipo el a\u00f1o que viene.<\/p>\n\n\n\n<p class=\"wp-block-paragraph\">La F1 confirm\u00f3 a finales del a\u00f1o pasado que <a href=\"https:\/\/grandepremio.com\/es\/f1\/f1-anuncia-acuerdo-gm-cadillac-sera-11mo-equipo-2026\/\">hab\u00eda llegado a un principio de acuerdo con <strong>General Motors<\/strong><\/a>, a trav\u00e9s de Cadillac, para utilizar la marca a partir del a\u00f1o que viene. Aunque ha firmado un <a href=\"https:\/\/grandepremio.com\/es\/f1\/cadillac-firma-motores-ferrari-andretti-contratacion\/\">acuerdo de suministro de motores con <strong>Ferrari<\/strong><\/a>, la intenci\u00f3n de GM es tambi\u00e9n producir sus propias unidades de potencia para <strong>2028<\/strong>.<\/p>\n\n\n\n<p class=\"wp-block-paragraph\">La <strong>FIA<\/strong> ha confirmado que la auditor\u00eda \u00abest\u00e1 en las fases finales\u00bb y el proceso deber\u00eda concluir pronto. Si todo est\u00e1 en orden, la marca estadounidense podr\u00e1 incorporarse a la parrilla en 2026.<\/p>\n\n\n\n<p class=\"wp-block-paragraph\">\ud83d\udfe5&nbsp;<em><strong>\u00a1Todas las novedades te esperan en el canal de&nbsp;<\/strong><\/em><a href=\"https:\/\/www.youtube.com\/@GrandePremioES\"><em>YouTube<\/em><\/a><em><strong>&nbsp;de Grande Pr\u00eamio en Espa\u00f1ol!<\/strong><\/em>&nbsp;\ud83d\udfe8<\/p>\n\n\n\n<figure class=\"wp-block-image size-full\"><img decoding=\"async\" src=\"https:\/\/grandepremio.com\/cdn-cgi\/image\/width=893,height=558,fit=contain,gravity=0.5x0.5,quality=75,format=webp\/es\/wp-content\/uploads\/2025\/02\/Peter-Crolla-e-o-gerente-de-equipe-da-Cadillac-na-F1-Foto-Reproducao.jpg\" alt=\"\" class=\"wp-image-313514\"\/><figcaption class=\"wp-element-caption\">Peter Crolla fue nombrado como director de equipo de Cadillac para 2026. (Foto: Reproducci\u00f3n)<\/figcaption><\/figure>\n\n\n\n<p class=\"wp-block-paragraph\">\u23e9\u00a0<em><strong>\u00a1Seguinos en redes por\u00a0<\/strong><\/em><a href=\"https:\/\/twitter.com\/grandepremioES\"><em>Twitter\u00a0<\/em><\/a><em><strong>e\u00a0<\/strong><\/em><a href=\"https:\/\/www.instagram.com\/grandepremioes\/\"><em>Instagram!<\/em><\/a><br>\u23e9\u00a0<em><strong>Adem\u00e1s, tenemos nuestro\u00a0<\/strong><\/em><a href=\"https:\/\/whatsapp.com\/channel\/0029VaDZ5zb0gcfDxuwxBM05\"><em>canal de Whatsapp<\/em><\/a><em><strong>\u00a0con toda la informaci\u00f3n al instante<\/strong><\/em>\u00a0\ud83c\udfc1<\/p>\n\n\n\n<p class=\"wp-block-paragraph\">Con la aprobaci\u00f3n para convertirse en el und\u00e9cimo equipo de la parrilla pareciendo una mera formalidad, Cadillac avanza y realiza incorporaciones para empezar a trabajar en el proyecto de la F1. As\u00ed, el \u00faltimo fichaje del equipo es Crolla.<\/p>\n\n\n\n<p class=\"wp-block-paragraph\">El ingeniero dej\u00f3 McLaren en <strong>2015<\/strong> para empezar a trabajar con Haas en los preparativos de la temporada <strong>2016<\/strong>. En <strong>2017<\/strong>, fue ascendido a director de equipo y continu\u00f3 en el cargo hasta que fue reasignado a director de operaciones en pista entre <strong>2021<\/strong> y <strong>2022<\/strong>. En <strong>2023<\/strong> regres\u00f3 al puesto de director de equipo.<\/p>\n\n\n\n<p class=\"wp-block-paragraph\">Al antiguo empleado de Haas le acompa\u00f1an ahora en Cadillac la directora del equipo <strong>Grace Lowdon<\/strong>, el director t\u00e9cnico <strong>Nicholas Chester<\/strong>, el director de operaciones <strong>Rob White<\/strong> y el asesor ejecutivo de ingenier\u00eda <strong>Pat Symonds<\/strong>.<\/p>\n\n\n\n<p class=\"wp-block-paragraph\">La&nbsp;<strong><a href=\"https:\/\/es.grandepremio.com\/f1\/\" target=\"_blank\" rel=\"noreferrer noopener\"><\/a><a href=\"https:\/\/es.grandepremio.com\/f1\/\" target=\"_blank\" rel=\"noreferrer noopener\"><\/a><a href=\"https:\/\/es.grandepremio.com\/f1\/\" target=\"_blank\" rel=\"noreferrer noopener\"><\/a><a href=\"https:\/\/es.grandepremio.com\/f1\/\" target=\"_blank\" rel=\"noreferrer noopener\"><\/a><a href=\"https:\/\/es.grandepremio.com\/f1\/\" target=\"_blank\" rel=\"noreferrer noopener\"><\/a><a href=\"https:\/\/es.grandepremio.com\/f1\/\" target=\"_blank\" rel=\"noreferrer noopener\"><\/a><a href=\"https:\/\/es.grandepremio.com\/f1\/\" target=\"_blank\" rel=\"noreferrer noopener\"><\/a><a href=\"https:\/\/es.grandepremio.com\/f1\/\" target=\"_blank\" rel=\"noreferrer noopener\"><\/a><a href=\"https:\/\/es.grandepremio.com\/f1\/\" target=\"_blank\" rel=\"noreferrer noopener\"><\/a><a href=\"https:\/\/es.grandepremio.com\/f1\/\" target=\"_blank\" rel=\"noreferrer noopener\"><\/a><a href=\"https:\/\/es.grandepremio.com\/f1\/\" target=\"_blank\" rel=\"noreferrer noopener\"><\/a><a href=\"https:\/\/es.grandepremio.com\/f1\/\" target=\"_blank\" rel=\"noreferrer noopener\"><\/a><a href=\"https:\/\/es.grandepremio.com\/f1\/\" target=\"_blank\" rel=\"noreferrer noopener\"><\/a><a href=\"https:\/\/es.grandepremio.com\/f1\/\" target=\"_blank\" rel=\"noreferrer noopener\"><\/a><a href=\"https:\/\/es.grandepremio.com\/f1\/\" target=\"_blank\" rel=\"noreferrer noopener\"><\/a><a href=\"https:\/\/es.grandepremio.com\/f1\/\" target=\"_blank\" rel=\"noreferrer noopener\"><\/a><a href=\"https:\/\/es.grandepremio.com\/f1\/\" target=\"_blank\" rel=\"noreferrer noopener\"><\/a><a href=\"https:\/\/es.grandepremio.com\/f1\/\" target=\"_blank\" rel=\"noreferrer noopener\"><\/a><a href=\"https:\/\/es.grandepremio.com\/f1\/\" target=\"_blank\" rel=\"noreferrer noopener\"><\/a><a href=\"https:\/\/es.grandepremio.com\/f1\/\" target=\"_blank\" rel=\"noreferrer noopener\"><\/a><a href=\"https:\/\/es.grandepremio.com\/f1\/\" target=\"_blank\" rel=\"noreferrer noopener\"><\/a><a href=\"https:\/\/es.grandepremio.com\/f1\/\" target=\"_blank\" rel=\"noreferrer noopener\"><\/a><a href=\"https:\/\/es.grandepremio.com\/f1\/\" target=\"_blank\" rel=\"noreferrer noopener\">F\u00f3rmula 1<\/a><\/strong>&nbsp;se encuentra de vacaciones y volver\u00e1 para las pruebas de pretemporada, previstas en&nbsp;<strong>Bahr\u00e9in&nbsp;<\/strong>entre el 26 y el 28 de febrero. La temporada 2025 comienza con el&nbsp;<strong>Gran Premio de Australia<\/strong>, del 14 al 16 de marzo.<\/p>\n\n\n\n<figure class=\"wp-block-embed is-type-video is-provider-youtube wp-block-embed-youtube wp-embed-aspect-16-9 wp-has-aspect-ratio\"><div class=\"wp-block-embed__wrapper\">\n<iframe loading=\"lazy\" title=\"LOS DESAF\u00cdOS DE DOOHAN EN SU DEBUT CON ALPINE EN F1 2025\" width=\"500\" height=\"281\" src=\"https:\/\/www.youtube.com\/embed\/DPt1oc190BY?feature=oembed\" frameborder=\"0\" allow=\"accelerometer; autoplay; clipboard-write; encrypted-media; gyroscope; picture-in-picture; web-share\" referrerpolicy=\"strict-origin-when-cross-origin\" allowfullscreen><\/iframe>\n<\/div><\/figure>\n","protected":false},"excerpt":{"rendered":"<p>Mientras se prepara para convertirse en el und\u00e9cimo equipo de la parrilla de F\u00f3rmula 1, Cadillac ha contratado a Peter Crolla como director del equipo para 2026.<\/p>\n","protected":false},"author":0,"featured_media":1010312636,"comment_status":"closed","ping_status":"closed","sticky":false,"template":"","format":"standard","meta":{"42wp_featured_image_caption":"","42wp_featured_image_credits":"","42wp_featured_video":"","42wp_featured_image_hidden":false,"42wp_authors_list":[],"footnotes":""},"categories":[5],"tags":[1560,1710,185,263,179,4892,11648,414,11649,1912,11647,7930,10368],"42wp_author":[14240],"class_list":["post-9375","post","type-post","status-publish","format-standard","has-post-thumbnail","hentry","category-f1","tag-cadillac","tag-f1-2025","tag-ferrari","tag-fia","tag-formula-1","tag-general-motors","tag-grace-lowdon","tag-haas","tag-nicholas-chester","tag-pat-symonds","tag-peter-crolla","tag-reglamento-2026","tag-rob-white","42wp_author-ignacio-bogado"],"_links":{"self":[{"href":"https:\/\/grandepremio.com\/es\/wp-json\/wp\/v2\/posts\/9375","targetHints":{"allow":["GET"]}}],"collection":[{"href":"https:\/\/grandepremio.com\/es\/wp-json\/wp\/v2\/posts"}],"about":[{"href":"https:\/\/grandepremio.com\/es\/wp-json\/wp\/v2\/types\/post"}],"replies":[{"embeddable":true,"href":"https:\/\/grandepremio.com\/es\/wp-json\/wp\/v2\/comments?post=9375"}],"version-history":[{"count":0,"href":"https:\/\/grandepremio.com\/es\/wp-json\/wp\/v2\/posts\/9375\/revisions"}],"wp:featuredmedia":[{"embeddable":true,"href":"https:\/\/grandepremio.com\/es\/wp-json\/wp\/v2\/media\/1010312636"}],"wp:attachment":[{"href":"https:\/\/grandepremio.com\/es\/wp-json\/wp\/v2\/media?parent=9375"}],"wp:term":[{"taxonomy":"category","embeddable":true,"href":"https:\/\/grandepremio.com\/es\/wp-json\/wp\/v2\/categories?post=9375"},{"taxonomy":"post_tag","embeddable":true,"href":"https:\/\/grandepremio.com\/es\/wp-json\/wp\/v2\/tags?post=9375"},{"taxonomy":"42wp_author","embeddable":true,"href":"https:\/\/grandepremio.com\/es\/wp-json\/wp\/v2\/42wp_author?post=9375"}],"curies":[{"name":"wp","href":"https:\/\/api.w.org\/{rel}","templated":true}]}}