{"id":9441,"date":"2025-01-31T08:11:00","date_gmt":"2025-01-31T11:11:00","guid":{"rendered":"https:\/\/grandepremio.com\/es\/2025\/01\/31\/bortoleto-muy-contento-tras-test-barcelona-f1-2025\/"},"modified":"2025-01-31T14:56:12","modified_gmt":"2025-01-31T17:56:12","slug":"bortoleto-muy-contento-tras-test-barcelona-f1-2025","status":"publish","type":"post","link":"https:\/\/grandepremio.com\/es\/f1\/bortoleto-muy-contento-tras-test-barcelona-f1-2025\/","title":{"rendered":"Bortoleto dice estar &#8220;muy contento&#8221; tras los test en Barcelona y avisa: &#8220;Estoy preparado&#8221;"},"content":{"rendered":"\n<p class=\"wp-block-paragraph\">El equipo<strong> Sauber<\/strong> finaliz\u00f3 dos d\u00edas de pruebas en el <strong>Circuito de Barcelona<\/strong> esta semana, de acuerdo con los kil\u00f3metros permitidos por la <strong>FIA<\/strong> para los ensayos con veh\u00edculos de, por lo menos, dos temporadas atr\u00e1s y <strong>Gabriel Bortoleto<\/strong> afirm\u00f3 que ya est\u00e1 preparado para su debut, en el <strong>GP de Australia<\/strong>.<\/p>\n\n\n\n<p class=\"wp-block-paragraph\">\ud83d\udfe5&nbsp;<strong><em>\u00a1Todas las novedades te esperan en el canal de&nbsp;<\/em><\/strong><a href=\"https:\/\/www.youtube.com\/@GrandePremioES\"><em>YouTube<\/em><\/a><strong><em>&nbsp;de Grande Pr\u00eamio en Espa\u00f1ol!<\/em><\/strong>&nbsp;\ud83d\udfe8<\/p>\n\n\n\n<p class=\"wp-block-paragraph\">Bortoleto tambi\u00e9n prob\u00f3 en el aut\u00f3dromo <strong>Enzo y Dino Ferrari<\/strong> de <strong>\u00cdmola<\/strong>, pero la lluvia recort\u00f3 el tiempo que tuvieron en pista para sumar kil\u00f3metros antes de su primera carrera oficial como piloto de la <strong>F\u00f3rmula 1<\/strong>. El piloto brasile\u00f1o viene de ganar los t\u00edtulos de la <strong>F\u00f3rmula 3<\/strong> y de la <strong>F\u00f3rmula 2<\/strong>, en 2023 y 2024, por lo cual llega con pergaminos muy importantes.<\/p>\n\n\n\n<p class=\"wp-block-paragraph\"><strong>\u201cDos d\u00edas de pruebas finalizados aqu\u00ed en Barcelona. Muy contento con los resultados, hemos dado muchas vueltas. En Imola llov\u00eda, as\u00ed que acabamos guardando todas las vueltas, juegos de neum\u00e1ticos y todo para Barcelona, y realmente disfrutamos aqu\u00ed. Estoy muy contento y preparado para la temporada. Cuento con el apoyo de todos, \u00a1vamos! Vamos, \u00a1Brasil!\u201d<\/strong>, dijo Bortoleto despu\u00e9s de los ensayos.<\/p>\n\n\n\n<figure class=\"wp-block-embed is-type-video is-provider-youtube wp-block-embed-youtube wp-embed-aspect-16-9 wp-has-aspect-ratio\"><div class=\"wp-block-embed__wrapper\">\n<iframe loading=\"lazy\" title=\"VARRONE Y SU SUE\u00d1O DE F\u00d3RMULA 1\" width=\"500\" height=\"281\" src=\"https:\/\/www.youtube.com\/embed\/BEZ9Mb11jzo?feature=oembed\" frameborder=\"0\" allow=\"accelerometer; autoplay; clipboard-write; encrypted-media; gyroscope; picture-in-picture; web-share\" referrerpolicy=\"strict-origin-when-cross-origin\" allowfullscreen><\/iframe>\n<\/div><\/figure>\n\n\n\n<p class=\"wp-block-paragraph\">Al igual que ha ocurrido con <strong>Franco Colapinto<\/strong> en el caso de los fan\u00e1ticos argentinos, Gabriel provoca un entusiasmo muy grande, debido a que no hay un piloto de Brasil en la F1 desde que <strong>Felipe Massa<\/strong> corri\u00f3 para <strong>Williams<\/strong> en 2017. El piloto paulista ya se hab\u00eda subido al auto del equipo con base en <strong>Hinwil <\/strong>a finales del a\u00f1o pasado, en los test de postemporada en Abu Dhabi.<\/p>\n\n\n\n<p class=\"wp-block-paragraph\">\u23e9&nbsp;<strong><em>\u00a1Seguinos en redes por&nbsp;<\/em><\/strong><a href=\"https:\/\/twitter.com\/grandepremioES\"><em>Twitter&nbsp;<\/em><\/a><strong><em>e&nbsp;<\/em><\/strong><a href=\"https:\/\/www.instagram.com\/grandepremioes\/\"><em>Instagram!<\/em><\/a><br>\u23e9&nbsp;<strong><em>Adem\u00e1s, tenemos nuestro&nbsp;<\/em><\/strong><a href=\"https:\/\/whatsapp.com\/channel\/0029VaDZ5zb0gcfDxuwxBM05\"><em>canal de Whatsapp<\/em><\/a><strong><em>&nbsp;con toda la informaci\u00f3n al instante<\/em><\/strong>&nbsp;\ud83c\udfc1<\/p>\n\n\n\n<p class=\"wp-block-paragraph\">La F\u00f3rmula 1 volver\u00e1 para las pruebas de pretemporada, previstas en Bahr\u00e9in entre el 26 y el 28 de febrero. La temporada 2025 comienza con el Gran Premio de Australia, del 14 al 16 de marzo.<\/p>\n","protected":false},"excerpt":{"rendered":"<p>Gabriel Bortoleto ha finalizado loas pruebas privadas con Sauber en Barcelona y ha asegurado que est\u00e1 \u201cmuy contento con los resultados\u201d y ha recalcado que est\u00e1 preparado para debutar en la F\u00f3rmula 1.<\/p>\n","protected":false},"author":0,"featured_media":1010312959,"comment_status":"closed","ping_status":"closed","sticky":false,"template":"","format":"standard","meta":{"42wp_featured_image_caption":"","42wp_featured_image_credits":"","42wp_featured_video":"","42wp_featured_image_hidden":false,"42wp_authors_list":[],"footnotes":""},"categories":[5],"tags":[10190,1883,755,263,179,211,1128,814,4071,1475,5483,2528,497,204],"42wp_author":[14237],"class_list":["post-9441","post","type-post","status-publish","format-standard","has-post-thumbnail","hentry","category-f1","tag-autodromo-enzo-y-dino-ferrari","tag-circuito-de-barcelona","tag-felipe-massa","tag-fia","tag-formula-1","tag-formula-2","tag-formula-3","tag-franco-colapinto","tag-gabriel-bortoleto","tag-gp-de-australia","tag-hinwil","tag-imola-2","tag-sauber","tag-williams","42wp_author-gabriel-garcia"],"_links":{"self":[{"href":"https:\/\/grandepremio.com\/es\/wp-json\/wp\/v2\/posts\/9441","targetHints":{"allow":["GET"]}}],"collection":[{"href":"https:\/\/grandepremio.com\/es\/wp-json\/wp\/v2\/posts"}],"about":[{"href":"https:\/\/grandepremio.com\/es\/wp-json\/wp\/v2\/types\/post"}],"replies":[{"embeddable":true,"href":"https:\/\/grandepremio.com\/es\/wp-json\/wp\/v2\/comments?post=9441"}],"version-history":[{"count":0,"href":"https:\/\/grandepremio.com\/es\/wp-json\/wp\/v2\/posts\/9441\/revisions"}],"wp:featuredmedia":[{"embeddable":true,"href":"https:\/\/grandepremio.com\/es\/wp-json\/wp\/v2\/media\/1010312959"}],"wp:attachment":[{"href":"https:\/\/grandepremio.com\/es\/wp-json\/wp\/v2\/media?parent=9441"}],"wp:term":[{"taxonomy":"category","embeddable":true,"href":"https:\/\/grandepremio.com\/es\/wp-json\/wp\/v2\/categories?post=9441"},{"taxonomy":"post_tag","embeddable":true,"href":"https:\/\/grandepremio.com\/es\/wp-json\/wp\/v2\/tags?post=9441"},{"taxonomy":"42wp_author","embeddable":true,"href":"https:\/\/grandepremio.com\/es\/wp-json\/wp\/v2\/42wp_author?post=9441"}],"curies":[{"name":"wp","href":"https:\/\/api.w.org\/{rel}","templated":true}]}}