{"id":9450,"date":"2025-01-30T11:05:07","date_gmt":"2025-01-30T14:05:07","guid":{"rendered":"https:\/\/grandepremio.com\/es\/2025\/01\/30\/piastri-completa-120-vueltas-lluvia-test-pirelli-neumaticos-f1-2026\/"},"modified":"2025-01-30T11:05:11","modified_gmt":"2025-01-30T14:05:11","slug":"piastri-completa-120-vueltas-lluvia-test-pirelli-neumaticos-f1-2026","status":"publish","type":"post","link":"https:\/\/grandepremio.com\/es\/f1\/piastri-completa-120-vueltas-lluvia-test-pirelli-neumaticos-f1-2026\/","title":{"rendered":"Piastri completa 120 vueltas bajo la lluvia en el nuevo test de Pirelli con neum\u00e1ticos F1 2026"},"content":{"rendered":"\n<p class=\"wp-block-paragraph\"><strong>Pirelli<\/strong> realiz\u00f3 una nueva prueba de los compuestos que se utilizar\u00e1n a partir de la <strong>temporada 2026<\/strong> de <strong>F\u00f3rmula 1<\/strong>. El equipo del d\u00eda fue <strong>McLaren<\/strong>, que envi\u00f3 a <strong>Oscar Piastri<\/strong> a la pista con un <strong>MCL60<\/strong> modificado para probar los nuevos neum\u00e1ticos en el circuito franc\u00e9s de <strong>Paul Ricard<\/strong>, bajo una intensa lluvia.<\/p>\n\n\n\n<p class=\"wp-block-paragraph\">A pesar de las condiciones de lluvia y el fr\u00edo, que dificultaron y redujeron el n\u00famero de vueltas previstas, el #81 a\u00fan consigui\u00f3 completar 120 vueltas en la pista, con la m\u00e1s r\u00e1pida completada en <strong>1min7s008<\/strong>.<\/p>\n\n\n\n<p class=\"wp-block-paragraph\">A primera vista, es un tiempo considerablemente inferior al r\u00e9cord del circuito, que fue establecido por <strong>Sebastian Vettel<\/strong> en <strong>2019<\/strong> con un tiempo de <strong>1min32s740<\/strong>. Sin embargo, cabe destacar que Piastri recorri\u00f3 un trazado diferente al utilizado por la F1 ese a\u00f1o, unos 2,3 kil\u00f3metros m\u00e1s corto.<\/p>\n\n\n\n<p class=\"wp-block-paragraph\">Proporcionalmente, el tiempo de Piastri equivaldr\u00eda a unos 2min02s alrededor de la pista de 5,8 kil\u00f3metros utilizada por la F\u00f3rmula 1. En total, el australiano recorri\u00f3 <strong>415,56 kil\u00f3metros<\/strong> en Paul Ricard.<\/p>\n\n\n\n<p class=\"wp-block-paragraph\">\ud83d\udfe5&nbsp;<em><strong>\u00a1Todas las novedades te esperan en el canal de&nbsp;<\/strong><\/em><a href=\"https:\/\/www.youtube.com\/@GrandePremioES\"><em>YouTube<\/em><\/a><em><strong>&nbsp;de Grande Pr\u00eamio en Espa\u00f1ol!<\/strong><\/em>&nbsp;\ud83d\udfe8<\/p>\n\n\n\n<figure class=\"wp-block-image size-full\"><img decoding=\"async\" src=\"https:\/\/grandepremio.com\/es\/wp-content\/uploads\/..\/gp_br_uploads\/2024\/11\/sao-paulo-brasil-interlagos-2024-f1-classificacao-mclaren-oscar-piastri-01.jpg\" alt=\"\" class=\"wp-image-298154\"\/><figcaption class=\"wp-element-caption\">McLaren inici\u00f3 una nueva ronda de test de Pirelli con Piastri en Paul Ricard. (Foto: McLaren)<\/figcaption><\/figure>\n\n\n\n<p class=\"wp-block-paragraph\">\u23e9\u00a0<em><strong>\u00a1Seguinos en redes por\u00a0<\/strong><\/em><a href=\"https:\/\/twitter.com\/grandepremioES\"><em>Twitter\u00a0<\/em><\/a><em><strong>e\u00a0<\/strong><\/em><a href=\"https:\/\/www.instagram.com\/grandepremioes\/\"><em>Instagram!<\/em><\/a><br>\u23e9\u00a0<em><strong>Adem\u00e1s, tenemos nuestro\u00a0<\/strong><\/em><a href=\"https:\/\/whatsapp.com\/channel\/0029VaDZ5zb0gcfDxuwxBM05\"><em>canal de Whatsapp<\/em><\/a><em><strong>\u00a0con toda la informaci\u00f3n al instante<\/strong><\/em>\u00a0\ud83c\udfc1<\/p>\n\n\n\n<p class=\"wp-block-paragraph\">En cualquier caso, la actividad con Piastri se centr\u00f3 en probar los nuevos neum\u00e1ticos de F1 para 2026, que ser\u00e1n m\u00e1s estrechos tanto delante como detr\u00e1s. Los neum\u00e1ticos delanteros se reducir\u00e1n en 25 mm, mientras que los traseros lo har\u00e1n en 30 mm.<\/p>\n\n\n\n<p class=\"wp-block-paragraph\">La expectativa de la <strong>Federaci\u00f3n Internacional del Autom\u00f3vil (FIA)<\/strong> es que trabajar con neum\u00e1ticos m\u00e1s estrechos ayude a los equipos a ahorrar entre 4 y 5 kg y alcanzar el objetivo de reducir el peso total de los coches en 30 kg, un objetivo fijado por la FIA.<\/p>\n\n\n\n<p class=\"wp-block-paragraph\">Este jueves, McLaren continuar\u00e1 las pruebas con <strong>Lando Norris<\/strong> al volante en Paul Ricard. Esta actividad, en particular, ser\u00e1 espec\u00edfica para los neum\u00e1ticos de lluvia. En febrero, <strong>Ferrari<\/strong> enviar\u00e1 a <strong>Charles Leclerc<\/strong> y <strong>Lewis Hamilton<\/strong> a la pista de <strong>Barcelona<\/strong>, en el circuito de <strong>Catalunya<\/strong>, en una versi\u00f3n modificada del <strong>SF-24<\/strong>.<\/p>\n\n\n\n<p class=\"wp-block-paragraph\">El a\u00f1o pasado, <strong>Felipe Drugovich<\/strong> fue el primer piloto en probar en pista los nuevos compuestos de Pirelli. En aquella ocasi\u00f3n, <strong>Aston Martin<\/strong> envi\u00f3 al brasile\u00f1o a la pista con un <strong>AMR23<\/strong> modificado en Barcelona.<\/p>\n\n\n\n<p class=\"wp-block-paragraph\">La&nbsp;<strong><a href=\"https:\/\/es.grandepremio.com\/f1\/\" target=\"_blank\" rel=\"noreferrer noopener\"><\/a><a href=\"https:\/\/es.grandepremio.com\/f1\/\" target=\"_blank\" rel=\"noreferrer noopener\"><\/a><a href=\"https:\/\/es.grandepremio.com\/f1\/\" target=\"_blank\" rel=\"noreferrer noopener\"><\/a><a href=\"https:\/\/es.grandepremio.com\/f1\/\" target=\"_blank\" rel=\"noreferrer noopener\"><\/a><a href=\"https:\/\/es.grandepremio.com\/f1\/\" target=\"_blank\" rel=\"noreferrer noopener\"><\/a><a href=\"https:\/\/es.grandepremio.com\/f1\/\" target=\"_blank\" rel=\"noreferrer noopener\"><\/a><a href=\"https:\/\/es.grandepremio.com\/f1\/\" target=\"_blank\" rel=\"noreferrer noopener\"><\/a><a href=\"https:\/\/es.grandepremio.com\/f1\/\" target=\"_blank\" rel=\"noreferrer noopener\"><\/a><a href=\"https:\/\/es.grandepremio.com\/f1\/\" target=\"_blank\" rel=\"noreferrer noopener\"><\/a><a href=\"https:\/\/es.grandepremio.com\/f1\/\" target=\"_blank\" rel=\"noreferrer noopener\"><\/a><a href=\"https:\/\/es.grandepremio.com\/f1\/\" target=\"_blank\" rel=\"noreferrer noopener\"><\/a><a href=\"https:\/\/es.grandepremio.com\/f1\/\" target=\"_blank\" rel=\"noreferrer noopener\"><\/a><a href=\"https:\/\/es.grandepremio.com\/f1\/\" target=\"_blank\" rel=\"noreferrer noopener\"><\/a><a href=\"https:\/\/es.grandepremio.com\/f1\/\" target=\"_blank\" rel=\"noreferrer noopener\"><\/a><a href=\"https:\/\/es.grandepremio.com\/f1\/\" target=\"_blank\" rel=\"noreferrer noopener\"><\/a><a href=\"https:\/\/es.grandepremio.com\/f1\/\" target=\"_blank\" rel=\"noreferrer noopener\"><\/a><a href=\"https:\/\/es.grandepremio.com\/f1\/\" target=\"_blank\" rel=\"noreferrer noopener\"><\/a><a href=\"https:\/\/es.grandepremio.com\/f1\/\" target=\"_blank\" rel=\"noreferrer noopener\"><\/a><a href=\"https:\/\/es.grandepremio.com\/f1\/\" target=\"_blank\" rel=\"noreferrer noopener\"><\/a><a href=\"https:\/\/es.grandepremio.com\/f1\/\" target=\"_blank\" rel=\"noreferrer noopener\"><\/a><a href=\"https:\/\/es.grandepremio.com\/f1\/\" target=\"_blank\" rel=\"noreferrer noopener\"><\/a><a href=\"https:\/\/es.grandepremio.com\/f1\/\" target=\"_blank\" rel=\"noreferrer noopener\"><\/a><a href=\"https:\/\/es.grandepremio.com\/f1\/\" target=\"_blank\" rel=\"noreferrer noopener\">F\u00f3rmula 1<\/a><\/strong>&nbsp;se encuentra de vacaciones y volver\u00e1 para las pruebas de pretemporada, previstas en&nbsp;<strong>Bahr\u00e9in&nbsp;<\/strong>entre el 26 y el 28 de febrero. La temporada 2025 comienza con el&nbsp;<strong>Gran Premio de Australia<\/strong>, del 14 al 16 de marzo.<\/p>\n\n\n\n<figure class=\"wp-block-embed is-type-video is-provider-youtube wp-block-embed-youtube wp-embed-aspect-16-9 wp-has-aspect-ratio\"><div class=\"wp-block-embed__wrapper\">\n<iframe loading=\"lazy\" title=\"VARRONE Y SU SUE\u00d1O DE F\u00d3RMULA 1\" width=\"500\" height=\"281\" src=\"https:\/\/www.youtube.com\/embed\/BEZ9Mb11jzo?feature=oembed\" frameborder=\"0\" allow=\"accelerometer; autoplay; clipboard-write; encrypted-media; gyroscope; picture-in-picture; web-share\" referrerpolicy=\"strict-origin-when-cross-origin\" allowfullscreen><\/iframe>\n<\/div><\/figure>\n","protected":false},"excerpt":{"rendered":"<p>El piloto de McLaren complet\u00f3 120 vueltas al circuito de Paul Ricard, en Francia, probando los nuevos neum\u00e1ticos de Pirelli para la temporada 2026 de F\u00f3rmula 1.<\/p>\n","protected":false},"author":0,"featured_media":1010298167,"comment_status":"closed","ping_status":"closed","sticky":false,"template":"","format":"standard","meta":{"42wp_featured_image_caption":"","42wp_featured_image_credits":"","42wp_featured_video":"","42wp_featured_image_hidden":false,"42wp_authors_list":[],"footnotes":""},"categories":[5],"tags":[1710,179,268,5559,269,278,200,520,7930],"42wp_author":[14240],"class_list":["post-9450","post","type-post","status-publish","format-standard","has-post-thumbnail","hentry","category-f1","tag-f1-2025","tag-formula-1","tag-lando-norris","tag-mcl60","tag-mclaren","tag-oscar-piastri","tag-paul-ricard","tag-pirelli","tag-reglamento-2026","42wp_author-ignacio-bogado"],"_links":{"self":[{"href":"https:\/\/grandepremio.com\/es\/wp-json\/wp\/v2\/posts\/9450","targetHints":{"allow":["GET"]}}],"collection":[{"href":"https:\/\/grandepremio.com\/es\/wp-json\/wp\/v2\/posts"}],"about":[{"href":"https:\/\/grandepremio.com\/es\/wp-json\/wp\/v2\/types\/post"}],"replies":[{"embeddable":true,"href":"https:\/\/grandepremio.com\/es\/wp-json\/wp\/v2\/comments?post=9450"}],"version-history":[{"count":0,"href":"https:\/\/grandepremio.com\/es\/wp-json\/wp\/v2\/posts\/9450\/revisions"}],"wp:featuredmedia":[{"embeddable":true,"href":"https:\/\/grandepremio.com\/es\/wp-json\/wp\/v2\/media\/1010298167"}],"wp:attachment":[{"href":"https:\/\/grandepremio.com\/es\/wp-json\/wp\/v2\/media?parent=9450"}],"wp:term":[{"taxonomy":"category","embeddable":true,"href":"https:\/\/grandepremio.com\/es\/wp-json\/wp\/v2\/categories?post=9450"},{"taxonomy":"post_tag","embeddable":true,"href":"https:\/\/grandepremio.com\/es\/wp-json\/wp\/v2\/tags?post=9450"},{"taxonomy":"42wp_author","embeddable":true,"href":"https:\/\/grandepremio.com\/es\/wp-json\/wp\/v2\/42wp_author?post=9450"}],"curies":[{"name":"wp","href":"https:\/\/api.w.org\/{rel}","templated":true}]}}