{"id":9451,"date":"2025-01-30T11:03:43","date_gmt":"2025-01-30T14:03:43","guid":{"rendered":"https:\/\/grandepremio.com\/es\/2025\/01\/30\/bastianini-impresionado-tech3-curiosidad-motogp-2025\/"},"modified":"2025-01-30T11:03:46","modified_gmt":"2025-01-30T14:03:46","slug":"bastianini-impresionado-tech3-curiosidad-motogp-2025","status":"publish","type":"post","link":"https:\/\/grandepremio.com\/es\/motogp\/bastianini-impresionado-tech3-curiosidad-motogp-2025\/","title":{"rendered":"Bastianini dice estar \u00abimpresionado\u00bb por Tech3 y admite curiosidad por MotoGP 2025"},"content":{"rendered":"\n<p class=\"wp-block-paragraph\">Este jueves se ha presentado oficialmente el equipo <strong>Tech3<\/strong>, que es cliente de <strong>KTM<\/strong> en el <strong>Mundial de Motociclismo<\/strong>, con una alineaci\u00f3n completamente renovada de la mano de <strong>Enea Bastianini<\/strong> y <strong>Maverick Vi\u00f1ales<\/strong>, que llegan en el medio de la incertidumbre que ha provocado la crisis financiera del fabricante austr\u00edaco.<\/p>\n\n\n\n<p class=\"wp-block-paragraph\">\ud83d\udfe5&nbsp;<strong><em>\u00a1Todas las novedades te esperan en el canal de&nbsp;<\/em><\/strong><a href=\"https:\/\/www.youtube.com\/@GrandePremioES\"><em>YouTube<\/em><\/a><strong><em>&nbsp;de Grande Pr\u00eamio en Espa\u00f1ol!<\/em><\/strong>&nbsp;\ud83d\udfe8<\/p>\n\n\n\n<p class=\"wp-block-paragraph\">Bastianini admiti\u00f3 que est\u00e1 deseando que empiecen los entrenamientos de pretemporada e incluso se marc\u00f3 un objetivo para cuando pueda rendir a un alto nivel con el nuevo fabricante. Para el italiano, lo importante en estos momentos es entender c\u00f3mo funciona la <strong>RC16<\/strong>.<\/p>\n\n\n\n<p class=\"wp-block-paragraph\"><strong>\u201cTengo mucha curiosidad por esta temporada. Necesito mantener la calma al principio porque es importante entender la moto y el equipo, pero estoy motivado y creo que puedo ser competitivo a partir de la tercera carrera\u201d<\/strong>, dijo el italiano.<\/p>\n\n\n\n<figure class=\"wp-block-embed is-type-video is-provider-youtube wp-block-embed-youtube wp-embed-aspect-16-9 wp-has-aspect-ratio\"><div class=\"wp-block-embed__wrapper\">\n<iframe loading=\"lazy\" title=\"VARRONE Y SU SUE\u00d1O DE F\u00d3RMULA 1\" width=\"500\" height=\"281\" src=\"https:\/\/www.youtube.com\/embed\/BEZ9Mb11jzo?feature=oembed\" frameborder=\"0\" allow=\"accelerometer; autoplay; clipboard-write; encrypted-media; gyroscope; picture-in-picture; web-share\" referrerpolicy=\"strict-origin-when-cross-origin\" allowfullscreen><\/iframe>\n<\/div><\/figure>\n\n\n\n<p class=\"wp-block-paragraph\"><strong>&#8220;Cuando prob\u00e9 la moto, me di cuenta de todo su potencial y es impresionante c\u00f3mo se puede pilotar al l\u00edmite en las curvas, lo r\u00e1pida que es la caja de cambios. As\u00ed que s\u00ed, estoy impresionado\u201d<\/strong>, a\u00f1adi\u00f3.<\/p>\n\n\n\n<p class=\"wp-block-paragraph\">M\u00e1s all\u00e1 de las posibilidades que menciona el ex piloto oficial de<strong> Ducati<\/strong>, lo cierto es que KTM se enfrenta a una lista actualizada de m\u00e1s de 3000 acreedores, la mayor\u00eda de ellos de empleados con obligaciones financieras pendientes.<\/p>\n\n\n\n<p class=\"wp-block-paragraph\">Si bien el grupo <strong>Pierer Mobility<\/strong>, que dirige la empresa, consigui\u00f3 encontrar financiamiento, las deudas ya superan los 2000 millones de euros, debiendo en el proceso frenar parte del desarrollo de la moto de este a\u00f1o.<\/p>\n\n\n\n<p class=\"wp-block-paragraph\">\u23e9&nbsp;<strong><em>\u00a1Seguinos en redes por&nbsp;<\/em><\/strong><a href=\"https:\/\/twitter.com\/grandepremioES\"><em>Twitter&nbsp;<\/em><\/a><strong><em>e&nbsp;<\/em><\/strong><a href=\"https:\/\/www.instagram.com\/grandepremioes\/\"><em>Instagram!<\/em><\/a><br>\u23e9&nbsp;<strong><em>Adem\u00e1s, tenemos nuestro&nbsp;<\/em><\/strong><a href=\"https:\/\/whatsapp.com\/channel\/0029VaDZ5zb0gcfDxuwxBM05\"><em>canal de Whatsapp<\/em><\/a><strong><em>&nbsp;con toda la informaci\u00f3n al instante<\/em><\/strong>&nbsp;\ud83c\udfc1<\/p>\n\n\n\n<p class=\"wp-block-paragraph\">MotoGP volver\u00e1 a ponerse en marcha entre el 5 y el 7 de febrero de 2025 para los primeros tests de pretemporada en Sepang, Malasia. GRANDE PR\u00caMIO ofrecer\u00e1 una cobertura completa del evento.<\/p>\n","protected":false},"excerpt":{"rendered":"<p>Enea Bastianini debutar\u00e1 con el Tech3 en la temporada 2025 de MotoGP y elogi\u00f3 a su nuevo equipo, que tiene una de las KTM de f\u00e1brica. Adem\u00e1s, el piloto italiano admiti\u00f3 que rendir\u00e1 solo a partir de la tercera carrera del a\u00f1o.<\/p>\n","protected":false},"author":0,"featured_media":1010312897,"comment_status":"closed","ping_status":"closed","sticky":false,"template":"","format":"standard","meta":{"42wp_featured_image_caption":"","42wp_featured_image_credits":"","42wp_featured_video":"","42wp_featured_image_hidden":false,"42wp_authors_list":[],"footnotes":""},"categories":[8],"tags":[1340,2058,1381,1391,1764,11353,5301,1528],"42wp_author":[14237],"class_list":["post-9451","post","type-post","status-publish","format-standard","has-post-thumbnail","hentry","category-motogp","tag-ducati","tag-enea-bastianini","tag-ktm","tag-maverick-vinales","tag-mundial-de-motociclismo","tag-pierer-mobility","tag-rc16","tag-tech3","42wp_author-gabriel-garcia"],"_links":{"self":[{"href":"https:\/\/grandepremio.com\/es\/wp-json\/wp\/v2\/posts\/9451","targetHints":{"allow":["GET"]}}],"collection":[{"href":"https:\/\/grandepremio.com\/es\/wp-json\/wp\/v2\/posts"}],"about":[{"href":"https:\/\/grandepremio.com\/es\/wp-json\/wp\/v2\/types\/post"}],"replies":[{"embeddable":true,"href":"https:\/\/grandepremio.com\/es\/wp-json\/wp\/v2\/comments?post=9451"}],"version-history":[{"count":0,"href":"https:\/\/grandepremio.com\/es\/wp-json\/wp\/v2\/posts\/9451\/revisions"}],"wp:featuredmedia":[{"embeddable":true,"href":"https:\/\/grandepremio.com\/es\/wp-json\/wp\/v2\/media\/1010312897"}],"wp:attachment":[{"href":"https:\/\/grandepremio.com\/es\/wp-json\/wp\/v2\/media?parent=9451"}],"wp:term":[{"taxonomy":"category","embeddable":true,"href":"https:\/\/grandepremio.com\/es\/wp-json\/wp\/v2\/categories?post=9451"},{"taxonomy":"post_tag","embeddable":true,"href":"https:\/\/grandepremio.com\/es\/wp-json\/wp\/v2\/tags?post=9451"},{"taxonomy":"42wp_author","embeddable":true,"href":"https:\/\/grandepremio.com\/es\/wp-json\/wp\/v2\/42wp_author?post=9451"}],"curies":[{"name":"wp","href":"https:\/\/api.w.org\/{rel}","templated":true}]}}