{"id":9466,"date":"2025-01-29T12:33:47","date_gmt":"2025-01-29T15:33:47","guid":{"rendered":"https:\/\/grandepremio.com\/es\/2025\/01\/29\/montoya-ataca-fia-guerra-insultos-f1\/"},"modified":"2025-01-29T12:33:51","modified_gmt":"2025-01-29T15:33:51","slug":"montoya-ataca-fia-guerra-insultos-f1","status":"publish","type":"post","link":"https:\/\/grandepremio.com\/es\/f1\/montoya-ataca-fia-guerra-insultos-f1\/","title":{"rendered":"Montoya ataca a FIA por la guerra de insultos en F1: \u00ab\u00bfQuieren ver pilotos o princesitas?\u00bb"},"content":{"rendered":"\n<p class=\"wp-block-paragraph\">La <strong>Federaci\u00f3n Internacional de Automovilismo (FIA)<\/strong> ha endurecido sus sanciones por comportamiento y posturas e incluso podr\u00eda restar puntos a los pilotos que digan insultos durante un fin de semana de carreras. El ex piloto de <strong>F\u00f3rmula 1<\/strong>, <strong>Juan Pablo Montoya<\/strong>, se ha manifestado en contra de esta directiva. Adem\u00e1s de cuestionar la necesidad de la norma, el colombiano dijo que los competidores necesitan m\u00e1s libertad para mostrar su personalidad.<\/p>\n\n\n\n<p class=\"wp-block-paragraph\">En <strong>2024<\/strong>, <strong>Max Verstappen<\/strong> y <strong>Charles Leclerc<\/strong> fueron sancionados por insultar durante la rueda de prensa de F1. Mientras que el monegasco fue multado con <strong>10.000 euros<\/strong>, el tetracampe\u00f3n tuvo que realizar servicios comunitarios en <strong>Ruanda<\/strong>.<\/p>\n\n\n\n<p class=\"wp-block-paragraph\">Pero la FIA ha decidido endurecer los castigos por mal comportamiento y la semana pasada public\u00f3 el c\u00f3digo deportivo para las competiciones. Los ejemplos de mal comportamiento, seg\u00fan la FIA, figuran en el art\u00edculo 12.2.1 del c\u00f3digo deportivo. Se establece una multa de <strong>10.000 euros<\/strong> en la primera incidencia por \u00abutilizar palabras, acciones o escritos que causen un da\u00f1o moral o una p\u00e9rdida a la FIA, sus \u00f3rganos y ejecutivos, m\u00e1s concretamente en los intereses del deporte del motor y en los valores defendidos por la Federaci\u00f3n\u00bb, \u00abmala conducta\u00bb, \u00abmanifestaciones pol\u00edticas y religiosas\u00bb, \u00abfalta de respeto a las instrucciones sobre la participaci\u00f3n en ceremonias oficiales\u00bb.<\/p>\n\n\n\n<p class=\"wp-block-paragraph\">\ud83d\udfe5&nbsp;<em><strong>\u00a1Todas las novedades te esperan en el canal de&nbsp;<\/strong><\/em><a href=\"https:\/\/www.youtube.com\/@GrandePremioES\"><em>YouTube<\/em><\/a><em><strong>&nbsp;de Grande Pr\u00eamio en Espa\u00f1ol!<\/strong><\/em>&nbsp;\ud83d\udfe8<\/p>\n\n\n\n<figure class=\"wp-block-image size-full\"><img decoding=\"async\" src=\"https:\/\/grandepremio.com\/es\/wp-content\/uploads\/..\/gp_br_uploads\/2024\/12\/Mohammed-Ben-Sulayem.jpg\" alt=\"\" class=\"wp-image-308758\"\/><figcaption class=\"wp-element-caption\">La FIA sigue recibiendo cr\u00edticas sobre la modificaci\u00f3n del C\u00f3digo Deportivo Internacional. (Foto: AFP)<\/figcaption><\/figure>\n\n\n\n<p class=\"wp-block-paragraph\">\u23e9\u00a0<em><strong>\u00a1Seguinos en redes por\u00a0<\/strong><\/em><a href=\"https:\/\/twitter.com\/grandepremioES\"><em>Twitter\u00a0<\/em><\/a><em><strong>e\u00a0<\/strong><\/em><a href=\"https:\/\/www.instagram.com\/grandepremioes\/\"><em>Instagram!<\/em><\/a><br>\u23e9\u00a0<em><strong>Adem\u00e1s, tenemos nuestro\u00a0<\/strong><\/em><a href=\"https:\/\/whatsapp.com\/channel\/0029VaDZ5zb0gcfDxuwxBM05\"><em>canal de Whatsapp<\/em><\/a><em><strong>\u00a0con toda la informaci\u00f3n al instante<\/strong><\/em>\u00a0\ud83c\udfc1<\/p>\n\n\n\n<p class=\"wp-block-paragraph\">Sin embargo, el reglamento tambi\u00e9n establece que estas multas pueden cuadruplicarse cuando se trata de la F\u00f3rmula 1, alcanzando los <strong>40.000 euros<\/strong>. Una segunda infracci\u00f3n dar\u00e1 lugar a una multa de <strong>80.000 euros<\/strong> y a un mes de suspensi\u00f3n, mientras que una tercera supondr\u00e1 una multa de <strong>120.000 euros<\/strong> y una deducci\u00f3n de puntos en el campeonato.<\/p>\n\n\n\n<p class=\"wp-block-paragraph\">Montoya, conocido por sus fuertes opiniones, critic\u00f3 la decisi\u00f3n de la FIA y, adem\u00e1s de afirmar que ser\u00eda expulsado r\u00e1pidamente del deporte, cuestion\u00f3 que la F1 est\u00e9 realmente de acuerdo con la decisi\u00f3n tomada por el organismo regulador.<\/p>\n\n\n\n<p class=\"wp-block-paragraph\">\u00abMe echar\u00edan de este deporte muy r\u00e1pidamente. Hemos crecido de forma muy diferente. No s\u00f3lo yo, sino todo el mundo, era un deporte muy tradicional y ahora es un poco diferente\u00bb, declar\u00f3.<\/p>\n\n\n\n<p class=\"wp-block-paragraph\">\u00ab\u00bfQuieres ver las personalidades de los pilotos o quieres ver princesitas? \u00bfEs eso lo que quiere la F1 o lo que quiere la FIA? Si decir palabrotas es realmente tan malo para la F1, \u00bfpor qu\u00e9 las emiten? Esto es parecido a lo que est\u00e1 haciendo <strong>[Donald] Trump<\/strong> con sus decretos [en <strong>Estados Unidos<\/strong>]. Entiendo lo que la FIA est\u00e1 tratando de hacer, pero hay que tener cuidado\u00bb, concluy\u00f3.<\/p>\n\n\n\n<p class=\"wp-block-paragraph\">La&nbsp;<strong><a href=\"https:\/\/es.grandepremio.com\/f1\/\" target=\"_blank\" rel=\"noreferrer noopener\"><\/a><a href=\"https:\/\/es.grandepremio.com\/f1\/\" target=\"_blank\" rel=\"noreferrer noopener\"><\/a><a href=\"https:\/\/es.grandepremio.com\/f1\/\" target=\"_blank\" rel=\"noreferrer noopener\"><\/a><a href=\"https:\/\/es.grandepremio.com\/f1\/\" target=\"_blank\" rel=\"noreferrer noopener\"><\/a><a href=\"https:\/\/es.grandepremio.com\/f1\/\" target=\"_blank\" rel=\"noreferrer noopener\"><\/a><a href=\"https:\/\/es.grandepremio.com\/f1\/\" target=\"_blank\" rel=\"noreferrer noopener\"><\/a><a href=\"https:\/\/es.grandepremio.com\/f1\/\" target=\"_blank\" rel=\"noreferrer noopener\"><\/a><a href=\"https:\/\/es.grandepremio.com\/f1\/\" target=\"_blank\" rel=\"noreferrer noopener\"><\/a><a href=\"https:\/\/es.grandepremio.com\/f1\/\" target=\"_blank\" rel=\"noreferrer noopener\"><\/a><a href=\"https:\/\/es.grandepremio.com\/f1\/\" target=\"_blank\" rel=\"noreferrer noopener\"><\/a><a href=\"https:\/\/es.grandepremio.com\/f1\/\" target=\"_blank\" rel=\"noreferrer noopener\"><\/a><a href=\"https:\/\/es.grandepremio.com\/f1\/\" target=\"_blank\" rel=\"noreferrer noopener\"><\/a><a href=\"https:\/\/es.grandepremio.com\/f1\/\" target=\"_blank\" rel=\"noreferrer noopener\"><\/a><a href=\"https:\/\/es.grandepremio.com\/f1\/\" target=\"_blank\" rel=\"noreferrer noopener\"><\/a><a href=\"https:\/\/es.grandepremio.com\/f1\/\" target=\"_blank\" rel=\"noreferrer noopener\"><\/a><a href=\"https:\/\/es.grandepremio.com\/f1\/\" target=\"_blank\" rel=\"noreferrer noopener\"><\/a><a href=\"https:\/\/es.grandepremio.com\/f1\/\" target=\"_blank\" rel=\"noreferrer noopener\"><\/a><a href=\"https:\/\/es.grandepremio.com\/f1\/\" target=\"_blank\" rel=\"noreferrer noopener\"><\/a><a href=\"https:\/\/es.grandepremio.com\/f1\/\" target=\"_blank\" rel=\"noreferrer noopener\"><\/a><a href=\"https:\/\/es.grandepremio.com\/f1\/\" target=\"_blank\" rel=\"noreferrer noopener\"><\/a><a href=\"https:\/\/es.grandepremio.com\/f1\/\" target=\"_blank\" rel=\"noreferrer noopener\"><\/a><a href=\"https:\/\/es.grandepremio.com\/f1\/\" target=\"_blank\" rel=\"noreferrer noopener\"><\/a><a href=\"https:\/\/es.grandepremio.com\/f1\/\" target=\"_blank\" rel=\"noreferrer noopener\">F\u00f3rmula 1<\/a><\/strong>&nbsp;se encuentra de vacaciones y volver\u00e1 para las pruebas de pretemporada, previstas en&nbsp;<strong>Bahr\u00e9in&nbsp;<\/strong>entre el 26 y el 28 de febrero. La temporada 2025 comienza con el&nbsp;<strong>Gran Premio de Australia<\/strong>, del 14 al 16 de marzo.<\/p>\n\n\n\n<figure class=\"wp-block-embed is-type-video is-provider-youtube wp-block-embed-youtube wp-embed-aspect-16-9 wp-has-aspect-ratio\"><div class=\"wp-block-embed__wrapper\">\n<iframe loading=\"lazy\" title=\"VARRONE Y SU SUE\u00d1O DE F\u00d3RMULA 1\" width=\"500\" height=\"281\" src=\"https:\/\/www.youtube.com\/embed\/BEZ9Mb11jzo?feature=oembed\" frameborder=\"0\" allow=\"accelerometer; autoplay; clipboard-write; encrypted-media; gyroscope; picture-in-picture; web-share\" referrerpolicy=\"strict-origin-when-cross-origin\" allowfullscreen><\/iframe>\n<\/div><\/figure>\n","protected":false},"excerpt":{"rendered":"<p>Juan Pablo Montoya no est\u00e1 de acuerdo con la decisi\u00f3n de la Federaci\u00f3n Internacional de Automovilismo de endurecer los castigos por insultar durante las carreras.<\/p>\n","protected":false},"author":0,"featured_media":1010307561,"comment_status":"closed","ping_status":"closed","sticky":false,"template":"","format":"standard","meta":{"42wp_featured_image_caption":"","42wp_featured_image_credits":"","42wp_featured_video":"","42wp_featured_image_hidden":false,"42wp_authors_list":[],"footnotes":""},"categories":[5],"tags":[247,1710,263,179,1350,249,1930],"42wp_author":[14240],"class_list":["post-9466","post","type-post","status-publish","format-standard","has-post-thumbnail","hentry","category-f1","tag-charles-leclerc","tag-f1-2025","tag-fia","tag-formula-1","tag-juan-pablo-montoya","tag-max-verstappen","tag-mohammed-ben-sulayem","42wp_author-ignacio-bogado"],"_links":{"self":[{"href":"https:\/\/grandepremio.com\/es\/wp-json\/wp\/v2\/posts\/9466","targetHints":{"allow":["GET"]}}],"collection":[{"href":"https:\/\/grandepremio.com\/es\/wp-json\/wp\/v2\/posts"}],"about":[{"href":"https:\/\/grandepremio.com\/es\/wp-json\/wp\/v2\/types\/post"}],"replies":[{"embeddable":true,"href":"https:\/\/grandepremio.com\/es\/wp-json\/wp\/v2\/comments?post=9466"}],"version-history":[{"count":0,"href":"https:\/\/grandepremio.com\/es\/wp-json\/wp\/v2\/posts\/9466\/revisions"}],"wp:featuredmedia":[{"embeddable":true,"href":"https:\/\/grandepremio.com\/es\/wp-json\/wp\/v2\/media\/1010307561"}],"wp:attachment":[{"href":"https:\/\/grandepremio.com\/es\/wp-json\/wp\/v2\/media?parent=9466"}],"wp:term":[{"taxonomy":"category","embeddable":true,"href":"https:\/\/grandepremio.com\/es\/wp-json\/wp\/v2\/categories?post=9466"},{"taxonomy":"post_tag","embeddable":true,"href":"https:\/\/grandepremio.com\/es\/wp-json\/wp\/v2\/tags?post=9466"},{"taxonomy":"42wp_author","embeddable":true,"href":"https:\/\/grandepremio.com\/es\/wp-json\/wp\/v2\/42wp_author?post=9466"}],"curies":[{"name":"wp","href":"https:\/\/api.w.org\/{rel}","templated":true}]}}